{"id":738273,"date":"2026-08-30T08:33:20","date_gmt":"2026-08-30T08:33:20","guid":{"rendered":"https:\/\/www.europesays.com\/es\/738273\/"},"modified":"2026-08-30T08:33:20","modified_gmt":"2026-08-30T08:33:20","slug":"mercado-de-oro-para-el-barca","status":"publish","type":"post","link":"https:\/\/www.europesays.com\/es\/738273\/","title":{"rendered":"Mercado de oro para el Bar\u00e7a"},"content":{"rendered":"<p class=\"ft-text\">El <strong>Bar\u00e7a <\/strong>encara los \u00faltimos d\u00edas de mercado con varias operaciones todav\u00eda por cerrar, pero con una fotograf\u00eda econ\u00f3mica ya muy relevante. Si se completan las salidas que tiene encarriladas y <a class=\"ft-link ft-link--decoration\" href=\"https:\/\/www.sport.es\/es\/noticias\/opinion\/respeto-marc-casado-133716308\" rel=\"nofollow noopener\" target=\"_blank\">Marc Casad\u00f3 termina siendo traspasado por una cantidad cercana a los 20 millones de euros<\/a>, <strong>la cifra se mover\u00e1 alrededor de los 120 millones de ingresos durante este verano<\/strong>, sumando ventas directas, porcentajes sobre antiguos jugadores y mecanismos de solidaridad. No se trata del balance entre compras y ventas, sino exclusivamente del dinero generado por las salidas.<\/p>\n<p><img decoding=\"async\" src=\"https:\/\/www.europesays.com\/es\/wp-content\/uploads\/2026\/08\/820d0d2a-f7bc-4163-9cd9-b13c0e8fb649_alta-libre-aspect-ratio_default_0_x600y225.jpg\" width=\"1200\" height=\"675\" alt=\"Ferran Torres, en un entrenamiento con el PSG\" class=\"ft-helper-img-rd\" loading=\"lazy\" fetchpriority=\"auto\"\/><\/p>\n<p class=\"ft-helper-fontColor-quaternary ft-helper-fontSize-body-S ft-helper-spacer-t-xxs\">Ferran Torres, en un entrenamiento con el PSG  \/ @psg_inside<\/p>\n<p class=\"ft-text\"><a class=\"ft-link ft-link--decoration\" href=\"https:\/\/www.sport.es\/es\/noticias\/barca\/ferran-torres-venta-cara-barca-dembele-psg-133342064\" rel=\"nofollow noopener\" target=\"_blank\">La gran operaci\u00f3n ha sido la de Ferran Torres, traspasado al PSG por unos 48,5 millones de euros<\/a>. El valenciano representa pr\u00e1cticamente la mitad de los ingresos directos. <strong>El resto procede en gran medida de La Masia, que supera el cincuenta por ciento del total<\/strong>: Ansu Fati dej\u00f3 alrededor de 11 millones, los mismos que Tommy Marqu\u00e9s, mientras que I\u00f1aki Pe\u00f1a aport\u00f3 otros tres. A estas cantidades se a\u00f1aden operaciones menores como las de Dani Rodr\u00edguez, unos 600.000 euros, y Andr\u00e9s Cuenca, alrededor de 700.000.<\/p>\n<p>La Masia es una mina <\/p>\n<p class=\"ft-text\">Y todav\u00eda falta una parte importante. <a class=\"ft-link ft-link--decoration\" href=\"https:\/\/www.sport.es\/es\/noticias\/barca\/hector-fort-paso-real-sociedad-133677349\" rel=\"nofollow noopener\" target=\"_blank\">H\u00e9ctor Fort se marcha a la Real Sociedad por unos 8,5 millones<\/a>, \u00c1lvaro Cort\u00e9s dejar\u00e1 algo m\u00e1s de tres millones y <strong>Toni Fern\u00e1ndez<\/strong>, con su salida al <strong>Venezia<\/strong>, alrededor de cuatro. Si adem\u00e1s se concreta la venta de Casad\u00f3 por los aproximadamente 20 millones que el Bar\u00e7a se ha marcado como objetivo durante el verano, los ingresos por traspasos directos quedar\u00edan en el entorno de los 110 millones de euros.<\/p>\n<p><img decoding=\"async\" src=\"https:\/\/www.europesays.com\/es\/wp-content\/uploads\/2026\/08\/1788078798_205_62f06c0a-115e-4686-9c87-91f1fe0b1f0f_alta-libre-aspect-ratio_default_0_x1000y444.jpg\" width=\"1200\" height=\"800\" alt=\"Casad\u00f3 est\u00e1 en la rampa de salida\" class=\"ft-helper-img-rd\" loading=\"lazy\" fetchpriority=\"auto\"\/><\/p>\n<p class=\"ft-helper-fontColor-quaternary ft-helper-fontSize-body-S ft-helper-spacer-t-xxs\">Casad\u00f3 est\u00e1 en la rampa de salida  \/ Dani Barbeito \/ SPO<\/p>\n<p class=\"ft-text\">Eso convertir\u00eda este mercado en el m\u00e1s prol\u00edfico en ventas desde que <strong>Joan Laporta<\/strong> regres\u00f3 a la presidencia en 2021. La comparaci\u00f3n debe hacerse con el dinero realmente atribuido al Bar\u00e7a en cada ventana, no con cifras que incorporan cobros posteriores. En 2023, el club contabiliz\u00f3 81,5 millones: <strong>Demb\u00e9l\u00e9 dej\u00f3 35,4 de los 50,4 pagados por el PSG, porque 15 correspond\u00edan al jugador y sus representantes<\/strong>, mientras que tambi\u00e9n entraron cantidades por Griezmann, Trincao, Kessi\u00e9, Nico Gonz\u00e1lez y Abde.<\/p>\n<p class=\"ft-text\"><a class=\"ft-link ft-link--decoration\" href=\"https:\/\/www.sport.es\/es\/noticias\/barca\/oficial-jofre-torrents-marcha-traspasado-133121956\" rel=\"nofollow noopener\" target=\"_blank\">En la suma actual no aparece Jofre Torrents<\/a>. Su salida al <strong>Ajax <\/strong>puede terminar dejando alrededor de cinco o seis millones, pero buena parte de esa cantidad est\u00e1 vinculada al cumplimiento de variables. Contabilizarla ahora como un ingreso asegurado servir\u00eda para inflar artificialmente el balance. Lo mismo sucede con otros bonus incluidos en distintas operaciones, que solo deber\u00e1n a\u00f1adirse cuando realmente se devenguen.<\/p>\n<p>Dinero en diferido <\/p>\n<p class=\"ft-text\">El Bar\u00e7a tambi\u00e9n est\u00e1 haciendo caja sin vender directamente a futbolistas de la actual plantilla. <a class=\"ft-link ft-link--decoration\" href=\"https:\/\/www.sport.es\/es\/noticias\/laliga\/oficial-jan-virgili-deja-pellizco-133191940\" rel=\"nofollow noopener\" target=\"_blank\">El traspaso de Jan Virgili del Mallorca al Brujas deja cerca de 4,8 millones gracias al porcentaje de futura venta que conservaba el club<\/a>. A eso se suman otros cuatro millones por los mecanismos de solidaridad derivados de movimientos protagonizados por antiguos canteranos como <strong>Nico Gonz\u00e1lez<\/strong>, <strong>Marc Cucurella<\/strong>, <strong>Alejandro Grimaldo<\/strong> o <strong>Sergi Altimira<\/strong>. Incluso podr\u00eda a\u00f1adirse una cantidad menor si termina cristalizando el traspaso de Marc Guiu o Mateu Morey.<\/p>\n<p><img decoding=\"async\" src=\"https:\/\/www.europesays.com\/es\/wp-content\/uploads\/2026\/08\/c37fbe4c-eaff-4e13-9db1-1f777e45d0fc_alta-libre-aspect-ratio_default_0_x640y240.jpg\" width=\"1200\" height=\"675\" alt=\"Grimaldo: &quot;Cumplo un sue\u00f1o que llevo persiguiendo muchos a\u00f1os&quot;\" class=\"ft-helper-img-rd\" loading=\"lazy\" fetchpriority=\"auto\"\/><\/p>\n<p class=\"ft-helper-fontColor-quaternary ft-helper-fontSize-body-S ft-helper-spacer-t-xxs\">Grimaldo, futbolista del Atl\u00e9tico de Madrid con pasado blaugrana  \/ ATM<\/p>\n<p class=\"ft-text\">De ah\u00ed que el balance global pueda acercarse a los 120 millones de euros, pero conviene separar las dos cajas. <strong>Una corresponde a los aproximadamente 110 millones que dejar\u00edan los traspasos efectuados por el Bar\u00e7a este verano<\/strong>; la otra, a unos nueve millones adicionales procedentes de porcentajes de futuras ventas y derechos de solidaridad activados ahora por movimientos entre otros clubes. Ese segundo dinero pertenece econ\u00f3micamente a este verano, aunque tenga su origen en decisiones de a\u00f1os atr\u00e1s.<\/p>\n<p class=\"ft-text\">El Bar\u00e7a est\u00e1, as\u00ed, en disposici\u00f3n de firmar el mejor mercado vendedor de la segunda etapa de Laporta, siempre que culminen las operaciones pendientes en las cantidades previstas. Y lo har\u00eda, adem\u00e1s, con <a class=\"ft-link ft-link--decoration\" href=\"https:\/\/www.sport.es\/es\/noticias\/barca\/mina-oro-barca-caja-jovenes-126104978\" rel=\"nofollow noopener\" target=\"_blank\">una participaci\u00f3n enorme de La Masia: m\u00e1s de la mitad de los ingresos tendr\u00eda relaci\u00f3n directa o indirecta<\/a> con futbolistas formados en el club, ya sea mediante ventas propias, porcentajes conservados o mecanismos de solidaridad<\/p>\n<p><img decoding=\"async\" src=\"https:\/\/www.europesays.com\/es\/wp-content\/uploads\/2026\/08\/1788078800_675_ff1b87b8-cd08-4f32-8b7f-983b9a10e4cc_alta-libre-aspect-ratio_default_0_x1000y416.jpg\" width=\"1200\" height=\"750\" alt=\"Deco, director deportivo del Bar\u00e7a\" class=\"ft-helper-img-rd\" loading=\"lazy\" fetchpriority=\"auto\"\/><\/p>\n<p class=\"ft-helper-fontColor-quaternary ft-helper-fontSize-body-S ft-helper-spacer-t-xxs\">Deco, director deportivo del Bar\u00e7a  \/ FC Barcelona<\/p>\n<p class=\"ft-text\">Tambi\u00e9n conviene separar los ingresos de mercado del alivio que han supuesto determinadas salidas en t\u00e9rminos de masa salarial. El final de contrato de Lewandowski y las <strong>cesiones de Ter Stegen y Araujo<\/strong> no han dejado dinero en caja en forma de traspaso, pero s\u00ed han liberado una cantidad muy importante de salario. Es otra de las claves de un verano en el que el Bar\u00e7a no solo ha buscado recaudar, sino ganar margen para inscribir.<\/p>\n<p>Dinero a futuro <\/p>\n<p class=\"ft-text\">La estrategia este verano tambi\u00e9n deber\u00e1 juzgarse en el futuro porque en muchas operaciones, el club ha intentado conservar una parte de un posterior traspaso, opciones de recompra o variables por objetivos, una f\u00f3rmula que explica que salidas aparentemente menores generen ingresos con el paso del tiempo. <strong>El caso de Jan Virgili es el mejor ejemplo, con esos 4,8 millones ingresados cuando el Brujas decidi\u00f3 pagar su cl\u00e1usula de rescisi\u00f3n<\/strong>.<\/p>\n","protected":false},"excerpt":{"rendered":"El Bar\u00e7a encara los \u00faltimos d\u00edas de mercado con varias operaciones todav\u00eda por cerrar, pero con una fotograf\u00eda&hellip;\n","protected":false},"author":2,"featured_media":738274,"comment_status":"","ping_status":"","sticky":false,"template":"","format":"standard","meta":{"footnotes":""},"categories":[268],"tags":[22887,2296,168,25,24,881,23624,280,282,1239,3371,281,23,167],"class_list":["post-738273","post","type-post","status-publish","format-standard","has-post-thumbnail","category-futbol","tag-ansu-fati","tag-barca","tag-deportes","tag-es","tag-espana","tag-fc-barcelona","tag-ferran-torres","tag-football","tag-futbol","tag-mercado","tag-oro","tag-soccer","tag-spain","tag-sports"],"share_on_mastodon":{"url":"https:\/\/pubeurope.com\/@es\/117183539467898588","error":""},"_links":{"self":[{"href":"https:\/\/www.europesays.com\/es\/wp-json\/wp\/v2\/posts\/738273","targetHints":{"allow":["GET"]}}],"collection":[{"href":"https:\/\/www.europesays.com\/es\/wp-json\/wp\/v2\/posts"}],"about":[{"href":"https:\/\/www.europesays.com\/es\/wp-json\/wp\/v2\/types\/post"}],"author":[{"embeddable":true,"href":"https:\/\/www.europesays.com\/es\/wp-json\/wp\/v2\/users\/2"}],"replies":[{"embeddable":true,"href":"https:\/\/www.europesays.com\/es\/wp-json\/wp\/v2\/comments?post=738273"}],"version-history":[{"count":0,"href":"https:\/\/www.europesays.com\/es\/wp-json\/wp\/v2\/posts\/738273\/revisions"}],"wp:featuredmedia":[{"embeddable":true,"href":"https:\/\/www.europesays.com\/es\/wp-json\/wp\/v2\/media\/738274"}],"wp:attachment":[{"href":"https:\/\/www.europesays.com\/es\/wp-json\/wp\/v2\/media?parent=738273"}],"wp:term":[{"taxonomy":"category","embeddable":true,"href":"https:\/\/www.europesays.com\/es\/wp-json\/wp\/v2\/categories?post=738273"},{"taxonomy":"post_tag","embeddable":true,"href":"https:\/\/www.europesays.com\/es\/wp-json\/wp\/v2\/tags?post=738273"}],"curies":[{"name":"wp","href":"https:\/\/api.w.org\/{rel}","templated":true}]}}