{"id":738283,"date":"2026-08-30T08:42:28","date_gmt":"2026-08-30T08:42:28","guid":{"rendered":"https:\/\/www.europesays.com\/es\/738283\/"},"modified":"2026-08-30T08:42:28","modified_gmt":"2026-08-30T08:42:28","slug":"el-vestido-de-hace-20-anos-con-el-que-amal-clooney-ha-eclipsado-a-todos-en-el-lago-de-como-una-creacion-del-disenador-de-alta-costura-que-esta-a-punto-de-revolucionar-zara","status":"publish","type":"post","link":"https:\/\/www.europesays.com\/es\/738283\/","title":{"rendered":"El vestido de hace 20 a\u00f1os con el que Amal Clooney ha eclipsado a todos en el Lago de Como: una creaci\u00f3n del dise\u00f1ador de alta costura que est\u00e1 a punto de revolucionar Zara"},"content":{"rendered":"<p id=\"e-4z3f9dy2\" data-wc=\"181\">Hay prendas que trascienden m\u00e1s que una temporada y, d\u00e9cadas despu\u00e9s, encuentran una nueva manera de ser relevantes. Y no, no estamos hablando de la eterna camiseta blanca, el\u00a0little black dress o <a class=\"hm-link ho-link\" href=\"https:\/\/www.hola.com\/moda\/20260829920638\/alice-campello-look-leganes-vaqueros-favoritos-victoria-beckham-bolso-exotico-lady-dior\/\" data-mrf-recirculation=\"article-body-link\" rel=\"nofollow noopener\" target=\"_blank\">los vaqueros perfectos<\/a>, que si bien son b\u00e1sicos cuyo valor perdurar\u00e1 toda la vida, no contienen en su historia un elemento clave para entrar en esta categor\u00eda:<strong>\u00a0la magia de la pasarela<\/strong>. Nos referimos a piezas concebidas por y para el espect\u00e1culo y el arte que implica llevar a cabo y presentar una colecci\u00f3n, y si bien esta debe ser -en mayor o menor medida- ponible, lo m\u00e1s importante es que transmita a los espectadores la filosof\u00eda de la marca y los sumerja en un universo inequ\u00edvoco. \u00bfNecesitas ejemplos? El m\u00e1s reciente estilismo de <a class=\"hm-link ho-link\" href=\"https:\/\/www.hola.com\/actualidad\/20260514901500\/amal-george-clooney-confesion-hijos\/\" data-mrf-recirculation=\"article-body-link\" rel=\"nofollow noopener\" target=\"_blank\">Amal Clooney<\/a> es uno de esos casos excepcionales. Para asistir a la exclusiva cena ben\u00e9fica que organiz\u00f3 esta pasada semana en su propia villa italiana, la abogada y activista apost\u00f3 por<strong>\u00a0un vestido de archivo de John Galliano, el genio de la alta costura que vuelve a estar en boca de todos este 2026<\/strong>.<\/p>\n<p>Te recomendamosSeguir leyendo<br \/>\n <img src=\"https:\/\/www.europesays.com\/es\/wp-content\/uploads\/2026\/08\/8c17d97d6931-felconfidencialcom2foriginal2f5ab2f7a02f1bb2f5ab7a01bbf9147e0ab161f98edd4.jpg\"   width=\"1024\" height=\"768\" loading=\"lazy\" decoding=\"async\" alt=\"Amal lleva un vestido de archivo firmado por Galliano. \" fetchpriority=\"auto\" class=\"image ho-image\"\/>\u00a9 @angelapearlastrologyAmal luce un vestido de archivo firmado por John Galliano durante su etapa en Dior<br \/>\nAmal Clooney rescata un vestido lencero de hace 20 a\u00f1os para su velada solidaria a orillas del Lago de Como<\/p>\n<p id=\"eIQLUutuA3\" data-wc=\"68\">La ocasi\u00f3n que motiv\u00f3 este despliegue de elegancia vintage fue una cena de recaudaci\u00f3n de fondos para la Clooney Foundation for Justice, que preside el matrimonio y para la que organizar diversas citas en todas partes del mundo, incluyendo su propio hogar. El evento en cuesti\u00f3n se celebr\u00f3 a finales de agosto en los majestuosos jardines de la impresionante Villa Passalacqua, situada a orillas del Lago de Como.\u00a0<\/p>\n<p id=\"efoXpJHyLqf\" data-wc=\"79\">Amal, coanfitriona del encuentro, lleg\u00f3 enfundada en un original vestido de seda negro, siempre bien acompa\u00f1ada por su esposo, el c\u00e9lebre actor George Clooney, quien pos\u00f3 sonriente con un traje sastre en color gris claro. Y decimos \u00aboriginal\u00bb porque no se trata de cualquier lencero de escote cruzado en pico, con tirantes espagueti y ca\u00edda delicada sobre el cuerpo. Este slip dress contiene en su dise\u00f1o mucho m\u00e1s, y cualquier experta en moda puede identificar al momento su procedencia.<\/p>\n<p> <img src=\"https:\/\/www.europesays.com\/es\/wp-content\/uploads\/2026\/08\/9ca72cb94cb2-felconfidencialcom2foriginal2f73d2f4332f37b2f73d43337bb624abac98170f7d430.jpg\"   width=\"682\" height=\"1024\" loading=\"lazy\" decoding=\"async\" alt=\"La pareja posa con miembros de la fundaci\u00f3n.\" fetchpriority=\"auto\" class=\"image ho-image\"\/>\u00a9 @angelapearlastrologyAmal y George posan con Angela Pearl, astr\u00f3loga de los famosos, durante la cena organizada por su fundaci\u00f3n<br \/>\nUn dise\u00f1o de casi 8.000 euros rescatado de los archivos<\/p>\n<p id=\"emWZNCVAoo\" data-wc=\"125\">Para esta cita tan especial, Amal eligi\u00f3 un vestido negro de inspiraci\u00f3n lencera que pertenece a<strong>\u00a0la colecci\u00f3n Oto\u00f1o\/Invierno 2004-2005 firmada por John Galliano<\/strong>, entonces director creativo de Christian Dior. A lo largo del cuerpo de la prenda, sobre un panel de tejido de malla brocado, unas sutiles flores bordadas aportan romanticismo, mientras que un gran lazo de terciopelo en tono verde oliva se posiciona en un lateral del abdomen -en l\u00ednea con los dos de color negro que adornan los tirantes-, captando la atenci\u00f3n a simple vista. Aunque la versi\u00f3n de pasarela incluye un chal tipo mant\u00f3n de Manila, tambi\u00e9n en seda negra y bordada con los mismos detalles, la abogada prefiri\u00f3 llevar el vestido en solitario y que este hablase por s\u00ed solo.<\/p>\n<p id=\"ezjGm7SD9Hz\" data-wc=\"49\">Lo m\u00e1s seguro es que lo adquiriera a trav\u00e9s de un coleccionista, pues son escasos los ejemplares que existen de este modelo concreto. En internet, se encuentra uno solo, m\u00e1s espec\u00edficamente en el sitio de subastas de art\u00edculos de lujo 1st Dibs, donde tiene <strong>un precio de 7.700 euros<\/strong>.\u00a0<\/p>\n<p> <img src=\"https:\/\/www.europesays.com\/es\/wp-content\/uploads\/2026\/08\/4141514c5f07-snapinsta-amal2.jpg\"   width=\"768\" height=\"1024\" loading=\"lazy\" decoding=\"async\" alt=\"Amal Clooney recupera un vestido de archivo de John Galliano y se convierte en la protagonista de la noche\" fetchpriority=\"auto\" class=\"image ho-image\"\/>\u00a9 @angelapearlastrology<\/p>\n<p id=\"ekl4ANjLXK\" data-wc=\"53\">Esta elecci\u00f3n resulta especialmente interesante porque Amal es sobradamente conocida por recurrir a exclusivas piezas vintage y de archivo para sus apariciones p\u00fablicas. Sin ir m\u00e1s lejos, hace solo unas semanas, la pillamos <a class=\"hm-link ho-link\" href=\"https:\/\/www.hola.com\/moda\/20260727914455\/amal-clooney-capri-look-vilma-picapiedra-vintage-mugler\/\" data-mrf-recirculation=\"article-body-link\" rel=\"nofollow noopener\" target=\"_blank\">baj\u00e1ndose de un yate en Capi luciendo un conjunto de ante multicolor<\/a>, de Mugler, que databa de los a\u00f1os 80.\u00a0<\/p>\n<p id=\"es3t66pc5q\" data-wc=\"68\">En lugar de decantarse en cada oportunidad por prendas reci\u00e9n sacadas de las tiendas, la abogada sabe buscar en la historia de la moda tesoros que todav\u00eda pueden sentirse plenamente contempor\u00e1neos. Fiel a esta filosof\u00eda, complement\u00f3 el vestido lencero con unos pendientes dorados de flecos, un bolso de formato cesta de cuero trenzado en un tono rojo oscuro y unas elegantes sandalias negras de tac\u00f3n con tiras finas.<\/p>\n<p> <img src=\"https:\/\/www.europesays.com\/es\/wp-content\/uploads\/2026\/08\/68eff5e00bf1-snapinsta-amal1.jpg\"   width=\"768\" height=\"1024\" loading=\"lazy\" decoding=\"async\" alt=\"Amal Clooney recupera un vestido de archivo de John Galliano y se convierte en la protagonista de la noche\" fetchpriority=\"auto\" class=\"image ho-image\"\/>\u00a9 @angelapearlastrology<br \/>\nEl inminente renacer de John Galliano en la moda este 2026: desde colaborar con Zara hasta ser homenajeado en la MET Gala<\/p>\n<p id=\"eyhpAJLbbnz\" data-wc=\"105\">El look de Amal cobra todav\u00eda m\u00e1s relevancia si consideramos que John Galliano est\u00e1 a punto de regresar con fuerza al centro de la conversaci\u00f3n. Este retorno viene impulsado por <a class=\"hm-link ho-link\" href=\"https:\/\/www.hola.com\/moda\/20260317889975\/zara-john-galliano-colaboracion\/\" data-mrf-recirculation=\"article-body-link\" rel=\"nofollow noopener\" target=\"_blank\">su nueva e inesperada colaboraci\u00f3n con Zara<\/a>. En marzo de este a\u00f1o se anunci\u00f3 que el carism\u00e1tico dise\u00f1ador trabajar\u00e1 durante dos a\u00f1os con la firma espa\u00f1ola en un proyecto que<strong>\u00a0reinterpreta algunas piezas emblem\u00e1ticas de sus archivos<\/strong>. Las primeras creaciones de esta alianza esperan ser lanzadas a principios de septiembre. Adem\u00e1s, la prestigiosa MET Gala, conocida como los Oscar de la moda, ha confirmado que <a class=\"hm-link ho-link\" href=\"https:\/\/www.hola.com\/moda\/20260803916067\/john-galliano-resurgir-marta-ortega-met-gala-2027\/\" data-mrf-recirculation=\"article-body-link\" rel=\"nofollow noopener\" target=\"_blank\">el dise\u00f1ador brit\u00e1nico ser\u00e1 homenajeado en su edici\u00f3n de 2027<\/a>.<\/p>\n<p> <img src=\"https:\/\/www.europesays.com\/es\/wp-content\/uploads\/2026\/08\/053f0a8b6b08-u1998010101001-galliano.jpg\"   width=\"749\" height=\"1024\" loading=\"lazy\" decoding=\"async\" alt=\"John Galliano con Naomi Campbell en Par\u00eds, 1998.\" fetchpriority=\"auto\" class=\"image ho-image\"\/>\u00a9 GTRESJohn Galliano con Naomi Campbell en Par\u00eds, 1998.<\/p>\n<p id=\"edlwGoTL91\" data-wc=\"79\">As\u00ed, mientras Galliano est\u00e1 por acercar su inconfundible lenguaje creativo a una audiencia mucho m\u00e1s amplia, Amal Clooney vuelve a apostar por una de sus creaciones m\u00e1s celebradas. Su magistral aparici\u00f3n nos recuerda que un vestido creado hace m\u00e1s de dos d\u00e9cadas puede volver a sentirse vigente no porque las tendencias se repitan exactamente, sino porque ciertos c\u00f3digos encuentran nuevas y fascinantes formas de interpretarse y cobran importancia por motivos que antes jam\u00e1s hubi\u00e9semos imaginado. Ah\u00ed est\u00e1 la magia.<\/p>\n","protected":false},"excerpt":{"rendered":"Hay prendas que trascienden m\u00e1s que una temporada y, d\u00e9cadas despu\u00e9s, encuentran una nueva manera de ser relevantes.&hellip;\n","protected":false},"author":2,"featured_media":738284,"comment_status":"","ping_status":"","sticky":false,"template":"","format":"standard","meta":{"footnotes":""},"categories":[91],"tags":[1024,29451,253,146,147,25,24,13532,1023,338,23,7335],"class_list":["post-738283","post","type-post","status-publish","format-standard","has-post-thumbnail","category-entretenimiento","tag-actualidad-moda","tag-amal-clooney","tag-discover","tag-entertainment","tag-entretenimiento","tag-es","tag-espana","tag-george-clooney","tag-moda","tag-portada","tag-spain","tag-zara"],"share_on_mastodon":{"url":"https:\/\/pubeurope.com\/@es\/117183576711230067","error":""},"_links":{"self":[{"href":"https:\/\/www.europesays.com\/es\/wp-json\/wp\/v2\/posts\/738283","targetHints":{"allow":["GET"]}}],"collection":[{"href":"https:\/\/www.europesays.com\/es\/wp-json\/wp\/v2\/posts"}],"about":[{"href":"https:\/\/www.europesays.com\/es\/wp-json\/wp\/v2\/types\/post"}],"author":[{"embeddable":true,"href":"https:\/\/www.europesays.com\/es\/wp-json\/wp\/v2\/users\/2"}],"replies":[{"embeddable":true,"href":"https:\/\/www.europesays.com\/es\/wp-json\/wp\/v2\/comments?post=738283"}],"version-history":[{"count":0,"href":"https:\/\/www.europesays.com\/es\/wp-json\/wp\/v2\/posts\/738283\/revisions"}],"wp:featuredmedia":[{"embeddable":true,"href":"https:\/\/www.europesays.com\/es\/wp-json\/wp\/v2\/media\/738284"}],"wp:attachment":[{"href":"https:\/\/www.europesays.com\/es\/wp-json\/wp\/v2\/media?parent=738283"}],"wp:term":[{"taxonomy":"category","embeddable":true,"href":"https:\/\/www.europesays.com\/es\/wp-json\/wp\/v2\/categories?post=738283"},{"taxonomy":"post_tag","embeddable":true,"href":"https:\/\/www.europesays.com\/es\/wp-json\/wp\/v2\/tags?post=738283"}],"curies":[{"name":"wp","href":"https:\/\/api.w.org\/{rel}","templated":true}]}}