{"id":738289,"date":"2026-08-30T08:45:18","date_gmt":"2026-08-30T08:45:18","guid":{"rendered":"https:\/\/www.europesays.com\/es\/738289\/"},"modified":"2026-08-30T08:45:18","modified_gmt":"2026-08-30T08:45:18","slug":"gallagher-la-santa-sede-una-diplomacia-que-cree-en-la-paz","status":"publish","type":"post","link":"https:\/\/www.europesays.com\/es\/738289\/","title":{"rendered":"Gallagher: La Santa Sede, una diplomacia que cree en la paz"},"content":{"rendered":"<p>Al t\u00e9rmino de la misi\u00f3n en Mosc\u00fa, el secretario para las Relaciones con los Estados y las Organizaciones Internacionales habla con los medios vaticanos y hace balance de la misi\u00f3n diplom\u00e1tica que acaba de concluir.<\/p>\n<p><b>Stefano Leszczynski \u2013 enviado a Mosc\u00fa<\/b><\/p>\n<p>En Mosc\u00fa brillaba el sol el viernes a primera hora de la tarde cuando el responsable de la diplomacia de la Santa Sede subi\u00f3 a bordo del vuelo que lo llev\u00f3 de regreso a Roma, v\u00eda Estambul, para regresar al Vaticano a altas horas de la noche. Un viaje largo y bastante complicado. La suspensi\u00f3n de las conexiones directas entre Rusia y los pa\u00edses de la Uni\u00f3n Europea restringe, en efecto, las opciones para llegar a Mosc\u00fa y obliga a los pocos vuelos regulares a dar un largo rodeo por Europa, que desde Estambul lleva a atravesar los Balcanes, bordear las fronteras ucranianas y, finalmente, atravesar los cielos de Bielorrusia. Al menos doce horas, entre vuelos y escalas, para un desplazamiento que antes de 2022 requer\u00eda unas cuatro horas de vuelo.<\/p>\n<p>\u201cHa sido un largo viaje \u2013 confirma monse\u00f1or Paul Richard Gallagher -, pero tambi\u00e9n esto adquiere una dimensi\u00f3n simb\u00f3lica \u2013 antes de 2022 se llegaba a Mosc\u00fa en pocas horas, hoy, en cambio, el camino se ha hecho m\u00e1s largo. Este viaje es indicativo de la voluntad de di\u00e1logo que la Santa Sede quiere llevar adelante. Un di\u00e1logo que hemos iniciado desde hace a\u00f1os, tanto a trav\u00e9s de la embajada de la Federaci\u00f3n Rusa ante la Santa Sede, como a trav\u00e9s del trabajo del nuncio apost\u00f3lico Giovanni d\u2019Aniello en Mosc\u00fa. Esto subraya el compromiso y la importancia que hemos atribuido a este viaje, que se ha emprendido en nombre de la Santa Sede y con la bendici\u00f3n del Papa\u201d.<\/p>\n<p>P: Ha habido un evidente reconocimiento por parte de las autoridades rusas a su viaje a Mosc\u00fa, que se puso de manifiesto en las conversaciones institucionales con el ministro de Asuntos Exteriores Lavrov y el consejero Ushakov. El tema de la guerra en curso con Ucrania ha acaparado gran parte de la atenci\u00f3n. Usted ha subrayado en varias ocasiones que el \u00fanico camino para poner fin a las hostilidades es el regreso a la diplomacia.<\/p>\n<p>R: S\u00ed, es un di\u00e1logo no f\u00e1cil, porque cuanto m\u00e1s avanza<br \/>la guerra, m\u00e1s dif\u00edcil ser\u00e1 poder restablecer las relaciones: hay<br \/>muchas v\u00edctimas, muchas heridas abiertas. Pero sabemos muy bien que hist\u00f3ricamente todos los conflictos, todas las guerras terminan con una negociaci\u00f3n, con un acuerdo, y luego se comienza a restablecer las relaciones entre los antiguos beligerantes. En este sentido, la diplomacia ofrece y promete una posible soluci\u00f3n. Esto es tambi\u00e9n lo que nosotros, como Iglesia, tenemos la responsabilidad y el deber de<br \/>proclamar. Fuimos a Mosc\u00fa para hablar de paz, para alentar a las almas inquietas a causa de la guerra, y decir: tengan valor, abracen el camino de la paz, tengan la esperanza de creer en un d\u00eda mejor. Y creo que este, esencialmente, ha sido nuestro mensaje.<\/p>\n<p>D: Despu\u00e9s del encuentro bilateral, el ministro Lavrov dijo en una entrevista que durante las conversaciones usted se limit\u00f3 m\u00e1s bien a un llamamiento gen\u00e9rico a poner fin al conflicto lo antes posible.<\/p>\n<p>R: S\u00ed, es verdad, esta es precisamente nuestra l\u00ednea, que siempre hemos mantenido. La Santa Sede no entra en los detalles de las negociaciones, ni propone soluciones t\u00e9cnicas, porque esta es responsabilidad directa de las partes beligerantes. La Santa Sede, en cambio, recuerda esta responsabilidad e invita a mostrar buena voluntad para iniciar seriamente un di\u00e1logo. Y lo hace dirigi\u00e9ndose tanto a la Federaci\u00f3n Rusa, como a Ucrania, como a otros pa\u00edses, pidiendo que no se escatime ning\u00fan esfuerzo para crear espacios de di\u00e1logo.<\/p>\n<p>P: Ante los sufrimientos de las poblaciones civiles a causa de la guerra, usted ha defendido la necesidad de reforzar las acciones en el \u00e1mbito humanitario, tambi\u00e9n de cara al viaje que el cardenal Matteo Zuppi har\u00e1 a la Federaci\u00f3n Rusa. \u00bfCu\u00e1les son las prioridades?<\/p>\n<p>R: Esta dimensi\u00f3n es fundamental y en este \u00e1mbito la Santa Sede ya est\u00e1 ofreciendo su propia contribuci\u00f3n, un compromiso que hasta ahora ha sido muy apreciado. Tambi\u00e9n el Santo Padre, antes de partir, me dijo: hay que insistir en la dimensi\u00f3n humanitaria. Y as\u00ed lo hemos hecho.<\/p>\n<p>Nosotros esperamos que la misi\u00f3n de paz del cardenal Zuppi contin\u00fae y que pueda regresar prontamente a Mosc\u00fa, tambi\u00e9n para ser testigo de lo que la Iglesia local y las comunidades cat\u00f3licas est\u00e1n haciendo.<\/p>\n<p>P: La Santa Sede ha ofrecido sus buenos oficios para reabrir una v\u00eda de di\u00e1logo y de negociaci\u00f3n. \u00bfDe qu\u00e9 manera ha sido acogida esta oferta y c\u00f3mo podr\u00eda concretarse?<\/p>\n<p>R: Es una oferta que ya hemos hecho en el pasado y hasta ahora no se ha concretado. No parece que se desee una participaci\u00f3n directa por parte de nuestras oficinas diplom\u00e1ticas. Sin embargo, el gesto ha sido apreciado, el hecho de que nosotros no nos lavemos las manos. El mensaje en este sentido es claro: en el mundo de hoy nadie puede resolver algo por s\u00ed solo. Tanto Rusia como Ucrania necesitan de la comunidad internacional, necesitan de sus alianzas, y al ofrecer nuestros buenos oficios decimos a ambas partes que la Santa Sede est\u00e1 disponible para ayudar de cualquier manera. Basta con que lo pidan y nosotros pondremos a disposici\u00f3n todos nuestros recursos, que son modestos, lo reconocemos, pero es un gesto que hacemos de buena fe.<\/p>\n<p>P: Usted tambi\u00e9n tuvo la posibilidad de reunirse con una parte del mundo diplom\u00e1tico aqu\u00ed en Mosc\u00fa y todos mostraron inter\u00e9s por la capacidad de la diplomacia de la Santa Sede para conseguir dialogar al mismo tiempo con Ucrania y Rusia. Una rareza en este momento.<\/p>\n<p>R: S\u00ed, los encuentros que hemos tenido aqu\u00ed en Mosc\u00fa con diversos representantes de las misiones diplom\u00e1ticas sirven para reforzar<br \/>la iniciativa de la Santa Sede de mantener abierta la v\u00eda del di\u00e1logo, estamos convencidos de que este es el camino que hay que seguir y de que aislar a las personas, a los pa\u00edses, francamente, no ayuda. Esta es nuestra opini\u00f3n, obviamente cada Estado tiene todo el derecho a decidir aut\u00f3nomamente su propia estrategia. Al venir aqu\u00ed a<br \/>Mosc\u00fa y hacer lo que otros en este momento no hacen, invitamos a reflexionar sobre si las estrategias aplicadas hasta ahora est\u00e1n dando resultados para resolver esta tragedia.<\/p>\n<p>P: Entre los temas tratados con el Ministro Lavrov se encontraban aquellos que afectan a los cristianos en diversas partes del mundo. \u00bfCu\u00e1les son las prioridades en este \u00e1mbito?<\/p>\n<p>R: Mantenemos un canal de comunicaci\u00f3n abierto con el Ministro Sergu\u00e9i Lavrov desde hace a\u00f1os, y no se trata solo de la guerra en Ucrania. Rusia est\u00e1 profundamente arraigada en su tradici\u00f3n cristiana ortodoxa, y compartimos la preocupaci\u00f3n por todos los cristianos que enfrentan dificultades en diversas partes del mundo. Hay pa\u00edses donde, si bien no es t\u00e9cnicamente correcto hablar de persecuci\u00f3n, s\u00ed existe inseguridad, discriminaci\u00f3n, prejuicios y marginaci\u00f3n, y Rusia tambi\u00e9n est\u00e1 preocupada por estos problemas. Es un \u00e1mbito en el que buscamos renovar nuestro compromiso compartido.<\/p>\n<p>P: Durante su misi\u00f3n, tambi\u00e9n tuvo la oportunidad de reunirse con la comunidad cat\u00f3lica en Rusia y los exhort\u00f3 a ser constructores de paz. En este sentido, \u00bfcu\u00e1l deber\u00eda ser el compromiso de la Iglesia Cat\u00f3lica?<\/p>\n<p>R: En mi conversaci\u00f3n con los religiosos y religiosas, les dije que ya son constructores de paz, y lo son en su vida diaria, cada vez que construyen peque\u00f1os puentes. Tienen un impacto en la sociedad, son vecinos, realizan las obras de caridad de la Iglesia y est\u00e1n presentes a trav\u00e9s de nuestras instituciones educativas y sanitarias. Esta es una manifestaci\u00f3n tangible del compromiso de la Iglesia con la reconciliaci\u00f3n y la paz. Esto es infinitamente m\u00e1s elocuente que cualquier palabra.<\/p>\n<p>P: Tambi\u00e9n tuvo la oportunidad de reunirse con altos funcionarios del Patriarcado de Mosc\u00fa, espec\u00edficamente con el Metropolitano Antonio de Volokolamsk, presidente del Departamento de Relaciones Eclesi\u00e1sticas Exteriores.<\/p>\n<p>R: Existe una relaci\u00f3n muy cordial y fraterna entre el Metropolitano Antonio y la Santa Sede. Con frecuencia viene a reunirse con el Santo Padre, el Secretario de Estado, el cardenal Pietro Parolin, y conmigo. Lo que tuvimos no fue una reuni\u00f3n de di\u00e1logo ecum\u00e9nico en el sentido estricto, que es responsabilidad del Dicasterio para la Promoci\u00f3n de la Unidad de los Cristianos, pero consideramos oportuno reunirnos para tratar diversos temas, incluidos los relacionados con la situaci\u00f3n actual. Fue una reuni\u00f3n muy alentadora, que demostr\u00f3 que compartimos muchas cosas, aunque diferimos en algunos asuntos. Al mismo tiempo, buscamos animarnos mutuamente a seguir el camino del Evangelio.<\/p>\n<p>P: Volviendo a la labor de la Iglesia en Rusia, el compromiso caritativo de la Iglesia Cat\u00f3lica en el pa\u00eds es muy importante.<\/p>\n<p>R: Es evidente: donde la Iglesia est\u00e1 presente, siempre debe haber caridad y solidaridad con los m\u00e1s desfavorecidos, y me parece que la Iglesia Cat\u00f3lica aqu\u00ed siempre ha seguido este camino. Me impresionaron los testimonios que surgieron durante el encuentro con los religiosos y religiosas, porque, a pesar de los recursos muy limitados de estas comunidades \u2014y su reducido n\u00famero para un pa\u00eds tan inmenso\u2014, hacen lo que pueden con gran perseverancia. No escuch\u00e9 a nadie quejarse de su situaci\u00f3n; al contrario, percib\u00ed su alegr\u00eda por el servicio que prestan hoy aqu\u00ed en Rusia.<\/p>\n<p>P: El \u00faltimo d\u00eda de su viaje a Mosc\u00fa, usted presidi\u00f3 la solemne Misa en la Catedral de la Inmaculada Concepci\u00f3n. Fue una celebraci\u00f3n eucar\u00edstica concurrida, con muchos j\u00f3venes presentes, y tambi\u00e9n atrajo gran inter\u00e9s de los medios de comunicaci\u00f3n. \u00bfQu\u00e9 fue lo que m\u00e1s le llam\u00f3 la atenci\u00f3n?<\/p>\n<p>R: Es cierto, fue una misa muy concurrida. Se percib\u00eda una aut\u00e9ntica intensidad de la experiencia religiosa, lo cual es alentador, porque uno podr\u00eda tener una impresi\u00f3n superficial de los peque\u00f1os grupos cat\u00f3licos dispersos por esta vasta ciudad, pero verlos reunidos en esta hermosa catedral para presenciar la vitalidad de su fe fue realmente impresionante.<\/p>\n<p>Fue una verdadera demostraci\u00f3n de afecto, especialmente hacia el Santo Padre, y se puede apreciar que estos lazos de amor, lazos con el Sucesor de Pedro, son muy fuertes aqu\u00ed. Esto es, sin duda, motivo de inmensa satisfacci\u00f3n.<\/p>\n<p>P: Las misiones oficiales siempre implican un momento de gran concentraci\u00f3n y compromiso. Sin embargo, al final de estos viajes, siempre hay un componente emocional. \u00bfQu\u00e9 se lleva usted personalmente de vuelta a Roma?<\/p>\n<p>R: Hay cierta tristeza al dejar una comunidad como esta. Nuestro mensaje es: no los dejaremos solos, regresaremos a Roma para hablar con quienes nos enviaron y permaneceremos muy cerca de ustedes. Creo que esta es la esencia de lo que debemos hacer: en estos a\u00f1os dif\u00edciles en esta regi\u00f3n del mundo, la Iglesia universal debe considerar c\u00f3mo apoyar mejor a estas comunidades, animando a sus pastores y fieles, y manteniendo los lazos espirituales. Cuando viajo a cualquier parte del mundo, luego regreso a casa, pero las personas y comunidades que conoc\u00ed siempre permanecen en mis oraciones. Puedo decir lo mismo del aspecto diplom\u00e1tico de la misi\u00f3n. Siempre acompa\u00f1o, y esta vez tambi\u00e9n, los deseos de paz y justicia con mis oraciones, porque, en definitiva, la paz es un don de Dios. Nos corresponde prepararnos para acogerla.<\/p>\n","protected":false},"excerpt":{"rendered":"Al t\u00e9rmino de la misi\u00f3n en Mosc\u00fa, el secretario para las Relaciones con los Estados y las Organizaciones&hellip;\n","protected":false},"author":2,"featured_media":738290,"comment_status":"","ping_status":"","sticky":false,"template":"","format":"standard","meta":{"footnotes":""},"categories":[42],"tags":[17,18,15229,3141,13,14,69,11,401,61,62,63,64,19,20,9,10,15,16,129759,1614,12631,12,7081,21,22,65,66,67],"class_list":["post-738289","post","type-post","status-publish","format-standard","has-post-thumbnail","category-internacional","tag-breaking-news","tag-breakingnews","tag-diplomacia","tag-entrevista","tag-featured-news","tag-featurednews","tag-guerra","tag-headlines","tag-iglesia-catolica","tag-internacional","tag-international","tag-international-news","tag-internationalnews","tag-latest-news","tag-latestnews","tag-news","tag-noticias","tag-noticias-destacadas","tag-noticiasdestacadas","tag-paul-richard-gallagher","tag-rusia","tag-santa-sede","tag-titulares","tag-ucrania","tag-ultimas-noticias","tag-ultimasnoticias","tag-world","tag-world-news","tag-worldnews"],"share_on_mastodon":{"url":"https:\/\/pubeurope.com\/@es\/117183586296811630","error":""},"_links":{"self":[{"href":"https:\/\/www.europesays.com\/es\/wp-json\/wp\/v2\/posts\/738289","targetHints":{"allow":["GET"]}}],"collection":[{"href":"https:\/\/www.europesays.com\/es\/wp-json\/wp\/v2\/posts"}],"about":[{"href":"https:\/\/www.europesays.com\/es\/wp-json\/wp\/v2\/types\/post"}],"author":[{"embeddable":true,"href":"https:\/\/www.europesays.com\/es\/wp-json\/wp\/v2\/users\/2"}],"replies":[{"embeddable":true,"href":"https:\/\/www.europesays.com\/es\/wp-json\/wp\/v2\/comments?post=738289"}],"version-history":[{"count":0,"href":"https:\/\/www.europesays.com\/es\/wp-json\/wp\/v2\/posts\/738289\/revisions"}],"wp:featuredmedia":[{"embeddable":true,"href":"https:\/\/www.europesays.com\/es\/wp-json\/wp\/v2\/media\/738290"}],"wp:attachment":[{"href":"https:\/\/www.europesays.com\/es\/wp-json\/wp\/v2\/media?parent=738289"}],"wp:term":[{"taxonomy":"category","embeddable":true,"href":"https:\/\/www.europesays.com\/es\/wp-json\/wp\/v2\/categories?post=738289"},{"taxonomy":"post_tag","embeddable":true,"href":"https:\/\/www.europesays.com\/es\/wp-json\/wp\/v2\/tags?post=738289"}],"curies":[{"name":"wp","href":"https:\/\/api.w.org\/{rel}","templated":true}]}}