{"id":738343,"date":"2026-08-30T09:32:14","date_gmt":"2026-08-30T09:32:14","guid":{"rendered":"https:\/\/www.europesays.com\/es\/738343\/"},"modified":"2026-08-30T09:32:14","modified_gmt":"2026-08-30T09:32:14","slug":"precio-de-la-luz-hoy-domingo-30-de-agosto-por-horas-cuando-es-mas-barata-y-mas-cara-el-mundo","status":"publish","type":"post","link":"https:\/\/www.europesays.com\/es\/738343\/","title":{"rendered":"Precio de la luz hoy, domingo 30 de agosto, por horas: \u00bfCu\u00e1ndo es m\u00e1s barata y m\u00e1s cara? &#8211; El Mundo"},"content":{"rendered":"<ol>\n<li><a href=\"https:\/\/news.google.com\/rss\/articles\/CBMid0FVX3lxTFB5Qlp0eE8yZmU3UDloeVR5T1JFNEdydXZRWlhQVlVCWU15MTgyNXlHN1k4YmdFMFBTdGJna3laU3lhcHFueEs1ZEgwdVRLYWZ1dHJ5ekNueGxnYjdmN1lPM01pOWVsbExVeXN5ZUZQaHlha1NKSm9Z0gF3QVVfeXFMTzlQN0xLUXpycEM5WDZUenNObmh1QjhoUmdoaGtTejZnb1RLM3VUWV9OUE5GQW5GZlFfRV9MNWxUR0Rtc01Vbk1qa3V2d21kcUYyMm9pUzI3WDd1ZFI1RlpRSjJPeHJVeTZvc3UyemM1czVPNE9wbEk?oc=5\" target=\"_blank\" rel=\"nofollow noopener\">Precio de la luz hoy, domingo 30 de agosto, por horas: \u00bfCu\u00e1ndo es m\u00e1s barata y m\u00e1s cara?<\/a>&nbsp;&nbsp;El Mundo<\/li>\n<li><a href=\"https:\/\/news.google.com\/rss\/articles\/CBMisgFBVV95cUxPdmhtZkFLOW9mREcxTDVJYmRPcE1rSTIzRWp0SFU0enhLMmlfNURicFRYbzF6bXVGdE5NNW92SGNRTmZSVlZITkZWblBoTGVYMTJNYUZjRzFFN0hMTE9mYm9vSTd5MHFEUHd6Zy1FOWY2S29UeU9MYUdyQlU4N04zRXFvMXRUZXVxSHVlRW9Qd0g3ZmhPTTh5WG43LUdvcE5tZktsd00wc0o3a2M2YnNtc2NB?oc=5\" target=\"_blank\" rel=\"nofollow noopener\">Precio de la luz hoy domingo 30 de agosto de 2026: \u00bfA qu\u00e9 hora es m\u00e1s barata?<\/a>&nbsp;&nbsp;Diario Sur<\/li>\n<li><a href=\"https:\/\/news.google.com\/rss\/articles\/CBMiY0FVX3lxTE51LWJDZnROWGp3TWM4cy05SVJfMllENlFuakR2M0lyWExSb2ZtYmdOTWR3S2pYLTlSRjg2cklPVXlFNzZEU1BnLTBscFhzSTJUUTVucHk2akRpeTRBNjVrOXFENA?oc=5\" target=\"_blank\" rel=\"nofollow noopener\">Precio de la luz por horas, domingo 30 de agosto: \u00bfcu\u00e1les ser\u00e1n las horas m\u00e1s baratas?<\/a>&nbsp;&nbsp;TarifaLuzHora<\/li>\n<li><a href=\"https:\/\/news.google.com\/rss\/articles\/CBMi0gFBVV95cUxQbzVQSDQwZTEtZm05SGhRUkdua1ZUdlVONW9MZWFUa0dFaEM1ZEJEZjIyY2RzcENrQ2kzdWpWVXJpMjZ5UmdaRERVZWxTSEpBUXo3UXNITWR1SC1qRk5aLU1xQnNyelF6aTdRSmRzeXFmZEJqSy1TeXRSYW40Y3lTSEZ3di1HLXJKMzdXVTltWEN0dmg5c1h6UV8tcTBqSU5TNTVTUjVMLWtZTzhYcWxNQkZnLWVSa29pY3ptZGFsYlBmSHBJeXNnLUo4cXlIbXBUOFHSAd8BQVVfeXFMTVhwTndUUmR5OWRkOUQ5bHhUVmpsR19qQTRfdndHQzBERElTeTJ5cW5mUzd6MDZhR1BkamFmZDFxQU5pWTByNUtDaEdfMWpfOHlRbFFZWXRhVUlySG4zcFhWMzctQnNJZ0dnem9DTkRrQnZkU0szZWdITlJpSWxLOGlnY2JNWC0wdE92N3hSN2NOTXR0NEk3eUZsdXpNcEc4WHFQYmtWNEM5TVlSOW5WS2R4TURua21ad2VNdmJTYlZjaW5pblFOV2s3eTVrLW5KOUFPS3B4dmZya0JfZW10SQ?oc=5\" target=\"_blank\" rel=\"nofollow noopener\">Precio de la luz hoy domingo 30 de agosto por franjas y tramos: \u00bfCu\u00e1ndo es m\u00e1s barata?<\/a>&nbsp;&nbsp;Mundo Deportivo<\/li>\n<li><a href=\"https:\/\/news.google.com\/rss\/articles\/CBMi7gFBVV95cUxORFFSc0VOUXliVENTdTh0SHZacTVZLXkyNGh4Z1JiTDl4RmNEY2xZV0JUeGlfZGNaUXlfWHdPbFU5M0FVMjhjcm4zOGZhSTVPcnItV25WaXJkMUlMQWR4T1h6NGdrazVoZ1BVRk1jVS12aG9tWE9uY2xUVlkyOHFlUjRoa2ZDRTBXemJEZng5bVdjQTR3X29SNlV2WkoyU2hreGctNG1FSDB1d053ajJpQnBVMFlLOXBETVpqVUpKZVB3RXlHWk0wR3U4RG1EVDVpRTY5cTlkMHQzNVgxRmhnZzEzVzlmLTVTUmhNQTh3?oc=5\" target=\"_blank\" rel=\"nofollow noopener\">Precio de la luz hoy 30 de agosto: curva extrema de coste con fort\u00edsimo desplome antes de una subida final<\/a>&nbsp;&nbsp;lavozdelsur.es<\/li>\n<\/ol>\n","protected":false},"excerpt":{"rendered":"Precio de la luz hoy, domingo 30 de agosto, por horas: \u00bfCu\u00e1ndo es m\u00e1s barata y m\u00e1s cara?&nbsp;&nbsp;El&hellip;\n","protected":false},"author":2,"featured_media":738344,"comment_status":"","ping_status":"","sticky":false,"template":"","format":"standard","meta":{"footnotes":""},"categories":[80],"tags":[82,2170,95,94,25,24,4027,114981,7968,23],"class_list":["post-738343","post","type-post","status-publish","format-standard","has-post-thumbnail","category-economia","tag-business","tag-como","tag-economia","tag-economy","tag-es","tag-espana","tag-narrativa","tag-nrtv","tag-precio-de-la-luz","tag-spain"],"share_on_mastodon":{"url":"https:\/\/pubeurope.com\/@es\/117183771166230587","error":""},"_links":{"self":[{"href":"https:\/\/www.europesays.com\/es\/wp-json\/wp\/v2\/posts\/738343","targetHints":{"allow":["GET"]}}],"collection":[{"href":"https:\/\/www.europesays.com\/es\/wp-json\/wp\/v2\/posts"}],"about":[{"href":"https:\/\/www.europesays.com\/es\/wp-json\/wp\/v2\/types\/post"}],"author":[{"embeddable":true,"href":"https:\/\/www.europesays.com\/es\/wp-json\/wp\/v2\/users\/2"}],"replies":[{"embeddable":true,"href":"https:\/\/www.europesays.com\/es\/wp-json\/wp\/v2\/comments?post=738343"}],"version-history":[{"count":0,"href":"https:\/\/www.europesays.com\/es\/wp-json\/wp\/v2\/posts\/738343\/revisions"}],"wp:featuredmedia":[{"embeddable":true,"href":"https:\/\/www.europesays.com\/es\/wp-json\/wp\/v2\/media\/738344"}],"wp:attachment":[{"href":"https:\/\/www.europesays.com\/es\/wp-json\/wp\/v2\/media?parent=738343"}],"wp:term":[{"taxonomy":"category","embeddable":true,"href":"https:\/\/www.europesays.com\/es\/wp-json\/wp\/v2\/categories?post=738343"},{"taxonomy":"post_tag","embeddable":true,"href":"https:\/\/www.europesays.com\/es\/wp-json\/wp\/v2\/tags?post=738343"}],"curies":[{"name":"wp","href":"https:\/\/api.w.org\/{rel}","templated":true}]}}