{"id":738351,"date":"2026-08-30T09:42:18","date_gmt":"2026-08-30T09:42:18","guid":{"rendered":"https:\/\/www.europesays.com\/es\/738351\/"},"modified":"2026-08-30T09:42:18","modified_gmt":"2026-08-30T09:42:18","slug":"el-hijo-de-miguel-indurain-nunca-pense-en-ser-como-mi-padre-porque-es-muy-dificil-no-hago-ciclismo-de-forma-profesional-pero-sigo-disfrutando-de-este-deporte","status":"publish","type":"post","link":"https:\/\/www.europesays.com\/es\/738351\/","title":{"rendered":"El hijo de Miguel Indur\u00e1in: \u00abNunca pens\u00e9 en ser como mi padre, porque es muy dif\u00edcil. No hago ciclismo de forma profesional pero sigo disfrutando de este deporte\u00bb"},"content":{"rendered":"<p class=\"ft-text\">Miguel Indur\u00e1in L\u00f3pez, hijo del <a class=\"ft-link ft-link--decoration\" href=\"https:\/\/www.sport.es\/es\/noticias\/ciclismo\/perico-delgado-miguel-indurain-senor-133662949\" rel=\"nofollow noopener\" target=\"_blank\">cinco veces ganador del Tour de Francia<\/a>, ha explicado en El Transistor de la Cadena Cope que <strong>nunca aspir\u00f3 a seguir los pasos de su padre a nivel profesional<\/strong>. Reconoce que igualar su trayectoria es \u201cmuy dif\u00edcil\u201d, pero asegura que no ha abandonado el ciclismo: lo practica de forma amateur y mantiene el v\u00ednculo con el deporte que marc\u00f3 la vida familiar.<\/p>\n<p><img decoding=\"async\" src=\"https:\/\/www.europesays.com\/es\/wp-content\/uploads\/2026\/08\/84631a7b-3f7b-4b4b-b8ea-ee56318916bb_alta-libre-aspect-ratio_default_0_x640y240.jpg\" width=\"1200\" height=\"675\" alt=\"Miguel Indurain Jr.\" class=\"ft-helper-img-rd\" loading=\"lazy\" fetchpriority=\"auto\"\/><\/p>\n<p class=\"ft-helper-fontColor-quaternary ft-helper-fontSize-body-S ft-helper-spacer-t-xxs\">Miguel Indurain Jr.  \/ Archivo<\/p>\n<p>Crecer con el apellido Indur\u00e1in<\/p>\n<p class=\"ft-text\">Llevar el nombre de Miguel Indur\u00e1in siempre ha generado atenci\u00f3n. El hijo del corredor navarro reconoce que<strong> la gente le miraba de forma diferente por su apellido<\/strong>, pero tambi\u00e9n asegura que nunca se sinti\u00f3 presionado por ello. Con el tiempo, explica que uno se acaba acostumbrando a cargar con ese nombre y que no lo ha vivido como una losa. <\/p>\n<p class=\"ft-text\">Para \u00e9l, no ha tenido un lado negativo, sino que forma parte de su identidad y de su historia personal. Esa naturalidad le ha permitido <strong>desarrollar su propia relaci\u00f3n con el ciclismo<\/strong>, sin la obligaci\u00f3n de compararse constantemente con los logros de su padre.<\/p>\n<p><img decoding=\"async\" src=\"https:\/\/www.europesays.com\/es\/wp-content\/uploads\/2026\/08\/0beabf59-d816-4aaa-9a11-1c6d1c7e8685_alta-libre-aspect-ratio_default_0_x600y225.jpg\" width=\"1200\" height=\"675\" alt=\"Miguel Indurain\" class=\"ft-helper-img-rd\" loading=\"lazy\" fetchpriority=\"auto\"\/><\/p>\n<p class=\"ft-helper-fontColor-quaternary ft-helper-fontSize-body-S ft-helper-spacer-t-xxs\">Miguel Indurain  \/ Archivo<\/p>\n<p>Su carrera deportiva<\/p>\n<p class=\"ft-text\">Miguel Indur\u00e1in L\u00f3pez lleg\u00f3 a competir durante su juventud, pero<strong> su trayectoria deportiva no fue m\u00e1s all\u00e1 de los 21 a\u00f1os<\/strong>. En ese momento tom\u00f3 la decisi\u00f3n de dejar la competici\u00f3n y orientar su vida hacia otros \u00e1mbitos. La decisi\u00f3n no implic\u00f3 un abandono del ciclismo, sino un cambio de enfoque.<\/p>\n<p class=\"ft-text\">A diferencia de su padre, Miguel Indur\u00e1in L\u00f3pez ha construido su vida profesional dentro del sector del ciclismo, pero desde otra perspectiva. <strong>Trabaja en una tienda de ciclismo en Mallorca <\/strong>y forma parte de una marca relacionada con este deporte. Adem\u00e1s, <strong>organiza rutas y actividades a trav\u00e9s de un club social vinculado a la tienda<\/strong>. <\/p>\n<p>Compartiendo experiencias con su padre<\/p>\n<p class=\"ft-text\">Una de las experiencias recientes que m\u00e1s destaca es <strong>su participaci\u00f3n junto a su padre y su t\u00edo Pruden Indur\u00e1in en la Titan Desert,<\/strong> una prueba de larga distancia que este a\u00f1o se celebr\u00f3 en una edici\u00f3n especial en Almer\u00eda. Miguel reconoce que la prueba fue \u00abmuy dura\u00bb y que acab\u00f3 \u00abreventado\u00bb, pero valora especialmente poder compartir ese esfuerzo con su familia. <\/p>\n<p><img decoding=\"async\" src=\"https:\/\/www.europesays.com\/es\/wp-content\/uploads\/2026\/08\/1788082938_640_28cc8ca7-b572-473d-b7a6-5ad22f81b721_alta-libre-aspect-ratio_default_0_x800y354.jpg\" width=\"1200\" height=\"797\" alt=\"Indur\u00e1in, captado por la c\u00e1mara de Rafael D\u00edaz, el 24 de julio de 1992, en la contrarreloj entre Tours y Blois.\" class=\"ft-helper-img-rd\" loading=\"lazy\" fetchpriority=\"auto\"\/><\/p>\n<p class=\"ft-helper-fontColor-quaternary ft-helper-fontSize-body-S ft-helper-spacer-t-xxs\">Indur\u00e1in, captado por la c\u00e1mara de Rafael D\u00edaz, el 24 de julio de 1992, en la contrarreloj entre Tours y Blois.  \/ RAFAEL D\u00cdAZ<\/p>\n<p class=\"ft-text\">Para \u00e9l, esos momentos personales se convierten en recuerdos que van m\u00e1s all\u00e1 del resultado deportivo. La participaci\u00f3n en este tipo de eventos le permite vivir el ciclismo<strong> desde una perspectiva diferente<\/strong>: como una actividad que une a la familia y que sirve para compartir tiempo juntos.<\/p>\n<p>Disfrutar sin presi\u00f3n<\/p>\n<p class=\"ft-text\">Miguel Indur\u00e1in L\u00f3pez resume su postura con una frase clara: \u00abNunca pens\u00e9 en ser como mi padre, porque es muy dif\u00edcil\u00bb. <strong>Acepta que el nivel de su padre es inalcanzable <\/strong>para la mayor\u00eda de los ciclistas y que intentar igualarlo no era un objetivo realista.<\/p>\n<p class=\"ft-text\">Sin embargo, a\u00f1ade que no ha dejado el ciclismo. <strong>Lo practica sin la presi\u00f3n de la competici\u00f3n<\/strong>, sin la exigencia de los resultados y sin la necesidad de demostrar nada. Para \u00e9l, lo importante es seguir disfrutando del deporte, sin tener en cuenta su apellido.<\/p>\n","protected":false},"excerpt":{"rendered":"Miguel Indur\u00e1in L\u00f3pez, hijo del cinco veces ganador del Tour de Francia, ha explicado en El Transistor de&hellip;\n","protected":false},"author":2,"featured_media":738352,"comment_status":"","ping_status":"","sticky":false,"template":"","format":"standard","meta":{"footnotes":""},"categories":[273],"tags":[313,312,168,25,24,2313,30,4099,4098,2549,39,3376,23,167],"class_list":["post-738351","post","type-post","status-publish","format-standard","has-post-thumbnail","category-ciclismo","tag-ciclismo","tag-cycling","tag-deportes","tag-es","tag-espana","tag-fuera-de-juego","tag-hijo","tag-indurain","tag-miguel","tag-miguel-indurain","tag-padre","tag-pense","tag-spain","tag-sports"],"share_on_mastodon":{"url":"https:\/\/pubeurope.com\/@es\/117183812025839895","error":""},"_links":{"self":[{"href":"https:\/\/www.europesays.com\/es\/wp-json\/wp\/v2\/posts\/738351","targetHints":{"allow":["GET"]}}],"collection":[{"href":"https:\/\/www.europesays.com\/es\/wp-json\/wp\/v2\/posts"}],"about":[{"href":"https:\/\/www.europesays.com\/es\/wp-json\/wp\/v2\/types\/post"}],"author":[{"embeddable":true,"href":"https:\/\/www.europesays.com\/es\/wp-json\/wp\/v2\/users\/2"}],"replies":[{"embeddable":true,"href":"https:\/\/www.europesays.com\/es\/wp-json\/wp\/v2\/comments?post=738351"}],"version-history":[{"count":0,"href":"https:\/\/www.europesays.com\/es\/wp-json\/wp\/v2\/posts\/738351\/revisions"}],"wp:featuredmedia":[{"embeddable":true,"href":"https:\/\/www.europesays.com\/es\/wp-json\/wp\/v2\/media\/738352"}],"wp:attachment":[{"href":"https:\/\/www.europesays.com\/es\/wp-json\/wp\/v2\/media?parent=738351"}],"wp:term":[{"taxonomy":"category","embeddable":true,"href":"https:\/\/www.europesays.com\/es\/wp-json\/wp\/v2\/categories?post=738351"},{"taxonomy":"post_tag","embeddable":true,"href":"https:\/\/www.europesays.com\/es\/wp-json\/wp\/v2\/tags?post=738351"}],"curies":[{"name":"wp","href":"https:\/\/api.w.org\/{rel}","templated":true}]}}