{"id":738373,"date":"2026-08-30T09:59:25","date_gmt":"2026-08-30T09:59:25","guid":{"rendered":"https:\/\/www.europesays.com\/es\/738373\/"},"modified":"2026-08-30T09:59:25","modified_gmt":"2026-08-30T09:59:25","slug":"detenidas-14-personas-por-desordenes-publicos-en-la-ultima-noche-de-aste-nagusia-de-bilbo-bizkaia","status":"publish","type":"post","link":"https:\/\/www.europesays.com\/es\/738373\/","title":{"rendered":"Detenidas 14 personas por des\u00f3rdenes p\u00fablicos en la \u00faltima noche de Aste Nagusia de Bilbo | Bizkaia"},"content":{"rendered":"<p>        <img decoding=\"async\" alt=\"Un total de 14 personas han sido detenidas en Bilbo acusadas de des\u00f3rdenes p\u00fablicos.\" loading=\"lazy\"   height=\"875\" width=\"1200\" src=\"https:\/\/www.europesays.com\/es\/wp-content\/uploads\/2026\/08\/ertzaintza.jpg\"\/>Un total de 14 personas han sido detenidas en Bilbo acusadas de des\u00f3rdenes p\u00fablicos. (EUROPA PRESS)<\/p>\n<p>Un total de 14 personas han sido detenidas en Bilbo por delitos de des\u00f3rdenes p\u00fablicos en la \u00faltima noche de Aste Nagusia.<\/p>\n<p>Seg\u00fan ha informado el Departamento de Seguridad de Lakua, el primero de los altercados se ha producido a las 05.20 horas de este domingo. Una llamada ha alertado de una pelea entre varias personas en el barrio de Abando, y los recursos policiales desplazados han sido recibidos con lanzamientos de botellas.<\/p>\n<p>En el lugar habr\u00eda unas 200 personas lanzando objetos, seg\u00fan las mismas fuentes, por lo que los agentes actuantes han procedido a reagruparse, para protegerse de los lanzamientos, y han hecho uso del material antidisturbios.<\/p>\n<p>En los altercados, doce personas han sido detenidas acusadas de sendos delitos de des\u00f3rdenes p\u00fablicos, y han sido trasladadas a dependencias policiales para realizar las diligencias pertinentes.<\/p>\n<p>Los detenidos son todos hombres, cinco de ellos menores de entre los 15 y los 17 a\u00f1os, mientras que el resto son adultos de entre 18 y los 34 a\u00f1os. De entre ellos, uno de los menores ha sido investigado por la Ertzaintza hasta en tres ocasiones, un joven de 22 a\u00f1os fue investigado en una ocasi\u00f3n y el hombre de 34 a\u00f1os que detenido en tres ocasiones anteriores e investigado doce veces.<\/p>\n<p>Tras esta actuaci\u00f3n, varios agentes de la Ertzaintza han acudido a la mutua para ser atendidos por contusiones y lesiones inciso contusas, y un veh\u00edculo policial ha recibido impactos en diferentes partes.<\/p>\n<p><strong>Segundo incidente<\/strong><\/p>\n<p>El segundo de los altercados ha tenido lugar sobre las seis de la ma\u00f1ana, cuando la Polic\u00eda Municipal de Bilbo ha solicitado apoyo en otro punto del mismo barrio por des\u00f3rdenes p\u00fablicos, han explicado.<\/p>\n<p>Hasta el lugar se han desplazado agentes de la Ertzaintza, que han han practicado dos detenciones. Un joven de 17 a\u00f1os tambi\u00e9n ha resultado expedientado por la Ley de Seguridad Ciudadana. Los detenidos son dos j\u00f3venes de 19 a\u00f1os, ambos acusados de presuntos delitos de des\u00f3rdenes p\u00fablicos.<\/p>\n<p><strong>Euspel pide \u00abuna respuesta jur\u00eddica firme\u00bb<\/strong><\/p>\n<p>Tras conocerse estos hechos, el sindicato mayoritario de la Ertzaintza, Euspel, ha condenado \u00abrotundamente\u00bb las agresiones a ertzainas y ha exigido \u00abuna respuesta jur\u00eddica firme\u00bb por parte del Departamento de Seguridad del Gobierno de Lakua.<\/p>\n<p>Ha destacado que el departamento \u00abdispone de servicios jur\u00eddicos para personarse y defender los intereses de los agentes, y la Fiscal\u00eda debe actuar con determinaci\u00f3n cuando se producen este tipo de hechos\u00bb.<\/p>\n<p>\u00a0\u00abEs necesario solicitar las penas que correspondan en su m\u00e1xima extensi\u00f3n cuando la gravedad y las circunstancias de cada caso lo permitan y evitar que agredir a un polic\u00eda genere una sensaci\u00f3n de impunidad\u00bb, ha manifestado.<\/p>\n<p>Por su parte, el sindicato Esan ha mostrado su \u00abapoyo y reconocimiento\u00bb a los agentes que han intervenido en las dos \u00abgraves actuaciones\u00bb en las que han sido \u00abatacados\u00bb, y ha se\u00f1alado que \u00abrodear, amenazar y lanzar botellas\u00bb a la Polic\u00eda \u00abno es fiesta, es violencia\u00bb, y ha pedido que haya \u00abconsecuencias reales\u00bb a quienes agreden a ertzainas.<\/p>\n","protected":false},"excerpt":{"rendered":"Un total de 14 personas han sido detenidas en Bilbo acusadas de des\u00f3rdenes p\u00fablicos. (EUROPA PRESS) Un total&hellip;\n","protected":false},"author":2,"featured_media":738374,"comment_status":"","ping_status":"","sticky":false,"template":"","format":"standard","meta":{"footnotes":""},"categories":[8],"tags":[10606,18349,24887,17,18,131095,4651,25,24,13,14,11,19,20,18350,9,193,10,15,16,3477,5539,23,12,1885,21,22],"class_list":["post-738373","post","type-post","status-publish","format-standard","has-post-thumbnail","category-espana","tag-10606","tag-aste","tag-bilbo","tag-breaking-news","tag-breakingnews","tag-desordenes","tag-detenidas","tag-es","tag-espana","tag-featured-news","tag-featurednews","tag-headlines","tag-latest-news","tag-latestnews","tag-nagusia","tag-news","tag-noche","tag-noticias","tag-noticias-destacadas","tag-noticiasdestacadas","tag-personas","tag-publicos","tag-spain","tag-titulares","tag-ultima","tag-ultimas-noticias","tag-ultimasnoticias"],"share_on_mastodon":{"url":"https:\/\/pubeurope.com\/@es\/117183878744152563","error":""},"_links":{"self":[{"href":"https:\/\/www.europesays.com\/es\/wp-json\/wp\/v2\/posts\/738373","targetHints":{"allow":["GET"]}}],"collection":[{"href":"https:\/\/www.europesays.com\/es\/wp-json\/wp\/v2\/posts"}],"about":[{"href":"https:\/\/www.europesays.com\/es\/wp-json\/wp\/v2\/types\/post"}],"author":[{"embeddable":true,"href":"https:\/\/www.europesays.com\/es\/wp-json\/wp\/v2\/users\/2"}],"replies":[{"embeddable":true,"href":"https:\/\/www.europesays.com\/es\/wp-json\/wp\/v2\/comments?post=738373"}],"version-history":[{"count":0,"href":"https:\/\/www.europesays.com\/es\/wp-json\/wp\/v2\/posts\/738373\/revisions"}],"wp:featuredmedia":[{"embeddable":true,"href":"https:\/\/www.europesays.com\/es\/wp-json\/wp\/v2\/media\/738374"}],"wp:attachment":[{"href":"https:\/\/www.europesays.com\/es\/wp-json\/wp\/v2\/media?parent=738373"}],"wp:term":[{"taxonomy":"category","embeddable":true,"href":"https:\/\/www.europesays.com\/es\/wp-json\/wp\/v2\/categories?post=738373"},{"taxonomy":"post_tag","embeddable":true,"href":"https:\/\/www.europesays.com\/es\/wp-json\/wp\/v2\/tags?post=738373"}],"curies":[{"name":"wp","href":"https:\/\/api.w.org\/{rel}","templated":true}]}}