{"id":738383,"date":"2026-08-30T10:13:14","date_gmt":"2026-08-30T10:13:14","guid":{"rendered":"https:\/\/www.europesays.com\/es\/738383\/"},"modified":"2026-08-30T10:13:14","modified_gmt":"2026-08-30T10:13:14","slug":"miercoles-recibe-una-actualizacion-desde-el-set-estoy-rodando-la-tercera-temporada","status":"publish","type":"post","link":"https:\/\/www.europesays.com\/es\/738383\/","title":{"rendered":"Mi\u00e9rcoles recibe una actualizaci\u00f3n desde el set: \u201cEstoy rodando la tercera temporada\u201d"},"content":{"rendered":"<p class=\"c-paragraph\">Mi\u00e9rcoles inici\u00f3 el rodaje de su <b>tercera temporada <\/b>para <b>Netflix <\/b>a finales de febrero de este a\u00f1o, y no fue hasta finales de abril cuando pudimos ver la primera imagen oficial desde el set de rodaje con<b> Jenna Ortega <\/b>retomando su papel como<b> la hija de la Familia Addams<\/b>.<\/p>\n<p class=\"c-paragraph\">Aquella fotograf\u00eda nos serv\u00eda para conectar los acontecimientos ocurridos al final de la segunda temporada de <a href=\"https:\/\/www.hobbyconsolas.com\/hobbycine\/miercoles-temporada-3-abordara-sentimientos-mas-conflictivos-respecto-familia-adelanta-jenna-ortega_7024984_0.html\" title=\"Mi\u00e9rcoles temporada 3 abordar\u00e1 &quot;sentimientos m\u00e1s conflictivos respecto a la familia&quot;, adelanta Jenna Ortega\" rel=\"nofollow noopener\" target=\"_blank\">Mi\u00e9rcoles <\/a>con los episodios que est\u00e1n por venir.<\/p>\n<p class=\"c-paragraph\"><b>Mi\u00e9rcoles <\/b>terminaba la temporada anterior mont\u00e1ndose en un sidecar con su t\u00edo <b>Fester Addams<\/b> -encarnado por <b>Fred Armisen<\/b>&#8211; al volante de la moto, en compa\u00f1\u00eda de la mano <b>Cosa<\/b>, con el objetivo de encontrar a su amiga <b>Enid<\/b>.<\/p>\n<p class=\"c-paragraph\">Lo siguiente que sabemos, gracias a aquella imagen desvelada, es que la protagonista de la serie acab\u00f3 en <b>Par\u00eds<\/b>, bajo<b> la Torre Eiffel<\/b>, junto con Cosa y al lado del <b>sidecar de Fester<\/b>.<\/p>\n<p>Mi\u00e9rcoles contin\u00faa el rodaje de su temporada 3<\/p>\n<p class=\"c-paragraph\">Algunas personas del elenco han ido compartiendo peque\u00f1os detalles sobre lo que podemos esperar de<b> <\/b><a href=\"https:\/\/www.hobbyconsolas.com\/hobbycine\/hunter-doohan-se-adentra-trama-temporada-3-miercoles-esta-paris-por-sus-oscuros-motivos_7016239_0.html\" title=\"Hunter Doohan se adentra en la trama de la temporada 3 de Mi\u00e9rcoles: \u201cEst\u00e1 en Par\u00eds por sus oscuros motivos\u201d\" rel=\"nofollow noopener\" target=\"_blank\">la trama de Mi\u00e9rcoles <\/a>de cara a los siguientes episodios, pero <a href=\"https:\/\/www.hobbyconsolas.com\/reportajes\/netflix-espana-planes-precio-compartir-cuenta-catalogo-1150345\" title=\"Netflix Espa\u00f1a: planes, precio, compartir cuenta, cat\u00e1logo y m\u00e1s\" rel=\"nofollow noopener\" target=\"_blank\">Netflix <\/a>no ha compartido ninguna actualizaci\u00f3n sobre su rodaje en estos meses.<\/p>\n<p class=\"c-paragraph\">Sin embargo, Fred Armisen acaba de aparecer en un episodio del podcast<a href=\"https:\/\/screenrant.com\/wednesday-season-3-release-response-fred-armisen\/\" rel=\"nofollow noreferrer noopener\" title=\"via: screenrant\" target=\"_blank\"> We&#8217;re Here to Help<\/a>, y ha arrojado un poco de luz sobre el asunto. En \u00e9l confirm\u00f3 que estaba \u201crodando <b>la tercera temporada de Mi\u00e9rcoles<\/b>\u201d. Lo malo es que no pudo decir mucho m\u00e1s: \u201c<b>No estoy seguro de cu\u00e1ndo se estrena<\/b>\u201d.<\/p>\n<p class=\"c-paragraph\">Netflix todav\u00eda no ha fijado una<b> fecha de estreno<\/b> para<b> la temporada 3 de Mi\u00e9rcoles<\/b>, pero no ser\u00eda de extra\u00f1ar que todav\u00eda tardase en llegar, sobre todo si tenemos en cuenta que desde el estreno de la primera temporada de la serie a finales de 2022 hasta el estreno de la segunda en verano de 2025 pasaron dos a\u00f1os y medio.<\/p>\n","protected":false},"excerpt":{"rendered":"Mi\u00e9rcoles inici\u00f3 el rodaje de su tercera temporada para Netflix a finales de febrero de este a\u00f1o, y&hellip;\n","protected":false},"author":2,"featured_media":738384,"comment_status":"","ping_status":"","sticky":false,"template":"","format":"standard","meta":{"footnotes":""},"categories":[171],"tags":[11239,11956,146,147,25,24,295,3684,23,214,20877],"class_list":["post-738383","post","type-post","status-publish","format-standard","has-post-thumbnail","category-tv","tag-actualizacion","tag-desde","tag-entertainment","tag-entretenimiento","tag-es","tag-espana","tag-miercoles","tag-recibe","tag-spain","tag-tv","tag-una"],"share_on_mastodon":{"url":"https:\/\/pubeurope.com\/@es\/117183932413723604","error":""},"_links":{"self":[{"href":"https:\/\/www.europesays.com\/es\/wp-json\/wp\/v2\/posts\/738383","targetHints":{"allow":["GET"]}}],"collection":[{"href":"https:\/\/www.europesays.com\/es\/wp-json\/wp\/v2\/posts"}],"about":[{"href":"https:\/\/www.europesays.com\/es\/wp-json\/wp\/v2\/types\/post"}],"author":[{"embeddable":true,"href":"https:\/\/www.europesays.com\/es\/wp-json\/wp\/v2\/users\/2"}],"replies":[{"embeddable":true,"href":"https:\/\/www.europesays.com\/es\/wp-json\/wp\/v2\/comments?post=738383"}],"version-history":[{"count":0,"href":"https:\/\/www.europesays.com\/es\/wp-json\/wp\/v2\/posts\/738383\/revisions"}],"wp:featuredmedia":[{"embeddable":true,"href":"https:\/\/www.europesays.com\/es\/wp-json\/wp\/v2\/media\/738384"}],"wp:attachment":[{"href":"https:\/\/www.europesays.com\/es\/wp-json\/wp\/v2\/media?parent=738383"}],"wp:term":[{"taxonomy":"category","embeddable":true,"href":"https:\/\/www.europesays.com\/es\/wp-json\/wp\/v2\/categories?post=738383"},{"taxonomy":"post_tag","embeddable":true,"href":"https:\/\/www.europesays.com\/es\/wp-json\/wp\/v2\/tags?post=738383"}],"curies":[{"name":"wp","href":"https:\/\/api.w.org\/{rel}","templated":true}]}}