{"id":738389,"date":"2026-08-30T10:18:27","date_gmt":"2026-08-30T10:18:27","guid":{"rendered":"https:\/\/www.europesays.com\/es\/738389\/"},"modified":"2026-08-30T10:18:27","modified_gmt":"2026-08-30T10:18:27","slug":"dabiz-munoz-muestra-su-lado-mas-personal-en-ibiza-las-fotos-junto-a-sus-hijos-laia-e-isai-que-prueban-que-es-todo-un-padrazo","status":"publish","type":"post","link":"https:\/\/www.europesays.com\/es\/738389\/","title":{"rendered":"Dabiz Mu\u00f1oz muestra su lado m\u00e1s personal en Ibiza: las fotos junto a sus hijos, Laia e Isai, que prueban que es todo un padrazo"},"content":{"rendered":"<p id=\"eZvJe5sWXq2\" data-wc=\"98\">Y si hay un lugar que est\u00e1 siendo testigo privilegiado de esta felicidad, ese es <strong>Ibiza<\/strong>. La pareja se ha tomado lo de <strong>disfrutar del verano<\/strong> al pie de la letra y la isla pitiusa se ha convertido, por unos d\u00edas, en su particular refugio familiar. Las im\u00e1genes que hemos podido recopilar dejan poco espacio para las dudas: entre ba\u00f1os, juegos y momentos de complicidad, <strong>l<\/strong><strong>os Mu\u00f1oz-Pedroche est\u00e1n exprimiendo al m\u00e1ximo estas vacaciones<\/strong>. Unas estampas que, adem\u00e1s, dejan claro que hay un papel que a Dabiz le sienta especialmente bien <strong>m<\/strong><strong>\u00e1s all\u00e1 de los fogones: el de padrazo<\/strong>.<\/p>\n<p>  <img src=\"https:\/\/www.europesays.com\/es\/wp-content\/uploads\/2026\/08\/1788085102_727_68a6607e40b3-cristipedroche178722092539678188564402583113526350.jpg\"   width=\"1080\" height=\"1080\" loading=\"lazy\" decoding=\"async\" alt=\"Un entra\u00f1able 'selfie' de la pareja de sus vacaciones\" fetchpriority=\"auto\" class=\"image ho-image\"\/>\u00a9 \u00a9 cristipedrocheUna de las im\u00e1genes compartidas por la pareja de sus vacaciones en Ibiza, Cantabria y Galicia<\/p>\n<p>Ba\u00f1os, mimos y mucho amor: as\u00ed disfrutan de la playa en familia<\/p>\n<p id=\"elTFKXoeME\" data-wc=\"68\">La familia aprovech\u00f3 las <strong>altas temperaturas<\/strong> y, sin pens\u00e1rselo dos veces, puso <strong>rumbo a la playa<\/strong> para disfrutar de una jornada de sol, mar y, sobre todo, mucho tiempo en familia. Las im\u00e1genes muestran c\u00f3mo ambos se repart\u00edan a sus dos hijos para que cada uno estuviera supervisado en todo momento, demostrando una vez m\u00e1s que, cuando se trata de ejercer de padres, tienen perfectamente <strong>coordinado el equipo<\/strong>.<\/p>\n<p id=\"eNRNxXKOqhx\" data-wc=\"94\"><strong>Pedroche se hac\u00eda cargo del peque\u00f1o\u00a0<\/strong><strong>Isai<\/strong>: lo llevaba a refrescarse al mar, siempre muy bien cogido, eso s\u00ed, y se lo com\u00eda a besos en todo momento. Entre mimos, chapuzones y alguna que otra sonrisa, la presentadora dej\u00f3 claro que est\u00e1 completamente volcada en esta nueva etapa de su vida. Por su parte, <a class=\"hm-link ho-link\" href=\"https:\/\/www.hola.com\/actualidad\/20230714232917\/cristina-pedroche-da-luz-madre-ninia\/\" data-mrf-recirculation=\"article-body-link\" rel=\"nofollow noopener\" target=\"_blank\">Dabiz se hac\u00eda cargo de su peque\u00f1a Laia entre brazos, que cumpli\u00f3 tres a\u00f1os el mes pasado<\/a> y que parece haberse convertido en una aut\u00e9ntica experta a la hora de disfrutar de un d\u00eda de playa junto a sus padres.<\/p>\n<p>  <img src=\"https:\/\/www.europesays.com\/es\/wp-content\/uploads\/2026\/08\/1788085103_498_dc276cffd864-u616217088.jpg\"   width=\"1080\" height=\"1080\" loading=\"lazy\" decoding=\"async\" alt=\"Dabiz Mu\u00f1oz con su hija, Laia, en brazos y camino hacia la orilla\" fetchpriority=\"auto\" class=\"image ho-image\"\/>\u00a9 GTRESDabiz Mu\u00f1oz con su hija, Laia, en brazos<\/p>\n<p>  <img src=\"https:\/\/www.europesays.com\/es\/wp-content\/uploads\/2026\/08\/1788085105_654_a383094e26f0-u616217095.jpg\"   width=\"1080\" height=\"1080\" loading=\"lazy\" decoding=\"async\" alt=\"La presentadora sale del agua con su hijo, nacido el a\u00f1o pasado\" fetchpriority=\"auto\" class=\"image ho-image\"\/>\u00a9 GTRESLa presentadora sale del agua con su hijo<\/p>\n<p id=\"eDIETTNofFQ\" data-wc=\"127\">Pero entre juegos, ba\u00f1os y cuidados<strong>\u00a0tambi\u00e9n hubo tiempo para ellos<\/strong>. Cuando los peque\u00f1os les conced\u00edan unos minutos de tregua, la pareja aprovechaba para mimarse y disfrutar de esos peque\u00f1os momentos de intimidad. Y tampoco faltaron las <strong>an\u00e9cdotas y las escenas m\u00e1s espont\u00e1neas<\/strong>. En una de ellas, <strong>el chef sac\u00f3 su tel\u00e9fono m\u00f3vil para capturar a su mujer,<\/strong> que dejaba claro que est\u00e1 en plena forma tras dos embarazos. Pedroche, lejos de incomodarse ante la c\u00e1mara improvisada, le devolv\u00eda la mirada con una sonrisa c\u00f3mplice, protagonizando un intercambio que hablaba por s\u00ed solo del momento que atraviesa la pareja. Gestos, miradas y peque\u00f1os detalles que dejan entrever que, adem\u00e1s de disfrutar de su faceta como padres, tanto <a class=\"hm-link ho-link\" href=\"https:\/\/www.hola.com\/actualidad\/20250718817957\/cristina-pedroche-david-munoz-nace-segundo-hijo-isai\/\" data-mrf-recirculation=\"article-body-link\" rel=\"nofollow noopener\" target=\"_blank\">la familia como el matrimonio atraviesan un momento especialmente dulce<\/a>.<\/p>\n<p>  <img src=\"https:\/\/www.europesays.com\/es\/wp-content\/uploads\/2026\/08\/1788085107_995_76f924177066-u616217040.jpg\"   width=\"1080\" height=\"1080\" loading=\"lazy\" decoding=\"async\" alt=\"Pedroche para Dabiz, su marido\" fetchpriority=\"auto\" class=\"image ho-image\"\/>\u00a9 GTRESPosa para su marido<\/p>\n<p>Padrazo y empresario: Dabiz Mu\u00f1oz no baja el ritmo<\/p>\n<p id=\"eMnWEglIxhk\" data-wc=\"56\">Y no solo en el terreno personal. Tambi\u00e9n en el profesional y econ\u00f3mico, Dabiz Mu\u00f1oz contin\u00faa demostrando que no parece dispuesto a levantar el pie del acelerador. <strong>\u00abNo est\u00e1is preparados&#8230; we know no limits\u00bb, avis\u00f3 el chef.<\/strong> Una declaraci\u00f3n de intenciones en toda regla que llegaba precisamente en un momento de expansi\u00f3n para el chef madrile\u00f1o.<\/p>\n<p id=\"e_6UIkIMxSk\" data-wc=\"75\">El triestrellado cocinero realiz\u00f3 la apertura de su siguiente negocio en esa misma isla, Ibiza, un proyecto que se ha convertido tambi\u00e9n en <a class=\"hm-link ho-link\" href=\"https:\/\/www.hola.com\/actualidad\/20260811917529\/cristina-pedroche-foto-tipazo-playa-hija\/\" data-mrf-recirculation=\"article-body-link\" rel=\"nofollow noopener\" target=\"_blank\">uno de los grandes motivos por los que la familia ha escogido este destino<\/a> para sus vacaciones. De esta manera, adem\u00e1s de desconectar y disfrutar del verano junto a Pedroche y sus peque\u00f1os, Dabiz puede <strong>permanecer cerca de su nuevo restaurante<\/strong> y seguir de primera mano la evoluci\u00f3n de este ambicioso proyecto.<\/p>\n<p>  <img src=\"https:\/\/www.europesays.com\/es\/wp-content\/uploads\/2026\/08\/9fa1d48fcfc0-u616217034cut.jpg\"   width=\"1080\" height=\"1800\" loading=\"lazy\" decoding=\"async\" alt=\"Cristina Pedroche en una jornada de playa en familia \" fetchpriority=\"auto\" class=\"image ho-image\"\/>\u00a9 GTRESCristina Pedroche, espectacular, en la orilla de la playa con un bikini fucsia<\/p>\n<p id=\"eo0OEMpYW_o\" data-wc=\"66\"><a class=\"hm-link ho-link\" href=\"https:\/\/www.hola.com\/cocina\/noticias\/20260506899744\/dabiz-munoz-apertura-del-ano-streetxo-ibiza\/\" data-mrf-recirculation=\"article-body-link\" rel=\"nofollow noopener\" target=\"_blank\">StreetXO Ibiza, as\u00ed se llama el restaurante de Dabiz Mu\u00f1oz<\/a> que abri\u00f3 sus puertas en junio <strong>en Platja d\u2019en Bossa<\/strong>, y que todo apunta a que ser\u00e1 uno de los grandes estrenos gastron\u00f3micos de la temporada en la isla. Un nuevo desembarco con el que el chef vuelve a llevar su particular universo culinario a un destino donde gastronom\u00eda, fiesta y ocio se dan la mano.<\/p>\n<p id=\"esKhFLsVvZ1S\" data-wc=\"57\">Dabiz ha decidido apostar fuerte por Ibiza con un concepto completamente renovado. <strong>No se trata de una r\u00e9plica<\/strong> de sus restaurantes actuales, StreetXO Madrid y Dubai, <strong>sino de una evoluci\u00f3n<\/strong> que, seg\u00fan ha adelantado el propio chef, llegar\u00e1 para poner el list\u00f3n a\u00fan m\u00e1s alto, especialmente en el terreno de la <strong>fusi\u00f3n culinaria \u00abpara reventar vuestros paladares\u00bb.<\/strong><\/p>\n<p> Te puede interesarSeguir leyendo<\/p>\n","protected":false},"excerpt":{"rendered":"Y si hay un lugar que est\u00e1 siendo testigo privilegiado de esta felicidad, ese es Ibiza. La pareja&hellip;\n","protected":false},"author":2,"featured_media":738390,"comment_status":"","ping_status":"","sticky":false,"template":"","format":"standard","meta":{"footnotes":""},"categories":[91],"tags":[3900,517,18875,146,147,25,24,23],"class_list":["post-738389","post","type-post","status-publish","format-standard","has-post-thumbnail","category-entretenimiento","tag-hola","tag-actualidad","tag-cristina-pedroche","tag-entertainment","tag-entretenimiento","tag-es","tag-espana","tag-spain"],"share_on_mastodon":{"url":"https:\/\/pubeurope.com\/@es\/117183952991586312","error":""},"_links":{"self":[{"href":"https:\/\/www.europesays.com\/es\/wp-json\/wp\/v2\/posts\/738389","targetHints":{"allow":["GET"]}}],"collection":[{"href":"https:\/\/www.europesays.com\/es\/wp-json\/wp\/v2\/posts"}],"about":[{"href":"https:\/\/www.europesays.com\/es\/wp-json\/wp\/v2\/types\/post"}],"author":[{"embeddable":true,"href":"https:\/\/www.europesays.com\/es\/wp-json\/wp\/v2\/users\/2"}],"replies":[{"embeddable":true,"href":"https:\/\/www.europesays.com\/es\/wp-json\/wp\/v2\/comments?post=738389"}],"version-history":[{"count":0,"href":"https:\/\/www.europesays.com\/es\/wp-json\/wp\/v2\/posts\/738389\/revisions"}],"wp:featuredmedia":[{"embeddable":true,"href":"https:\/\/www.europesays.com\/es\/wp-json\/wp\/v2\/media\/738390"}],"wp:attachment":[{"href":"https:\/\/www.europesays.com\/es\/wp-json\/wp\/v2\/media?parent=738389"}],"wp:term":[{"taxonomy":"category","embeddable":true,"href":"https:\/\/www.europesays.com\/es\/wp-json\/wp\/v2\/categories?post=738389"},{"taxonomy":"post_tag","embeddable":true,"href":"https:\/\/www.europesays.com\/es\/wp-json\/wp\/v2\/tags?post=738389"}],"curies":[{"name":"wp","href":"https:\/\/api.w.org\/{rel}","templated":true}]}}