{"id":738399,"date":"2026-08-30T10:23:21","date_gmt":"2026-08-30T10:23:21","guid":{"rendered":"https:\/\/www.europesays.com\/es\/738399\/"},"modified":"2026-08-30T10:23:21","modified_gmt":"2026-08-30T10:23:21","slug":"al-menos-un-muerto-y-cinco-heridos-en-un-tiroteo-en-el-norte-de-suiza","status":"publish","type":"post","link":"https:\/\/www.europesays.com\/es\/738399\/","title":{"rendered":"Al menos un muerto y cinco heridos en un tiroteo en el norte de Suiza"},"content":{"rendered":"<p class=\"article-text\">\n        Un tiroteo durante una fiesta rave en la ciudad de Aarau, capital del cant\u00f3n de Argovia en el norte de Suiza, ha dejado al menos un muerto y cinco heridos, algunos de ellos de gravedad, seg\u00fan ha confirmado este domingo la polic\u00eda local. El autor de los disparos consigui\u00f3 fugarse del hip\u00f3dromo donde se celebraba la evento, al que los organizadores preve\u00edan la asistencia de unas 2.500 personas.\n    <\/p>\n<p class=\"article-text\">\n        Las autoridades contin\u00faan buscando al sospechoso y solicitan a cualquier persona que tenga videos o fotos del incidente que los proporcione. \u201cLos posibles motivos as\u00ed como las circunstancias exactas del acto delictivo a\u00fan est\u00e1n poco claros\u201d, explica la Polic\u00eda Cantonal de Argovia que confirma en su cuenta de X que se produjeron disparos nocturnos con un \u201cgran despliegue policial en curso\u201d y varios heridos.\n    <\/p>\n<p class=\"article-text\">\n        Las autoridades han pedido a la ciudadan\u00eda que aporte cualquier v\u00eddeo o fotograf\u00eda del incidente. Las fuerzas de seguridad ha desplegado un amplio dispositivo, que incluye un helic\u00f3ptero del Ej\u00e9rcito, y ha pedido a la poblaci\u00f3n evitar la zona del hip\u00f3dromo y en particular una piscina p\u00fablica cercana, muy concurrida en esa temporada los fines de semana, mientras realiza su operativo de b\u00fasqueda del responsable del tiroteo.\n    <\/p>\n<blockquote class=\"twitter-tweet\" data-lang=\"es\"><p><a href=\"https:\/\/twitter.com\/X\/status\/2093946023961825773?ref_src=twsrc%5Etfw\" rel=\"nofollow noopener\" target=\"_blank\"><\/p><\/blockquote>\n<p class=\"article-text\">\n        Suiza tiene una de las tasas de posesi\u00f3n de armas m\u00e1s altas del mundo y de Europa de 27,6 armas por cada 100 habitantes. Esto se traduce en aproximadamente 2,3 a 3 millones de armas de fuego en circulaci\u00f3n en de una poblaci\u00f3n de 8,9 millones de personas. A pesar de esta cifra, el pa\u00eds mantiene una tasa de homicidios extremadamente baja y los tiroteos violentos son poco frecuentes. Adem\u00e1s, aprob\u00f3 normas m\u00e1s estrictas de control de armas en 2019.\n    <\/p>\n<p>                                    <script async src=\"https:\/\/platform.twitter.com\/widgets.js\" charset=\"utf-8\"><\/script><\/p>\n","protected":false},"excerpt":{"rendered":"Un tiroteo durante una fiesta rave en la ciudad de Aarau, capital del cant\u00f3n de Argovia en el&hellip;\n","protected":false},"author":2,"featured_media":738400,"comment_status":"","ping_status":"","sticky":false,"template":"","format":"standard","meta":{"footnotes":""},"categories":[5],"tags":[17,18,5810,25,24,13,14,11,11225,19,20,5555,9,3449,10,15,16,23,6679,6773,12,21,22],"class_list":["post-738399","post","type-post","status-publish","format-standard","has-post-thumbnail","category-titulares","tag-breaking-news","tag-breakingnews","tag-cinco","tag-es","tag-espana","tag-featured-news","tag-featurednews","tag-headlines","tag-heridos","tag-latest-news","tag-latestnews","tag-muerto","tag-news","tag-norte","tag-noticias","tag-noticias-destacadas","tag-noticiasdestacadas","tag-spain","tag-suiza","tag-tiroteo","tag-titulares","tag-ultimas-noticias","tag-ultimasnoticias"],"share_on_mastodon":{"url":"https:\/\/pubeurope.com\/@es\/117183971482333886","error":""},"_links":{"self":[{"href":"https:\/\/www.europesays.com\/es\/wp-json\/wp\/v2\/posts\/738399","targetHints":{"allow":["GET"]}}],"collection":[{"href":"https:\/\/www.europesays.com\/es\/wp-json\/wp\/v2\/posts"}],"about":[{"href":"https:\/\/www.europesays.com\/es\/wp-json\/wp\/v2\/types\/post"}],"author":[{"embeddable":true,"href":"https:\/\/www.europesays.com\/es\/wp-json\/wp\/v2\/users\/2"}],"replies":[{"embeddable":true,"href":"https:\/\/www.europesays.com\/es\/wp-json\/wp\/v2\/comments?post=738399"}],"version-history":[{"count":0,"href":"https:\/\/www.europesays.com\/es\/wp-json\/wp\/v2\/posts\/738399\/revisions"}],"wp:featuredmedia":[{"embeddable":true,"href":"https:\/\/www.europesays.com\/es\/wp-json\/wp\/v2\/media\/738400"}],"wp:attachment":[{"href":"https:\/\/www.europesays.com\/es\/wp-json\/wp\/v2\/media?parent=738399"}],"wp:term":[{"taxonomy":"category","embeddable":true,"href":"https:\/\/www.europesays.com\/es\/wp-json\/wp\/v2\/categories?post=738399"},{"taxonomy":"post_tag","embeddable":true,"href":"https:\/\/www.europesays.com\/es\/wp-json\/wp\/v2\/tags?post=738399"}],"curies":[{"name":"wp","href":"https:\/\/api.w.org\/{rel}","templated":true}]}}