{"id":738423,"date":"2026-08-30T10:43:22","date_gmt":"2026-08-30T10:43:22","guid":{"rendered":"https:\/\/www.europesays.com\/es\/738423\/"},"modified":"2026-08-30T10:43:22","modified_gmt":"2026-08-30T10:43:22","slug":"los-andaluces-retoman-la-rutina-con-la-gasolina-en-maximos-y-la-luz-el-gas-y-el-supermercado-tensionados","status":"publish","type":"post","link":"https:\/\/www.europesays.com\/es\/738423\/","title":{"rendered":"Los andaluces retoman la rutina con la gasolina en m\u00e1ximos y la luz, el gas y el supermercado tensionados"},"content":{"rendered":"<p style=\"\">Se acab\u00f3 el descanso estival, vuelve la rutina. Septiembre asoma ya con la recuperaci\u00f3n de obligaciones y, adem\u00e1s, una cuesta arriba econ\u00f3mica que tendr\u00e1 este a\u00f1o poco que envidiar a la celeb\u00e9rrima escalada de enero. Habr\u00e1 que rascarse a\u00fan m\u00e1s el bolsillo para repostar, encender  &#8230; la luces y resistir los encarecimientos ya registrados en la cesta de compra, sin descartar que \u00e9stos tambi\u00e9n se agraven en cuesti\u00f3n de semanas.<\/p>\n<p class=\"v-d-p\" style=\"\">El pesimismo econ\u00f3mico ha calado en las previsiones para la &#8216;rentr\u00e9e&#8217;. Se ven\u00eda gestando por las se\u00f1ales que llegaban de los mercados de futuros del petr\u00f3leo y el gas natural durante el verano, pero ha llegado a su c\u00e9nit al conocerse el repunte de la inflaci\u00f3n en agosto. Se sit\u00faa ya en <strong>el 4,3% -su mayor nivel desde febrero de 2023- por el encarecimiento de los combustibles y la evoluci\u00f3n del precio de los alimentos,<\/strong> aunque en este \u00faltimo caso haya sido por no descender tanto como en el mismo mes del a\u00f1o pasado.<\/p>\n<p class=\"v-d-p\" style=\"\">Es, sin paliativos, otro <strong>golpe al poder adquisitivo de las familias,<\/strong> dado que hasta julio la revalorizaci\u00f3n de las n\u00f3minas pactadas en convenio estuvo algo m\u00e1s de un punto por debajo de ese nivel. Y llega justo a las puertas de un oto\u00f1o que se presenta como una suerte de &#8216;infierno&#8217; energ\u00e9tico a tenor de los precios que registran ya el petr\u00f3leo, el gas y la electricidad y sus perspectivas a futuro. Sin olvidar las subidas acumuladas en el supermercado, algunas de ellas a dos d\u00edgitos, por ejemplo en la ternera y los huevos.<\/p>\n<p>\nCarburantes disparados en la operaci\u00f3n retorno\n<\/p>\n<p class=\"v-d-p\" style=\"\">En realidad, la carrera de los carburantes ya ha impactado en los andaluces, sobre todo para <strong>aquellos que hayan emprendido estos d\u00edas la operaci\u00f3n retorno.<\/strong> Esta semana cierra con la que ha sido su octava subida consecutiva. <\/p>\n<p class=\"v-d-p\" style=\"\">El precio medio del <strong>litro del gas\u00f3leo se ha situado esta semana en los 1,861 euros<\/strong>, consolid\u00e1ndose en niveles m\u00e1ximos desde mediados de abril. Mientras, el precio medio del litro de<strong> la gasolina ha escalado esta semana hasta los 1,723 euros<\/strong>, tocando m\u00e1ximos desde marzo. Resultado: llenar un dep\u00f3sito medio -unos 55 litros- de gasolina supone un desembolso actualmente de unos 94,76 euros. En el caso del di\u00e9sel, ese coste es de 102,35 euros (25 euros m\u00e1s que hace un a\u00f1o).<\/p>\n<p class=\"v-d-p\" style=\"\">Volver a casa ha sido por tanto m\u00e1s caro, y el modesto alivio que trae septiembre ser\u00e1 limitado al di\u00e9sel. El d\u00eda 1 se recuperar\u00e1 la<strong> ayuda de 20 c\u00e9ntimos por litro<\/strong> al superar en julio el umbral del 15% establecido en el decreto anticrisis, con la expectativa de que no compensar\u00e1 de forma \u00edntegra la subida. En el caso de la gasolina, peores previsiones: la ayuda se mantendr\u00e1 en 5 c\u00e9ntimos por litro porque la inflaci\u00f3n acumulada no llega a ese l\u00edmite, de modo que quienes recurran a ella tendr\u00e1n que apretar los dientes. <\/p>\n<p class=\"v-d-p\" style=\"\">El problema es que no se sabe qu\u00e9 suceder\u00e1 despu\u00e9s en cuanto a ayudas, pese a que los mercados de futuros anuncian que no habr\u00e1 respiro en oto\u00f1o en este apartado porque no se atisba tampoco en aquello que motiva su encarecimiento: la situaci\u00f3n en el Estrecho de Ormuz. Nada avanza aqu\u00ed, en l\u00ednea con los peores presagios. Ni hay soluci\u00f3n definitiva al conflicto entre Estados Unidos e Ir\u00e1n ni fluyen con normalidad los mercados energ\u00e9ticos.<\/p>\n<p class=\"v-d-p\" style=\"\">El resultado es que el barril de<strong> Brent ronda los 90 euros<\/strong> y la expectativa es que mantenga una l\u00ednea de precios por encima de los 85 d\u00f3lares hasta final de a\u00f1o. Una situaci\u00f3n se contagia al precio de los combustibles. si nada cambia, seguir\u00e1n caros hasta Navidad.<\/p>\n<p>\nGas y electricidad\n<\/p>\n<p class=\"v-d-p\" style=\"\">Tampoco hay perspectivas optimistas con el gas natural, usado tanto para calentar los hogares como materia prima para generar electricidad. Su precio, en m\u00e1ximos desde 2023, lleva dos semanas por encima de los 60 \u20ac\/MWh. La curva de precios a futuro no prev\u00e9 que baje de ese nivel hasta final de a\u00f1o, lo que augura un <strong>oto\u00f1o complicado para los consumidores dom\u00e9sticos. <\/strong>Los clientes que tienen tarifa regulada, cuya revisi\u00f3n de precios es trimestral, se ver\u00e1n afectados pase lo que pase, porque los costes ir\u00e1n al alza.<\/p>\n<p class=\"v-d-p\" style=\"\">Pero su efecto sobre la generaci\u00f3n de electricidad tambi\u00e9n har\u00e1 que golpee en el mercado mayorista de la electricidad y, finalmente, en el consumidor dom\u00e9stico y en su<strong> recibo de la luz.<\/strong> En agosto, el precio de la electricidad apenas un par de d\u00edas ha bajado de los 100 euros el megavatio hora. La situaci\u00f3n no va a mejorar. Seg\u00fan las estimaciones que hace el mercado de futuros de BME, los precios hasta final de a\u00f1o estar\u00edan <strong>por encima de los 113 \u20ac\/MWh. <\/strong><\/p>\n<p>\nLa cesta de la compra, tensionada\n<\/p>\n<p class=\"v-d-p\" style=\"\">A todas esas escaladas energ\u00e9ticas hay que sumar los encarecimientos de la cesta de la compra que soportan las familias desde hace tiempo. Llenar el carrito en el supermercado se ha encarecido un 35,5% en los \u00faltimos tres a\u00f1os, seg\u00fan los c\u00e1lculos de la OCU, que alerta adem\u00e1s de que aprovisionarse de carne y pescado empieza a ser \u00abdif\u00edcil o muy dif\u00edcil de afrontar\u00bb para un 40% de las familias.<\/p>\n<p class=\"v-d-p\" style=\"\">Solo el a\u00f1o pasado, <strong>los andaluces tuvieron que incrementar su gasto en alimentaci\u00f3n, espoleados por la inflaci\u00f3n, un 6,2%; 102,13 euros m\u00e1s por persona, que gast\u00f3 en total 1.700 euros al a\u00f1o en comer<\/strong>. En este escenario, cada nuevo encarecimiento, por leve que sea, no hace sino ahondar en la herida. <\/p>\n<p class=\"v-d-p\" style=\"\">En esta vuelta a la rutina lo que se encontrar\u00e1n los andaluces es que la ternera est\u00e1 un 10% m\u00e1s cara que cuando repusieron su nevera tras las vacaciones hace un a\u00f1o; el pollo, cerca de un 2%; el pescado, ya sea fresco o congelado, un 5%; los huevos, un 14%. <\/p>\n","protected":false},"excerpt":{"rendered":"Se acab\u00f3 el descanso estival, vuelve la rutina. Septiembre asoma ya con la recuperaci\u00f3n de obligaciones y, adem\u00e1s,&hellip;\n","protected":false},"author":2,"featured_media":738424,"comment_status":"","ping_status":"","sticky":false,"template":"","format":"standard","meta":{"footnotes":""},"categories":[80],"tags":[30510,20086,82,2608,6364,95,94,5220,25,24,11037,23,2110,1357],"class_list":["post-738423","post","type-post","status-publish","format-standard","has-post-thumbnail","category-economia","tag-afrontan","tag-andaluces","tag-business","tag-cara","tag-compra","tag-economia","tag-economy","tag-energia","tag-es","tag-espana","tag-gasolina","tag-spain","tag-vacaciones","tag-vuelta"],"share_on_mastodon":{"url":"https:\/\/pubeurope.com\/@es\/117184050375117276","error":""},"_links":{"self":[{"href":"https:\/\/www.europesays.com\/es\/wp-json\/wp\/v2\/posts\/738423","targetHints":{"allow":["GET"]}}],"collection":[{"href":"https:\/\/www.europesays.com\/es\/wp-json\/wp\/v2\/posts"}],"about":[{"href":"https:\/\/www.europesays.com\/es\/wp-json\/wp\/v2\/types\/post"}],"author":[{"embeddable":true,"href":"https:\/\/www.europesays.com\/es\/wp-json\/wp\/v2\/users\/2"}],"replies":[{"embeddable":true,"href":"https:\/\/www.europesays.com\/es\/wp-json\/wp\/v2\/comments?post=738423"}],"version-history":[{"count":0,"href":"https:\/\/www.europesays.com\/es\/wp-json\/wp\/v2\/posts\/738423\/revisions"}],"wp:featuredmedia":[{"embeddable":true,"href":"https:\/\/www.europesays.com\/es\/wp-json\/wp\/v2\/media\/738424"}],"wp:attachment":[{"href":"https:\/\/www.europesays.com\/es\/wp-json\/wp\/v2\/media?parent=738423"}],"wp:term":[{"taxonomy":"category","embeddable":true,"href":"https:\/\/www.europesays.com\/es\/wp-json\/wp\/v2\/categories?post=738423"},{"taxonomy":"post_tag","embeddable":true,"href":"https:\/\/www.europesays.com\/es\/wp-json\/wp\/v2\/tags?post=738423"}],"curies":[{"name":"wp","href":"https:\/\/api.w.org\/{rel}","templated":true}]}}