{"id":738433,"date":"2026-08-30T10:52:40","date_gmt":"2026-08-30T10:52:40","guid":{"rendered":"https:\/\/www.europesays.com\/es\/738433\/"},"modified":"2026-08-30T10:52:40","modified_gmt":"2026-08-30T10:52:40","slug":"el-consorcio-organiza-salidas-guiadas-en-bici-por-la-eurocomarca","status":"publish","type":"post","link":"https:\/\/www.europesays.com\/es\/738433\/","title":{"rendered":"El Consorcio organiza salidas guiadas en bici por la eurocomarca"},"content":{"rendered":"<p style=\"\">El Consorcio Transfronterizo Bidasoa-Txingudi, integrado por los ayuntamientos de Irun, Hondarribia y Hendaye, ha organizado dos visitas guiadas gratuitas en bicicleta para los d\u00edas  &#8230; 19 y 20 de septiembre, coincidiendo con la Semana Europea de la Movilidad 2026. <\/p>\n<p class=\"v-d-p\" style=\"\">La iniciativa propone descubrir de una forma diferente el patrimonio hist\u00f3rico y natural del territorio transfronterizo, combinando movilidad sostenible, actividad al aire libre y conocimiento del entorno.<\/p>\n<p class=\"v-d-p\" style=\"\">Las salidas tendr\u00e1n lugar a las 10.30 horas y ser\u00e1n de una hora y media aproximadamente, siguiendo diferentes tramos del Camino de la Bah\u00eda. Las plazas son limitadas, con grupos de un m\u00e1ximo de 12 personas.<\/p>\n<p class=\"v-d-p\" style=\"\">Con esta propuesta, el Consorcio Transfronterizo busca \u00abacercar a la ciudadan\u00eda el patrimonio compartido de Irun, Hondarribia y Hendaye desde una perspectiva transfronteriza y sostenible. A lo largo de los recorridos, las personas participantes podr\u00e1n conocer algunos de los principales espacios naturales, hist\u00f3ricos y culturales situados alrededor de la bah\u00eda del Bidasoa-Txingudi\u00bb.<\/p>\n<p class=\"v-d-p\" style=\"\">La primera visita tendr\u00e1 lugar el s\u00e1bado 19 de septiembre a las 10.30 horas. El recorrido partir\u00e1 del puente Avenida y se dirigir\u00e1 hacia el casco hist\u00f3rico de Hondarribia, pasando por el parque ecol\u00f3gico de Plaiaundi.<\/p>\n<p class=\"v-d-p\" style=\"\">La segunda salida se celebrar\u00e1 al d\u00eda siguiente, el domingo 20 de septiembre, tambi\u00e9n a las 10.30 horas. El itinerario tendr\u00e1 su punto de origen, igualmente, en el puente Avenida para dirigirse, en esta ocasi\u00f3n, hacia el viejo fuerte y el puerto de Hendaye, pasando por la Isla de los Faisanes.<\/p>\n<p class=\"v-d-p\" style=\"\">El punto de encuentro para ambas jornadas ser\u00e1 el Centro de Interpretaci\u00f3n del Bidasoa, situado en los estribos de la orilla irundarra del puente Avenida.<\/p>\n<p class=\"v-d-p\" style=\"\">Las visitas se desarrollar\u00e1n en los tres idiomas del territorio (euskera, castellano y franc\u00e9s), con una persona gu\u00eda para cada idioma. En el momento de realizar la inscripci\u00f3n deber\u00e1 indicarse el idioma elegido. Adem\u00e1s, es posible apuntarse s\u00f3lo para una de las jornadas o hacerlo para las dos.<\/p>\n<p class=\"v-d-p\" style=\"\">Cada participante deber\u00e1 acudir al punto de encuentro con su propia bicicleta. Antes de comenzar el recorrido se entregar\u00e1 un botell\u00edn de agua, un folleto del camino de la bah\u00eda y un mapa de movilidad transfronteriza. Una vez finalizada la visita, el regreso ser\u00e1 libre, de manera que quienes lo deseen podr\u00e1n continuar recorriendo el territorio por su cuenta.<\/p>\n<p class=\"v-d-p\" style=\"\">La actividad est\u00e1 dirigida a personas a partir de 12 a\u00f1os. En el caso de participantes menores de edad, deber\u00e1n acudir acompa\u00f1ados por una persona adulta. El uso del casco es obligatorio para menores de 16 a\u00f1os, pero tambi\u00e9n se recomienda su uso para las otras personas participantes. La inscripci\u00f3n es gratuita pero debe tramitarse previamente rellenando el formulario disponible en la web del consorcio transfronterizo, www.irunhondarribiahendaye.com.<\/p>\n","protected":false},"excerpt":{"rendered":"El Consorcio Transfronterizo Bidasoa-Txingudi, integrado por los ayuntamientos de Irun, Hondarribia y Hendaye, ha organizado dos visitas guiadas&hellip;\n","protected":false},"author":2,"featured_media":738434,"comment_status":"","ping_status":"","sticky":false,"template":"","format":"standard","meta":{"footnotes":""},"categories":[273],"tags":[2237,313,59374,312,168,25,24,131099,5016,11339,7791,23,167],"class_list":["post-738433","post","type-post","status-publish","format-standard","has-post-thumbnail","category-ciclismo","tag-bici","tag-ciclismo","tag-consorcio","tag-cycling","tag-deportes","tag-es","tag-espana","tag-eurocomarca","tag-guiadas","tag-organiza","tag-salidas","tag-spain","tag-sports"],"share_on_mastodon":{"url":"https:\/\/pubeurope.com\/@es\/117184085542205784","error":""},"_links":{"self":[{"href":"https:\/\/www.europesays.com\/es\/wp-json\/wp\/v2\/posts\/738433","targetHints":{"allow":["GET"]}}],"collection":[{"href":"https:\/\/www.europesays.com\/es\/wp-json\/wp\/v2\/posts"}],"about":[{"href":"https:\/\/www.europesays.com\/es\/wp-json\/wp\/v2\/types\/post"}],"author":[{"embeddable":true,"href":"https:\/\/www.europesays.com\/es\/wp-json\/wp\/v2\/users\/2"}],"replies":[{"embeddable":true,"href":"https:\/\/www.europesays.com\/es\/wp-json\/wp\/v2\/comments?post=738433"}],"version-history":[{"count":0,"href":"https:\/\/www.europesays.com\/es\/wp-json\/wp\/v2\/posts\/738433\/revisions"}],"wp:featuredmedia":[{"embeddable":true,"href":"https:\/\/www.europesays.com\/es\/wp-json\/wp\/v2\/media\/738434"}],"wp:attachment":[{"href":"https:\/\/www.europesays.com\/es\/wp-json\/wp\/v2\/media?parent=738433"}],"wp:term":[{"taxonomy":"category","embeddable":true,"href":"https:\/\/www.europesays.com\/es\/wp-json\/wp\/v2\/categories?post=738433"},{"taxonomy":"post_tag","embeddable":true,"href":"https:\/\/www.europesays.com\/es\/wp-json\/wp\/v2\/tags?post=738433"}],"curies":[{"name":"wp","href":"https:\/\/api.w.org\/{rel}","templated":true}]}}