{"id":738437,"date":"2026-08-30T10:56:15","date_gmt":"2026-08-30T10:56:15","guid":{"rendered":"https:\/\/www.europesays.com\/es\/738437\/"},"modified":"2026-08-30T10:56:15","modified_gmt":"2026-08-30T10:56:15","slug":"julian-alvarez-vuelve-a-entrenar-con-el-atletico-de-madrid","status":"publish","type":"post","link":"https:\/\/www.europesays.com\/es\/738437\/","title":{"rendered":"\u00a1Juli\u00e1n \u00c1lvarez vuelve a entrenar con el Atl\u00e9tico de Madrid!"},"content":{"rendered":"<p class=\"ft-text\"><strong>Juli\u00e1n \u00c1lvarez ha vuelto este domingo a entrenarse con el grupo del Atl\u00e9tico de Madrid<\/strong>, despu\u00e9s de varias sesiones de ausencia por una indisposici\u00f3n, seg\u00fan la versi\u00f3n oficial del club rojiblanco. <a class=\"ft-link ft-link--decoration\" href=\"https:\/\/www.sport.es\/es\/noticias\/barca\/mensaje-simeone-julian-alvarez-plena-133775344\" rel=\"nofollow noopener\" target=\"_blank\">El delantero argentino se reincorpora al trabajo colectivo a poco m\u00e1s de 48 horas del cierre del mercado<\/a> y en plena incertidumbre sobre su futuro.<\/p>\n<p class=\"ft-text\">Juli\u00e1n no particip\u00f3 en los entrenamientos del mi\u00e9rcoles, jueves ni viernes por la ma\u00f1ana y tampoco estuvo con el equipo en el \u00faltimo entrenamiento previo al encuentro ante el Sevilla. <strong>El s\u00e1bado se qued\u00f3 fuera de la convocatoria para el partido del S\u00e1nchez-Pizju\u00e1n, donde el Atl\u00e9tico se impuso por 1-3. El viernes por la tarde ya hab\u00eda realizado trabajo individualizado con un preparador f\u00edsico, <\/strong>paso previo a su regreso con el grupo este domingo.<\/p>\n<p class=\"ft-text\">Su vuelta se produce, adem\u00e1s, en uno de los momentos m\u00e1s delicados del caso que mantiene en vilo su futuro. <strong>El Atl\u00e9tico ha cerrado p\u00fablicamente la puerta a un traspaso al Bar\u00e7a, mientras que el argentino sigue siendo objeto de inter\u00e9s del Arsenal pese a la negativa del jugador a salir a cualquier club que no sea el blaugrana. <\/strong><\/p>\n<p class=\"ft-text\">El mercado espa\u00f1ol echar\u00e1 el cierre este martes a las 23:59 horas, por lo que quedan poco m\u00e1s de dos d\u00edas para conocer definitivamente <strong>cu\u00e1l ser\u00e1 el destino del delantero colchonero o si, finalmente, seguir\u00e1 en el Metropolitano <\/strong>donde los aficionados ya han dejado claro que no tienen intenci\u00f3n de perdonar que el jugador haya expresado p\u00fablicamente su deseo de abandonar la entidad rojiblanca.<\/p>\n<p class=\"ft-text\">De momento, <strong>el argentino vuelve a trabajar junto a sus compa\u00f1eros despu\u00e9s de varios d\u00edas marcados por la incertidumbre <\/strong>y una indisposici\u00f3n, seg\u00fan fuentes oficiales, que no obstante se ha relacionado directamente con su situaci\u00f3n personal en el equipo y la postura intransigente de Miguel \u00c1ngel Gil Mar\u00edn a cumplir con el deseo del futbolista tras las promesas incumplidas.<strong> <\/strong>Su reincorporaci\u00f3n supone un nuevo cap\u00edtulo en un caso que el Atl\u00e9tico intenta encauzar mientras a contrar<\/p>\n","protected":false},"excerpt":{"rendered":"Juli\u00e1n \u00c1lvarez ha vuelto este domingo a entrenarse con el grupo del Atl\u00e9tico de Madrid, despu\u00e9s de varias&hellip;\n","protected":false},"author":2,"featured_media":738438,"comment_status":"","ping_status":"","sticky":false,"template":"","format":"standard","meta":{"footnotes":""},"categories":[268],"tags":[4458,1517,168,19324,25,24,280,282,16401,22784,281,23,167,739],"class_list":["post-738437","post","type-post","status-publish","format-standard","has-post-thumbnail","category-futbol","tag-alvarez","tag-atletico","tag-deportes","tag-entrenar","tag-es","tag-espana","tag-football","tag-futbol","tag-julian","tag-julian-alvarez","tag-soccer","tag-spain","tag-sports","tag-vuelve"],"share_on_mastodon":{"url":"https:\/\/pubeurope.com\/@es\/117184101516444207","error":""},"_links":{"self":[{"href":"https:\/\/www.europesays.com\/es\/wp-json\/wp\/v2\/posts\/738437","targetHints":{"allow":["GET"]}}],"collection":[{"href":"https:\/\/www.europesays.com\/es\/wp-json\/wp\/v2\/posts"}],"about":[{"href":"https:\/\/www.europesays.com\/es\/wp-json\/wp\/v2\/types\/post"}],"author":[{"embeddable":true,"href":"https:\/\/www.europesays.com\/es\/wp-json\/wp\/v2\/users\/2"}],"replies":[{"embeddable":true,"href":"https:\/\/www.europesays.com\/es\/wp-json\/wp\/v2\/comments?post=738437"}],"version-history":[{"count":0,"href":"https:\/\/www.europesays.com\/es\/wp-json\/wp\/v2\/posts\/738437\/revisions"}],"wp:featuredmedia":[{"embeddable":true,"href":"https:\/\/www.europesays.com\/es\/wp-json\/wp\/v2\/media\/738438"}],"wp:attachment":[{"href":"https:\/\/www.europesays.com\/es\/wp-json\/wp\/v2\/media?parent=738437"}],"wp:term":[{"taxonomy":"category","embeddable":true,"href":"https:\/\/www.europesays.com\/es\/wp-json\/wp\/v2\/categories?post=738437"},{"taxonomy":"post_tag","embeddable":true,"href":"https:\/\/www.europesays.com\/es\/wp-json\/wp\/v2\/tags?post=738437"}],"curies":[{"name":"wp","href":"https:\/\/api.w.org\/{rel}","templated":true}]}}