{"id":738449,"date":"2026-08-30T11:04:20","date_gmt":"2026-08-30T11:04:20","guid":{"rendered":"https:\/\/www.europesays.com\/es\/738449\/"},"modified":"2026-08-30T11:04:20","modified_gmt":"2026-08-30T11:04:20","slug":"la-doctora-virginia-trasmonte-experta-en-belleza-sobre-la-exposicion-del-rostro-al-sol-uno-de-los-grandes-perjudicados-es-el-colageno-el-gran-la-proteina-responsable-de-mantener-la-firmeza-y-la-e","status":"publish","type":"post","link":"https:\/\/www.europesays.com\/es\/738449\/","title":{"rendered":"La doctora Virginia Trasmonte, experta en belleza, sobre la exposici\u00f3n del rostro al sol: \u00abUno de los grandes perjudicados es el col\u00e1geno, el gran la prote\u00edna responsable de mantener la firmeza y la elasticidad cut\u00e1neas\u00bb"},"content":{"rendered":"<p data-journey-content=\"true\" data-node-id=\"3\" class=\"css-1ood0zq emevuu60\">En esta nueva entrega de nuestro <a href=\"https:\/\/www.diezminutos.es\/consultorio-belleza\/\" target=\"_blank\" data-vars-ga-ux-element=\"Hyperlink\" data-node-id=\"3.1\" data-mrf-link=\"https:\/\/www.diezminutos.es\/consultorio-belleza\/\" data-vars-ga-outbound-link=\"https:\/\/www.diezminutos.es\/consultorio-belleza\/\" data-vars-ga-call-to-action=\"consultorio de belleza, \" data-mrf-recirculation-id=\"[Article] In Text Link_0\" class=\"body-link css-1v1lrc0 emevuu60\" rel=\"nofollow noopener\">consultorio de belleza, <\/a>la doctora Victoria Trasmonte nos explica de manera detallada c\u00f3mo afecta a nuestro rostro <strong data-node-id=\"3.3\">la exposici\u00f3n continuada al sol porque la piel tiene memoria<\/strong> y el da\u00f1o que le hace el sol, sino la protegemos bien, queda marcada en nuestro rostro. La jefa de servicio de Medicina Est\u00e9tica de la Fundaci\u00f3n Jim\u00e9nez D\u00edaz de Madrid, en nuestra secci\u00f3n <a href=\"https:\/\/www.diezminutos.es\/diez-minutos-cuida-de-ti\/\" target=\"_blank\" data-vars-ga-outbound-link=\"https:\/\/www.diezminutos.es\/diez-minutos-cuida-de-ti\/\" data-vars-ga-ux-element=\"Hyperlink\" data-vars-ga-call-to-action=\"Diez Minutos cuida de ti\" data-node-id=\"3.5\" data-mrf-link=\"https:\/\/www.diezminutos.es\/diez-minutos-cuida-de-ti\/\" data-mrf-recirculation-id=\"[Article] In Text Link_1\" class=\"body-link css-1v1lrc0 emevuu60\" rel=\"nofollow noopener\">Diez Minutos cuida de ti<\/a> explica que <strong data-node-id=\"3.7\">\u00abuno de los grandes perjudicados es el col\u00e1geno, el gran la prote\u00edna responsable de mantener la firmeza y la elasticidad cut\u00e1neas\u00bb.   <\/strong><strong data-node-id=\"3.8\"\/><\/p>\n<p data-journey-content=\"true\" data-node-id=\"9\" class=\"css-1ood0zq emevuu60\"><strong data-node-id=\"9.0\">Cada verano deja un recuerdo en nuestra piel. <\/strong>Aunque el bronceado desaparezca, parte del da\u00f1o provocado permanece de forma silenciosa. La buena noticia es que hoy sabemos que s\u00ed podemos reparar parte del da\u00f1o acumulado y estimular los mecanismos naturales de regeneraci\u00f3n de la piel.<\/p>\n<p data-journey-content=\"true\" data-node-id=\"13\" class=\"css-1ood0zq emevuu60\">La exposici\u00f3n continuada al sol afecta al ADN de las c\u00e9lulas cut\u00e1neas. Cuando los rayos UV alcanzan la piel, generan peque\u00f1as alteraciones que, si se repiten con frecuencia, superan la capacidad natural de reparaci\u00f3n del organismo. <strong data-node-id=\"13.1\">Con el tiempo, estas lesiones favorecen el envejecimiento, las manchas, la p\u00e9rdida de luminosidad e incluso aumentan el riesgo de desarrollar c\u00e1ncer de piel.<\/strong><\/p>\n<p data-journey-content=\"true\" data-node-id=\"18\" class=\"css-1ood0zq emevuu60\">Otro de los grandes perjudicados es el col\u00e1geno, la prote\u00edna responsable de mantener la firmeza y la elasticidad cut\u00e1neas. La radiaci\u00f3n solar activa enzimas que degradan las fibras de col\u00e1geno y elastina, provocando flacidez, arrugas y una textura irregular. <strong data-node-id=\"18.1\">Este proceso, conocido como fotoenvejecimiento, representa una gran parte del envejecimiento visible del rostro.<\/strong><\/p>\n<p><img draggable=\"true\" alt=\"woman relaxing on beach enjoying summer sun\" title=\"Woman relaxing on beach enjoying summer sun\" loading=\"lazy\" width=\"6720\" height=\"4480\" decoding=\"async\" data-nimg=\"1\" style=\"color:transparent;width:100%;height:auto;\"   src=\"https:\/\/www.europesays.com\/es\/wp-content\/uploads\/2026\/08\/62f2458b-ef18-45c3-be26-51d5f39b434d.jpeg\" class=\"css-0 e1ddfba50\"\/><\/p>\n<p>SanyaSM\/\/Getty Images<\/p>\n<p data-journey-content=\"true\" data-node-id=\"27\" class=\"css-1ood0zq emevuu60\">A ello se suma el <strong data-node-id=\"27.1\">estr\u00e9s oxidativo<\/strong>, un desequilibrio producido por el exceso de radicales libres. Estas mol\u00e9culas da\u00f1an las estructuras celulares y aceleran el deterioro de la piel. <strong data-node-id=\"27.3\">Nuestro organismo cuenta con antioxidantes naturales para neutralizarlos, pero la exposici\u00f3n solar intensa, la contaminaci\u00f3n o algunos h\u00e1bitos de vida pueden reducir la capacidad de defensa.<\/strong> La medicina est\u00e9tica actual apuesta por tecnolog\u00edas regenerativas que no solo mejoran el aspecto de la piel, sino que act\u00faan sobre su calidad desde el interior. Entre ellos destacan los tratamientos que <a href=\"https:\/\/www.diezminutos.es\/moda-belleza\/belleza\/a69552212\/experta-medicina-estetica-victoria-trasmonte-conseguir-efecto-buena-cara\/\" target=\"_blank\" data-vars-ga-outbound-link=\"https:\/\/www.diezminutos.es\/moda-belleza\/belleza\/a69552212\/experta-medicina-estetica-victoria-trasmonte-conseguir-efecto-buena-cara\/\" data-vars-ga-ux-element=\"Hyperlink\" data-vars-ga-call-to-action=\"estimulan el col\u00e1geno\" data-node-id=\"27.5\" class=\"body-link css-1v1lrc0 emevuu60\" rel=\"nofollow noopener\">estimulan el col\u00e1geno<\/a>, como los bioestimuladores o dispositivos de energ\u00eda, junto con protocolos personalizados que favorecen la reparaci\u00f3n celular.<\/p>\n<p data-journey-content=\"true\" data-node-id=\"31\" class=\"css-1ood0zq emevuu60\">En este contexto, <a href=\"https:\/\/www.diezminutos.es\/moda-belleza\/belleza\/a63848585\/victoria-trasmonte-sueroterapia-bienestar\/\" target=\"_blank\" data-vars-ga-outbound-link=\"https:\/\/www.diezminutos.es\/moda-belleza\/belleza\/a63848585\/victoria-trasmonte-sueroterapia-bienestar\/\" data-vars-ga-ux-element=\"Hyperlink\" data-vars-ga-call-to-action=\"la sueroterapia\" data-node-id=\"31.1\" class=\"body-link css-1v1lrc0 emevuu60\" rel=\"nofollow noopener\">la sueroterapia<\/a>, que consiste en la suplementaci\u00f3n con antioxidantes, es cada vez m\u00e1s utilizada. Mediante la administraci\u00f3n intravenosa de vitaminas, minerales y sustancias antioxidantes, <strong data-node-id=\"31.3\">se busca reforzar las defensas del organismo frente al estr\u00e9s oxidativo<\/strong>, favoreciendo un entorno biol\u00f3gico m\u00e1s saludable para la piel. Siempre debe realizarse bajo supervisi\u00f3n m\u00e9dica y como parte de un abordaje integral que incluya una fotoprotecci\u00f3n y h\u00e1bitos de vida saludables.<\/p>\n<p data-journey-content=\"true\" data-node-id=\"35\" class=\"css-1ood0zq emevuu60\"><strong data-node-id=\"35.0\">La verdadera clave no est\u00e1 en intentar borrar el pasado, sino en ayudar a la piel a regenerarse mejor cada d\u00eda.<\/strong> Protegerse del sol durante todo el a\u00f1o, incorporar antioxidantes a la rutina y recurrir a tratamientos personalizados cuando sea necesario, permite <a href=\"https:\/\/www.diezminutos.es\/moda-belleza\/belleza\/a65818278\/manchas-cara-verano-sol-doctora-victoria-trasmonte-experta-medicina-estetica\/\" target=\"_blank\" data-vars-ga-outbound-link=\"https:\/\/www.diezminutos.es\/moda-belleza\/belleza\/a65818278\/manchas-cara-verano-sol-doctora-victoria-trasmonte-experta-medicina-estetica\/\" data-vars-ga-ux-element=\"Hyperlink\" data-vars-ga-call-to-action=\"preservar la calidad cut\u00e1nea\" data-node-id=\"35.2\" class=\"body-link css-1v1lrc0 emevuu60\" rel=\"nofollow noopener\">preservar la calidad cut\u00e1nea<\/a>, retrasar los signos del envejecimiento y mantener una piel firme, luminosa y saludable durante m\u00e1s tiempo.<\/p>\n<p><img draggable=\"true\" alt=\"la doctora victoria trasmonte\" title=\"Doctora Victoria Trasmonte\" loading=\"lazy\" width=\"2400\" height=\"2400\" decoding=\"async\" data-nimg=\"1\" style=\"color:transparent;width:100%;height:auto;\"   src=\"https:\/\/www.europesays.com\/es\/wp-content\/uploads\/2026\/08\/doctora-victoria-trasmonte-65e198994aadf.jpg\" class=\"css-0 e1ddfba50\"\/>Cedida<\/p>\n<p>Victoria Trasmonte, Jefa de servicio de Medicina Est\u00e9tica de la Fundaci\u00f3n Jim\u00e9nez D\u00edaz (Madrid)<\/p>\n","protected":false},"excerpt":{"rendered":"En esta nueva entrega de nuestro consultorio de belleza, la doctora Victoria Trasmonte nos explica de manera detallada&hellip;\n","protected":false},"author":2,"featured_media":738450,"comment_status":"","ping_status":"","sticky":false,"template":"","format":"standard","meta":{"footnotes":""},"categories":[92],"tags":[253,1180,25,24,165,12719,166,23],"class_list":["post-738449","post","type-post","status-publish","format-standard","has-post-thumbnail","category-salud","tag-discover","tag-editorial","tag-es","tag-espana","tag-health","tag-print","tag-salud","tag-spain"],"share_on_mastodon":{"url":"https:\/\/pubeurope.com\/@es\/117184134289801627","error":""},"_links":{"self":[{"href":"https:\/\/www.europesays.com\/es\/wp-json\/wp\/v2\/posts\/738449","targetHints":{"allow":["GET"]}}],"collection":[{"href":"https:\/\/www.europesays.com\/es\/wp-json\/wp\/v2\/posts"}],"about":[{"href":"https:\/\/www.europesays.com\/es\/wp-json\/wp\/v2\/types\/post"}],"author":[{"embeddable":true,"href":"https:\/\/www.europesays.com\/es\/wp-json\/wp\/v2\/users\/2"}],"replies":[{"embeddable":true,"href":"https:\/\/www.europesays.com\/es\/wp-json\/wp\/v2\/comments?post=738449"}],"version-history":[{"count":0,"href":"https:\/\/www.europesays.com\/es\/wp-json\/wp\/v2\/posts\/738449\/revisions"}],"wp:featuredmedia":[{"embeddable":true,"href":"https:\/\/www.europesays.com\/es\/wp-json\/wp\/v2\/media\/738450"}],"wp:attachment":[{"href":"https:\/\/www.europesays.com\/es\/wp-json\/wp\/v2\/media?parent=738449"}],"wp:term":[{"taxonomy":"category","embeddable":true,"href":"https:\/\/www.europesays.com\/es\/wp-json\/wp\/v2\/categories?post=738449"},{"taxonomy":"post_tag","embeddable":true,"href":"https:\/\/www.europesays.com\/es\/wp-json\/wp\/v2\/tags?post=738449"}],"curies":[{"name":"wp","href":"https:\/\/api.w.org\/{rel}","templated":true}]}}