{"id":738469,"date":"2026-08-30T11:21:13","date_gmt":"2026-08-30T11:21:13","guid":{"rendered":"https:\/\/www.europesays.com\/es\/738469\/"},"modified":"2026-08-30T11:21:13","modified_gmt":"2026-08-30T11:21:13","slug":"horario-y-donde-ver-gratis-el-partido-grecia-espana-con-aday-mara","status":"publish","type":"post","link":"https:\/\/www.europesays.com\/es\/738469\/","title":{"rendered":"Horario y d\u00f3nde ver gratis el partido Grecia-Espa\u00f1a, con Aday Mara"},"content":{"rendered":"<p class=\"c-paragraph\">La selecci\u00f3n espa\u00f1ola <b>necesita redimirse este lunes\u00a0<\/b>en un escenario imponente como el Telekom Center de Atenas, <a href=\"https:\/\/www.heraldo.es\/noticias\/deportes\/baloncesto\/2026\/08\/28\/partido-espana-portugal-directo-aday-mara-debuta-con-seleccion-absoluta-2047892.html\" title=\"Resumen del partido Espa\u00f1a-Portugal: los n\u00fameros de Aday Mara en su debut con la selecci\u00f3n absoluta\" rel=\"nofollow noopener\" target=\"_blank\">tras su decepcionante estreno de la segunda fase de clasificaci\u00f3n para el Mundial de 2027 en Catar con derrota ante Portugal (89-95) <\/a>para no complicarse su camino tras dos derrotas consecutivas.<\/p>\n<p class=\"c-paragraph\">Enfrente estar\u00e1 Grecia<b>, con la leyenda Vassilis Spanoulis en el banquillo<\/b> y con nombres ilustres como Nick Calathes, Tyler Dorsey, Dinos Mitoglou, el sempiterno capit\u00e1n Kostas Papanikolaou o los hermanos Antetokounmpo, Kostas y Thanasis, aunque faltar\u00e1 su estrella,el NBA Giannis Antetokounmpo, que se pierde esta fase decisiva de su selecci\u00f3n para estar en la cita catar\u00ed.<\/p>\n<p class=\"c-paragraph\">El partido que enfrenta a Grecia con Espa\u00f1a, correspondiente a la segunda jornada de la segunda fase de clasificaci\u00f3n para el Mundial,<b> se disputar\u00e1 este lunes, 31 de agosto, <\/b>a partir de las 18.00 en Atenas. El encuentro ser\u00e1 retransmitido por televisi\u00f3n a trav\u00e9s de Teledeporte.\u00a0<\/p>\n<p>Grecia, sin margen de error<\/p>\n<p class=\"c-paragraph\">Los locales, <b>tras su derrota encajada ante Ucrania (82-76),<\/b> se han quedado como colistas del grupo y, por tanto, el margen de error se ha reducido a la m\u00ednima expresi\u00f3n, por lo que necesitan enderezar cuanto antes el rumbo para aspirar a las tres plazas que dan derecho a estar en el Mundial.<\/p>\n<p class=\"c-paragraph\">Por su parte, el conjunto de Chus Mateo dej\u00f3 dudas en su partido de Zaragoza el pasado viernes, en el que encaj\u00f3 s<b>u primera derrota en partido oficial ante Portugal, <\/b>iniciando la segunda fase, ya con varios jugadores NBA, pero sin Santi Aldama, como hab\u00eda concluido la primera en Georgia con el inesperado, por c\u00f3mo transcurri\u00f3 el encuentro, tropiezo final con derrota.<\/p>\n<p class=\"c-paragraph\">Sin embargo, la cita en el pabell\u00f3n Pr\u00edncipel Felipe s\u00ed dej\u00f3 atisbos para la esperanza como el debut de dos jugadores llamados a ser el futuro de la selecci\u00f3n: <b>Aday Mara, que se estrenaba precisamente en su tierra<\/b>, y Baba Miller, con mejores prestaciones para el p\u00edvot. El zaragozano demostr\u00f3 capacidad de intimidaci\u00f3n en ambos aros con 12 puntos, 5 rebotes y 4 tapones ante los portugueses.<\/p>\n<p class=\"c-paragraph\">Para el combinado heleno la cita es m\u00e1s que trascendente porque una derrota frente a Espa\u00f1a <b>complicar\u00eda sobremanera su camino,<\/b> ya de por s\u00ed cuesta arriba, hacia el campeonato del mundo despu\u00e9s de una err\u00e1tica primera fase y con una etapa tambi\u00e9n en fase de reconstrucci\u00f3n.<\/p>\n","protected":false},"excerpt":{"rendered":"La selecci\u00f3n espa\u00f1ola necesita redimirse este lunes\u00a0en un escenario imponente como el Telekom Center de Atenas, tras su&hellip;\n","protected":false},"author":2,"featured_media":738470,"comment_status":"","ping_status":"","sticky":false,"template":"","format":"standard","meta":{"footnotes":""},"categories":[269],"tags":[299,298,168,3169,25,24,2023,319,1045,23,167,809],"class_list":["post-738469","post","type-post","status-publish","format-standard","has-post-thumbnail","category-baloncesto","tag-baloncesto","tag-basketball","tag-deportes","tag-donde","tag-es","tag-espana","tag-grecia","tag-horario","tag-partido","tag-spain","tag-sports","tag-ver"],"share_on_mastodon":{"url":"https:\/\/pubeurope.com\/@es\/117184199739092086","error":""},"_links":{"self":[{"href":"https:\/\/www.europesays.com\/es\/wp-json\/wp\/v2\/posts\/738469","targetHints":{"allow":["GET"]}}],"collection":[{"href":"https:\/\/www.europesays.com\/es\/wp-json\/wp\/v2\/posts"}],"about":[{"href":"https:\/\/www.europesays.com\/es\/wp-json\/wp\/v2\/types\/post"}],"author":[{"embeddable":true,"href":"https:\/\/www.europesays.com\/es\/wp-json\/wp\/v2\/users\/2"}],"replies":[{"embeddable":true,"href":"https:\/\/www.europesays.com\/es\/wp-json\/wp\/v2\/comments?post=738469"}],"version-history":[{"count":0,"href":"https:\/\/www.europesays.com\/es\/wp-json\/wp\/v2\/posts\/738469\/revisions"}],"wp:featuredmedia":[{"embeddable":true,"href":"https:\/\/www.europesays.com\/es\/wp-json\/wp\/v2\/media\/738470"}],"wp:attachment":[{"href":"https:\/\/www.europesays.com\/es\/wp-json\/wp\/v2\/media?parent=738469"}],"wp:term":[{"taxonomy":"category","embeddable":true,"href":"https:\/\/www.europesays.com\/es\/wp-json\/wp\/v2\/categories?post=738469"},{"taxonomy":"post_tag","embeddable":true,"href":"https:\/\/www.europesays.com\/es\/wp-json\/wp\/v2\/tags?post=738469"}],"curies":[{"name":"wp","href":"https:\/\/api.w.org\/{rel}","templated":true}]}}