{"id":738473,"date":"2026-08-30T11:23:18","date_gmt":"2026-08-30T11:23:18","guid":{"rendered":"https:\/\/www.europesays.com\/es\/738473\/"},"modified":"2026-08-30T11:23:18","modified_gmt":"2026-08-30T11:23:18","slug":"el-refugio-de-kira-miro-46-anos-en-canarias-es-un-precioso-pueblo-de-gran-canaria-entre-volcanes-y-vinedos-el-rincon-donde-siempre-quiere-volver","status":"publish","type":"post","link":"https:\/\/www.europesays.com\/es\/738473\/","title":{"rendered":"El refugio de Kira Mir\u00f3 (46 a\u00f1os) en Canarias es un precioso pueblo de Gran Canaria entre volcanes y vi\u00f1edos: el rinc\u00f3n donde siempre quiere volver"},"content":{"rendered":"<p class=\"ft-text\">Aunque su carrera la ha llevado a trabajar en numerosos proyectos por toda Espa\u00f1a, Kira Mir\u00f3 nunca ha dejado de presumir <a class=\"ft-link ft-link--decoration\" href=\"https:\/\/www.laprovincia.es\/vida-y-estilo\/gente\/2026\/08\/03\/quevedo-irreconocible-durante-vacaciones-verano-133052414.html\" target=\"_blank\" rel=\"nofollow noopener\">de sus ra\u00edces canarias<\/a>. La actriz y presentadora mantiene un fuerte v\u00ednculo <a class=\"ft-link ft-link--decoration\" href=\"https:\/\/www.laprovincia.es\/las-palmas\/2026\/08\/03\/obras-estacion-bombeo-teatro-palmas-133059042.html\" target=\"_blank\" rel=\"nofollow noopener\">con Gran Canaria<\/a> y, especialmente, con Santa Br\u00edgida, el municipio donde creci\u00f3 y al que ha confesado que le gusta volver siempre que tiene ocasi\u00f3n.<\/p>\n<p class=\"ft-text\">Ese sentimiento qued\u00f3 reflejado en una entrevista concedida a la <a class=\"ft-link ft-link--decoration\" href=\"https:\/\/www.clara.es\/\" rel=\"nofollow noopener\" target=\"_blank\">revista Clara<\/a>, en la que habl\u00f3 del papel que ocupa el mar en su vida y de la conexi\u00f3n que sigue sintiendo con la isla. \u00ab<strong>Siempre mar, como buena isle\u00f1a. Me relaja, me conecta, es un sitio al que siempre quiero volver, escucharlo, tocarlo, sentirlo, olerlo<\/strong>\u00ab, asegur\u00f3.<\/p>\n<p class=\"ft-text\">Sus palabras reflejan el apego que conserva por Gran Canaria, un lugar que identifica con la tranquilidad, la naturaleza y los recuerdos de su infancia, y que contin\u00faa siendo uno de sus refugios personales pese al ritmo de su carrera profesional.<\/p>\n<p>Santa Br\u00edgida, un rinc\u00f3n entre volcanes, vi\u00f1edos y naturaleza<\/p>\n<p class=\"ft-text\">Situado a unos 15 kil\u00f3metros de Las Palmas de Gran Canaria, <strong>Santa Br\u00edgida<\/strong> es uno de los municipios con mayor personalidad del interior de la isla. Sus paisajes verdes, sus caminos rurales y su tradici\u00f3n agr\u00edcola ofrecen una imagen muy diferente a la de las zonas costeras m\u00e1s tur\u00edsticas del archipi\u00e9lago.<\/p>\n<p><img decoding=\"async\" src=\"https:\/\/www.europesays.com\/es\/wp-content\/uploads\/2026\/08\/1788088998_761_9cfc1a75-00c5-4df1-ae4d-888b85ae618b_alta-libre-aspect-ratio_default_0_x1100y489.jpg\" width=\"1200\" height=\"800\" alt=\"Panor\u00e1mica de la Villa de Santa Br\u00edgida.\" class=\"ft-helper-img-rd\" loading=\"lazy\" fetchpriority=\"auto\"\/><\/p>\n<p class=\"ft-helper-fontColor-quaternary ft-helper-fontSize-body-S ft-helper-spacer-t-xxs\">Panor\u00e1mica de la Villa de Santa Br\u00edgida.  \/ ANDRES CRUZ<\/p>\n<p class=\"ft-text\">El municipio combina arquitectura tradicional canaria, casas blancas, calles tranquilas y un entorno marcado por los vi\u00f1edos, las palmeras y los barrancos. Un paisaje de median\u00edas que ha conservado parte de la esencia hist\u00f3rica de Gran Canaria.<\/p>\n<p class=\"ft-text\">Precisamente ese ambiente fue el que acompa\u00f1\u00f3 los primeros a\u00f1os de vida de Kira Mir\u00f3, que siempre ha destacado la importancia de volver a los lugares que forman parte de su identidad.<\/p>\n<p>El Bandama, una obra arquitect\u00f3nica de la naturaleza<\/p>\n<p class=\"ft-text\">Uno de los grandes atractivos de Santa Br\u00edgida es su cercan\u00eda a algunos de los espacios naturales m\u00e1s representativos de Gran Canaria. Entre ellos destaca la <strong>Caldera de Bandama<\/strong>, uno de los paisajes volc\u00e1nicos m\u00e1s reconocibles de la isla.<\/p>\n<p class=\"ft-text\">Este enorme cr\u00e1ter, formado por la actividad volc\u00e1nica hace miles de a\u00f1os, ofrece una de las panor\u00e1micas m\u00e1s espectaculares del territorio grancanario. Desde el Pico de Bandama se puede contemplar una amplia parte de la isla, desde las zonas monta\u00f1osas del interior hasta el oc\u00e9ano Atl\u00e1ntico.<\/p>\n<p class=\"ft-text\">Adem\u00e1s, los senderos que recorren el entorno permiten descubrir una Gran Canaria alejada del turismo de sol y playa, con antiguos caminos, zonas agr\u00edcolas y paisajes donde la naturaleza tiene un papel protagonista.<\/p>\n<p>La tradici\u00f3n del vino y la Gran Canaria m\u00e1s aut\u00e9ntica<\/p>\n<p class=\"ft-text\">Santa Br\u00edgida tambi\u00e9n mantiene una estrecha relaci\u00f3n con la cultura del vino. Sus tierras forman parte de una de las zonas vitivin\u00edcolas m\u00e1s importantes de Gran Canaria, con bodegas que conservan variedades tradicionales adaptadas al terreno volc\u00e1nico de la isla.<\/p>\n<p class=\"ft-text\">A esta tradici\u00f3n se suma una gastronom\u00eda basada en productos locales, con protagonismo para elementos de la cocina canaria como los quesos artesanos, el gofio o las papas arrugadas con mojo.<\/p>\n<p class=\"ft-text\">Una combinaci\u00f3n de paisaje, historia y tranquilidad que convierte al municipio en uno de los rincones m\u00e1s especiales para quienes buscan conocer una versi\u00f3n m\u00e1s aut\u00e9ntica de Gran Canaria.<\/p>\n<p class=\"ft-text\">A pesar de haber desarrollado gran parte de su trayectoria profesional fuera de Canarias, Kira Mir\u00f3 mantiene presente su relaci\u00f3n con la isla. Santa Br\u00edgida contin\u00faa siendo para ella un lugar vinculado a sus recuerdos y a esa sensaci\u00f3n de volver a casa.<\/p>\n<p class=\"ft-text\">Un municipio del interior de Gran Canaria que, lejos del ruido de otros puntos tur\u00edsticos, conserva precisamente aquello que la actriz destaca: un espacio donde escuchar el mar, conectar con la naturaleza y regresar siempre que sea necesario.<\/p>\n","protected":false},"excerpt":{"rendered":"Aunque su carrera la ha llevado a trabajar en numerosos proyectos por toda Espa\u00f1a, Kira Mir\u00f3 nunca ha&hellip;\n","protected":false},"author":2,"featured_media":738474,"comment_status":"","ping_status":"","sticky":false,"template":"","format":"standard","meta":{"footnotes":""},"categories":[174],"tags":[29161,255,4482,146,147,25,24,256,10716,2676,10288,12997,58181,23],"class_list":["post-738473","post","type-post","status-publish","format-standard","has-post-thumbnail","category-famosos","tag-29161","tag-celebrities","tag-dv","tag-entertainment","tag-entretenimiento","tag-es","tag-espana","tag-famosos","tag-kira","tag-lugar","tag-miro","tag-preferido","tag-santa-brigida","tag-spain"],"share_on_mastodon":{"url":"https:\/\/pubeurope.com\/@es\/117184208686162258","error":""},"_links":{"self":[{"href":"https:\/\/www.europesays.com\/es\/wp-json\/wp\/v2\/posts\/738473","targetHints":{"allow":["GET"]}}],"collection":[{"href":"https:\/\/www.europesays.com\/es\/wp-json\/wp\/v2\/posts"}],"about":[{"href":"https:\/\/www.europesays.com\/es\/wp-json\/wp\/v2\/types\/post"}],"author":[{"embeddable":true,"href":"https:\/\/www.europesays.com\/es\/wp-json\/wp\/v2\/users\/2"}],"replies":[{"embeddable":true,"href":"https:\/\/www.europesays.com\/es\/wp-json\/wp\/v2\/comments?post=738473"}],"version-history":[{"count":0,"href":"https:\/\/www.europesays.com\/es\/wp-json\/wp\/v2\/posts\/738473\/revisions"}],"wp:featuredmedia":[{"embeddable":true,"href":"https:\/\/www.europesays.com\/es\/wp-json\/wp\/v2\/media\/738474"}],"wp:attachment":[{"href":"https:\/\/www.europesays.com\/es\/wp-json\/wp\/v2\/media?parent=738473"}],"wp:term":[{"taxonomy":"category","embeddable":true,"href":"https:\/\/www.europesays.com\/es\/wp-json\/wp\/v2\/categories?post=738473"},{"taxonomy":"post_tag","embeddable":true,"href":"https:\/\/www.europesays.com\/es\/wp-json\/wp\/v2\/tags?post=738473"}],"curies":[{"name":"wp","href":"https:\/\/api.w.org\/{rel}","templated":true}]}}