{"id":738475,"date":"2026-08-30T11:26:17","date_gmt":"2026-08-30T11:26:17","guid":{"rendered":"https:\/\/www.europesays.com\/es\/738475\/"},"modified":"2026-08-30T11:26:17","modified_gmt":"2026-08-30T11:26:17","slug":"un-incendio-arrasa-el-plato-de-maestros-de-la-costura","status":"publish","type":"post","link":"https:\/\/www.europesays.com\/es\/738475\/","title":{"rendered":"Un incendio arrasa el plat\u00f3 de &#8216;Maestros de la Costura&#8217;"},"content":{"rendered":"<p style=\"\">Un incendio, que ha tenido lugar este s\u00e1bado, 29 de agosto, ha arrasado el plat\u00f3 en el que se graba &#8216;Maestros de la Costura&#8217;. Y  &#8230; lo ha hecho d\u00edas despu\u00e9s de que Beatriz Luengo se proclamara vencedora de la edici\u00f3n celebrity del concurso.<\/p>\n<p class=\"v-d-p\" style=\"\">Los Bomberos de la Comunidad de Madrid acudieron r\u00e1pidamente al aviso en el municipio Fuente Saz del Jarama, en el que una nave industrial, dedicada a las producciones audiovisuales, se hab\u00eda visto afectada por las llamas. Hasta el lugar se desplazaron un total de 10 dotaciones y la unidad de drones para poder extinguir el fuego. Adem\u00e1s del plat\u00f3 de grabaci\u00f3n, han indicado los bomberos, tambi\u00e9n se han visto afectadas las oficinas.<\/p>\n<p class=\"v-d-p\" style=\"\">\u00abLa intervenci\u00f3n ha consistido en el ataque exterior e interior y ha sido compleja debido a la gran carga de fuego que hab\u00eda\u00bb, explicaba David D\u00edaz, jefe de la intervenci\u00f3n, y seg\u00fan recoge &#8216;Diez Minutos&#8217;.<\/p>\n<blockquote class=\"twitter-tweet\">\n<p lang=\"es\" dir=\"ltr\">Incendio de nave industrial <\/p>\n<p>\ud83d\udccd Vereda Cantarranas. Fuente el Saz del Jarama. <\/p>\n<p>A la llegada de los <a href=\"https:\/\/x.com\/hashtag\/BomberosCM?src=hash&amp;ref_src=twsrc%5Etfw\" rel=\"nofollow\">#BomberosCM<\/a> el fuego estaba generalizo en esa nave dedicada a las producciones audiovisuales. <\/p>\n<p>Se han visto totalmente afectados un plato de grabaci\u00f3n y las oficinas.<a href=\"https:\/\/x.com\/hashtag\/SUMMA112?src=hash&amp;ref_src=twsrc%5Etfw\" rel=\"nofollow\">#SUMMA112<\/a>\u2026 <a href=\"https:\/\/t.co\/N9K97vfbi8\" rel=\"nofollow\">pic.twitter.com\/N9K97vfbi8<\/a><\/p>\n<p>\u2014 112 Comunidad de Madrid (@112cmadrid) <a href=\"https:\/\/x.com\/112cmadrid\/status\/2093722424441180494?ref_src=twsrc%5Etfw\" rel=\"nofollow\">August 29, 2026<\/a><\/p><\/blockquote>\n<p class=\"v-d-p\" style=\"\">Tal y como publica El Mundo, el estudio afectado no ten\u00eda actualmente ning\u00fan decorado en su interior, as\u00ed que los da\u00f1os han sido mucho menores de lo que podr\u00eda esperarse. Adem\u00e1s, seg\u00fan el mismo medio, la r\u00e1pida actuaci\u00f3n de los bomberos ha evitado que las llamas afectaran tambi\u00e9n al plat\u00f3 de &#8216;MasterChef&#8217;, concurso que s\u00ed que tiene previsto arrancar con las grabaciones dentro de poco. <\/p>\n<p><script async src=\"https:\/\/platform.twitter.com\/widgets.js\" charset=\"utf-8\"><\/script><\/p>\n","protected":false},"excerpt":{"rendered":"Un incendio, que ha tenido lugar este s\u00e1bado, 29 de agosto, ha arrasado el plat\u00f3 en el que&hellip;\n","protected":false},"author":2,"featured_media":738476,"comment_status":"","ping_status":"","sticky":false,"template":"","format":"standard","meta":{"footnotes":""},"categories":[171],"tags":[7200,45152,146,147,25,24,48,2030,9721,23,214],"class_list":["post-738475","post","type-post","status-publish","format-standard","has-post-thumbnail","category-tv","tag-arrasa","tag-costura","tag-entertainment","tag-entretenimiento","tag-es","tag-espana","tag-incendio","tag-maestros","tag-plato","tag-spain","tag-tv"],"share_on_mastodon":{"url":"https:\/\/pubeurope.com\/@es\/117184219475586443","error":""},"_links":{"self":[{"href":"https:\/\/www.europesays.com\/es\/wp-json\/wp\/v2\/posts\/738475","targetHints":{"allow":["GET"]}}],"collection":[{"href":"https:\/\/www.europesays.com\/es\/wp-json\/wp\/v2\/posts"}],"about":[{"href":"https:\/\/www.europesays.com\/es\/wp-json\/wp\/v2\/types\/post"}],"author":[{"embeddable":true,"href":"https:\/\/www.europesays.com\/es\/wp-json\/wp\/v2\/users\/2"}],"replies":[{"embeddable":true,"href":"https:\/\/www.europesays.com\/es\/wp-json\/wp\/v2\/comments?post=738475"}],"version-history":[{"count":0,"href":"https:\/\/www.europesays.com\/es\/wp-json\/wp\/v2\/posts\/738475\/revisions"}],"wp:featuredmedia":[{"embeddable":true,"href":"https:\/\/www.europesays.com\/es\/wp-json\/wp\/v2\/media\/738476"}],"wp:attachment":[{"href":"https:\/\/www.europesays.com\/es\/wp-json\/wp\/v2\/media?parent=738475"}],"wp:term":[{"taxonomy":"category","embeddable":true,"href":"https:\/\/www.europesays.com\/es\/wp-json\/wp\/v2\/categories?post=738475"},{"taxonomy":"post_tag","embeddable":true,"href":"https:\/\/www.europesays.com\/es\/wp-json\/wp\/v2\/tags?post=738475"}],"curies":[{"name":"wp","href":"https:\/\/api.w.org\/{rel}","templated":true}]}}