{"id":738477,"date":"2026-08-30T11:29:15","date_gmt":"2026-08-30T11:29:15","guid":{"rendered":"https:\/\/www.europesays.com\/es\/738477\/"},"modified":"2026-08-30T11:29:15","modified_gmt":"2026-08-30T11:29:15","slug":"maxima-expectacion-en-el-dia-grande-del-gp-de-aragon-en-motorland-marquez-queremos-una-mas","status":"publish","type":"post","link":"https:\/\/www.europesays.com\/es\/738477\/","title":{"rendered":"M\u00e1xima expectaci\u00f3n en el d\u00eda grande del GP de Arag\u00f3n en Motorland: \u201c\u00a1M\u00e1rquez, queremos una m\u00e1s!\u201d"},"content":{"rendered":"<p class=\"c-paragraph\">No es el \u00fanico, pero s\u00ed el m\u00e1s repetido. <b>El <\/b><a href=\"https:\/\/www.heraldo.es\/noticias\/motor\/2026\/08\/29\/marc-marquez-se-adjudica-victoria-carrera-esprint-motorland-2048031.html\" title=\"Marc M\u00e1rquez se adjudica la victoria en la carrera esprint de Motorland\" rel=\"nofollow noopener\" target=\"_blank\">nombre de Marc M\u00e1rquez<\/a><b> no deja de sonar este domingo en cada rinc\u00f3n del circuito de Motorland<\/b>. El piloto de Cervera es el gran atractivo para la tercera y \u00faltima jornada del Gran Premio de Arag\u00f3n, el plato fuerte que promete emociones tambi\u00e9n muy elevadas. Especialmente desde las 14.00, cuando se dar\u00e1 el banderazo de salida a la carrera de Moto GP.<\/p>\n","protected":false},"excerpt":{"rendered":"No es el \u00fanico, pero s\u00ed el m\u00e1s repetido. El nombre de Marc M\u00e1rquez no deja de sonar&hellip;\n","protected":false},"author":2,"featured_media":738478,"comment_status":"","ping_status":"","sticky":false,"template":"","format":"standard","meta":{"footnotes":""},"categories":[93],"tags":[168,978,25,24,17171,3170,699,6659,23,167],"class_list":["post-738477","post","type-post","status-publish","format-standard","has-post-thumbnail","category-deportes","tag-deportes","tag-dia","tag-es","tag-espana","tag-expectacion","tag-gp","tag-grande","tag-maxima","tag-spain","tag-sports"],"share_on_mastodon":{"url":"https:\/\/pubeurope.com\/@es\/117184231271207465","error":""},"_links":{"self":[{"href":"https:\/\/www.europesays.com\/es\/wp-json\/wp\/v2\/posts\/738477","targetHints":{"allow":["GET"]}}],"collection":[{"href":"https:\/\/www.europesays.com\/es\/wp-json\/wp\/v2\/posts"}],"about":[{"href":"https:\/\/www.europesays.com\/es\/wp-json\/wp\/v2\/types\/post"}],"author":[{"embeddable":true,"href":"https:\/\/www.europesays.com\/es\/wp-json\/wp\/v2\/users\/2"}],"replies":[{"embeddable":true,"href":"https:\/\/www.europesays.com\/es\/wp-json\/wp\/v2\/comments?post=738477"}],"version-history":[{"count":0,"href":"https:\/\/www.europesays.com\/es\/wp-json\/wp\/v2\/posts\/738477\/revisions"}],"wp:featuredmedia":[{"embeddable":true,"href":"https:\/\/www.europesays.com\/es\/wp-json\/wp\/v2\/media\/738478"}],"wp:attachment":[{"href":"https:\/\/www.europesays.com\/es\/wp-json\/wp\/v2\/media?parent=738477"}],"wp:term":[{"taxonomy":"category","embeddable":true,"href":"https:\/\/www.europesays.com\/es\/wp-json\/wp\/v2\/categories?post=738477"},{"taxonomy":"post_tag","embeddable":true,"href":"https:\/\/www.europesays.com\/es\/wp-json\/wp\/v2\/tags?post=738477"}],"curies":[{"name":"wp","href":"https:\/\/api.w.org\/{rel}","templated":true}]}}