{"id":738485,"date":"2026-08-30T11:33:20","date_gmt":"2026-08-30T11:33:20","guid":{"rendered":"https:\/\/www.europesays.com\/es\/738485\/"},"modified":"2026-08-30T11:33:20","modified_gmt":"2026-08-30T11:33:20","slug":"un-acertante-de-la-primitiva-gana-mas-de-un-millon-de-euros-este-sabado","status":"publish","type":"post","link":"https:\/\/www.europesays.com\/es\/738485\/","title":{"rendered":"Un acertante de La Primitiva gana m\u00e1s de un mill\u00f3n de euros este s\u00e1bado"},"content":{"rendered":"<p style=\"\">La combinaci\u00f3n ganadora del sorteo de &#8216;La Primitiva&#8217; celebrado este s\u00e1bado, 29 de agosto, ha estado formada por los 11, 22, 27, 30, 38 y  &#8230; 41. El n\u00famero complementario es el 21, el reintegro el 7 y el Joker, 8 709 216. <\/p>\n<p class=\"v-d-p\" style=\"\">La recaudaci\u00f3n ha ascendido a 10.030.127 euros.<\/p>\n<p class=\"v-d-p\" style=\"\">En el sorteo de La Primitiva de hoy no existen boletos acertantes de Categor\u00eda Especial (6 aciertos + Reintegro), por lo que, con el bote generado que se pondr\u00e1 en juego en el pr\u00f3ximo sorteo de La Primitiva, un \u00fanico acertante de Primera Categor\u00eda con Categor\u00eda Especial podr\u00eda ganar 7.500.000 euros.<\/p>\n<p class=\"v-d-p\" style=\"\">De Primera Categor\u00eda (6 aciertos) existe un boleto acertante, premiado con 1.180.532,79 euros y que ha sido validado en la Administraci\u00f3n de Loter\u00edas n\u00ba 1 de Salas de los Infantes (Burgos), situada en Avenida Infantes de Lara, 34.<\/p>\n<p class=\"v-d-p\" style=\"\">De Segunda Categor\u00eda (5 aciertos + Complementario) existen dos boletos acertantes, premiados con 95.718,88 euros y que han sido validados en la Administraci\u00f3n de Loter\u00edas n\u00ba 1 de El Sauzal (Santa Cruz de Tenerife), situada en Avenida de las Palmeras, 9 L-1 y en la n\u00ba 4 de Carcaixent (Valencia), situada en Avenida Joan XXIII, 88 1-A. <\/p>\n","protected":false},"excerpt":{"rendered":"La combinaci\u00f3n ganadora del sorteo de &#8216;La Primitiva&#8217; celebrado este s\u00e1bado, 29 de agosto, ha estado formada por&hellip;\n","protected":false},"author":2,"featured_media":738486,"comment_status":"","ping_status":"","sticky":false,"template":"","format":"standard","meta":{"footnotes":""},"categories":[80],"tags":[82,95,94,25,24,728,3397,886,23],"class_list":["post-738485","post","type-post","status-publish","format-standard","has-post-thumbnail","category-economia","tag-business","tag-economia","tag-economy","tag-es","tag-espana","tag-primitiva","tag-sabado","tag-sorteo","tag-spain"],"share_on_mastodon":{"url":"https:\/\/pubeurope.com\/@es\/117184247148408426","error":""},"_links":{"self":[{"href":"https:\/\/www.europesays.com\/es\/wp-json\/wp\/v2\/posts\/738485","targetHints":{"allow":["GET"]}}],"collection":[{"href":"https:\/\/www.europesays.com\/es\/wp-json\/wp\/v2\/posts"}],"about":[{"href":"https:\/\/www.europesays.com\/es\/wp-json\/wp\/v2\/types\/post"}],"author":[{"embeddable":true,"href":"https:\/\/www.europesays.com\/es\/wp-json\/wp\/v2\/users\/2"}],"replies":[{"embeddable":true,"href":"https:\/\/www.europesays.com\/es\/wp-json\/wp\/v2\/comments?post=738485"}],"version-history":[{"count":0,"href":"https:\/\/www.europesays.com\/es\/wp-json\/wp\/v2\/posts\/738485\/revisions"}],"wp:featuredmedia":[{"embeddable":true,"href":"https:\/\/www.europesays.com\/es\/wp-json\/wp\/v2\/media\/738486"}],"wp:attachment":[{"href":"https:\/\/www.europesays.com\/es\/wp-json\/wp\/v2\/media?parent=738485"}],"wp:term":[{"taxonomy":"category","embeddable":true,"href":"https:\/\/www.europesays.com\/es\/wp-json\/wp\/v2\/categories?post=738485"},{"taxonomy":"post_tag","embeddable":true,"href":"https:\/\/www.europesays.com\/es\/wp-json\/wp\/v2\/tags?post=738485"}],"curies":[{"name":"wp","href":"https:\/\/api.w.org\/{rel}","templated":true}]}}