{"id":738495,"date":"2026-08-30T11:43:15","date_gmt":"2026-08-30T11:43:15","guid":{"rendered":"https:\/\/www.europesays.com\/es\/738495\/"},"modified":"2026-08-30T11:43:15","modified_gmt":"2026-08-30T11:43:15","slug":"muere-un-ciclista-najerino-cuando-rodaba-en-peloton-a-su-paso-por-azofra","status":"publish","type":"post","link":"https:\/\/www.europesays.com\/es\/738495\/","title":{"rendered":"Muere un ciclista najerino cuando rodaba en pelot\u00f3n a su paso por Azofra"},"content":{"rendered":"<p><img decoding=\"async\" class=\"v-ath__i\" loading=\"lazy\" src=\"https:\/\/www.europesays.com\/es\/wp-content\/uploads\/2026\/08\/autor-313-foto-1.png\" alt=\"Diego Mar\u00edn A.\"\/><\/p>\n<p>30\/08\/2026<\/p>\n<p>Actualizado a las 13:36h.<\/p>\n<p class=\"v-d-p\" style=\"\">Un ciclista ha muerto en la ma\u00f1ana de este domingo mientras circulaba por el t\u00e9rmino municipal de <a href=\"https:\/\/www.larioja.com\/temas\/lugares\/azofra.html\" title=\"\" data-voc-vtm-id=\"in-text-traffic\" data-mrf-link=\"www.larioja.com\" rel=\"nofollow noopener\" target=\"_blank\">Azofra<\/a>. <\/p>\n<p class=\"v-d-p\" style=\"\">Tal y como ha confirmado el  &#8230; Gobierno de La Rioja, el hombre ha fallecido por causas naturales cuando se encontraba realizando una ruta en bicicleta en grupo. El suceso ha ocurrido sobre las 10.30 horas en las inmediaciones de las carreteras N-120 y LR-423, muy cerca del Jard\u00edn Bot\u00e1nico de La Rioja. <\/p>\n<p class=\"v-d-p\" style=\"\">El fallecido, N.M.L., es un vecino de <a href=\"https:\/\/www.larioja.com\/comarcas\/najera\/\" title=\"\" data-voc-vtm-id=\"in-text-traffic\" data-mrf-link=\"www.larioja.com\" rel=\"nofollow noopener\" target=\"_blank\">N\u00e1jera <\/a>de 49 a\u00f1os, casado y con un hijo. Estaba muy vinculado al deporte de la localidad. De hecho entrenaba a un equipo de la Escuela de F\u00fatbol y pertenec\u00eda al Churrumendi Sporting Clays, club de tiro al plato con el que se proclam\u00f3 subcampe\u00f3n de Espa\u00f1a de segunda categor\u00eda.<\/p>\n<p class=\"v-d-p\" style=\"\">Adem\u00e1s, participaba como actor de &#8216;Las Cr\u00f3nicas Najerenses&#8217; y era miembro de la Pe\u00f1a Malpica.<\/p>\n<p class=\"v-d-p\" style=\"\">Los compa\u00f1eros de pelot\u00f3n de la v\u00edctima han quedado conmocionados por lo ocurrido. <\/p>\n","protected":false},"excerpt":{"rendered":"30\/08\/2026 Actualizado a las 13:36h. Un ciclista ha muerto en la ma\u00f1ana de este domingo mientras circulaba por&hellip;\n","protected":false},"author":2,"featured_media":738496,"comment_status":"","ping_status":"","sticky":false,"template":"","format":"standard","meta":{"footnotes":""},"categories":[273],"tags":[131101,313,1757,312,168,25,24,8938,4191,4690,86846,23,167],"class_list":["post-738495","post","type-post","status-publish","format-standard","has-post-thumbnail","category-ciclismo","tag-azofra","tag-ciclismo","tag-ciclista","tag-cycling","tag-deportes","tag-es","tag-espana","tag-muere","tag-paso","tag-peloton","tag-rodaba","tag-spain","tag-sports"],"share_on_mastodon":{"url":"","error":""},"_links":{"self":[{"href":"https:\/\/www.europesays.com\/es\/wp-json\/wp\/v2\/posts\/738495","targetHints":{"allow":["GET"]}}],"collection":[{"href":"https:\/\/www.europesays.com\/es\/wp-json\/wp\/v2\/posts"}],"about":[{"href":"https:\/\/www.europesays.com\/es\/wp-json\/wp\/v2\/types\/post"}],"author":[{"embeddable":true,"href":"https:\/\/www.europesays.com\/es\/wp-json\/wp\/v2\/users\/2"}],"replies":[{"embeddable":true,"href":"https:\/\/www.europesays.com\/es\/wp-json\/wp\/v2\/comments?post=738495"}],"version-history":[{"count":0,"href":"https:\/\/www.europesays.com\/es\/wp-json\/wp\/v2\/posts\/738495\/revisions"}],"wp:featuredmedia":[{"embeddable":true,"href":"https:\/\/www.europesays.com\/es\/wp-json\/wp\/v2\/media\/738496"}],"wp:attachment":[{"href":"https:\/\/www.europesays.com\/es\/wp-json\/wp\/v2\/media?parent=738495"}],"wp:term":[{"taxonomy":"category","embeddable":true,"href":"https:\/\/www.europesays.com\/es\/wp-json\/wp\/v2\/categories?post=738495"},{"taxonomy":"post_tag","embeddable":true,"href":"https:\/\/www.europesays.com\/es\/wp-json\/wp\/v2\/tags?post=738495"}],"curies":[{"name":"wp","href":"https:\/\/api.w.org\/{rel}","templated":true}]}}