{"id":738509,"date":"2026-08-30T11:55:32","date_gmt":"2026-08-30T11:55:32","guid":{"rendered":"https:\/\/www.europesays.com\/es\/738509\/"},"modified":"2026-08-30T11:55:32","modified_gmt":"2026-08-30T11:55:32","slug":"sorteada-en-vista-alegre-la-corrida-de-garcigrande","status":"publish","type":"post","link":"https:\/\/www.europesays.com\/es\/738509\/","title":{"rendered":"Sorteada en Vista Alegre la corrida de Garcigrande"},"content":{"rendered":"<p>Morante de la Puebla, Daniel Luque y Borja Jim\u00e9nez componen una terna de m\u00e1xima expectaci\u00f3n en Bilbao frente a un encierro salmantino con un peso medio superior a los 540 kilos.<\/p>\n<p>Todo est\u00e1 dispuesto en las dependencias de la Plaza de Toros de Vista Alegre para la celebraci\u00f3n del sexto festejo de las Corridas Generales de Bilbao, fijado para este s\u00e1bado 29 de agosto a las 18:00 horas. La corrida de toros de la divisa salmantina de Garcigrande ha superado el reconocimiento veterinario y ha quedado sorteada y enchiquerada en los corrales del coso de la capital vizca\u00edna.<\/p>\n<p>El encierro enviado desde la finca de Alaraz presenta un trap\u00edo entipado para la exigencia bilba\u00edna, arroja un peso medio de 549 kilos en el lote ordinario y exhibe variedad de capas, entre las que destacan pelajes negros, casta\u00f1os y colorados. El toro de mayor volumen de la tarde ser\u00e1 Fandanguillo (n\u00ba 105), con 568 kilos, que saltar\u00e1 en cuarto lugar, mientras que el m\u00e1s liviano del sexteto es Coraje (n\u00ba 7), con 535 kilos, reservado para el quinto turno.<\/p>\n<p>El cartel lo encabeza Morante de la Puebla, quien abrir\u00e1 plaza con Colorista (n\u00ba 42, 547 kg) y lidiar\u00e1 en cuarto lugar al citado Fandanguillo. En segundo y quinto orden actuar\u00e1 Daniel Luque, anunciado con Exaltado (n\u00ba 57, 556 kg) y Coraje. Cerrar\u00e1 la terna el sevillano Borja Jim\u00e9nez, que se medir\u00e1 en tercer y sexto lugar a Juerguista (n\u00ba 60, 542 kg) y Prudente (n\u00ba 17, 549 kg). Como sobreros de la misma ganader\u00eda titular han quedado rese\u00f1ados los toros Visigodo (n\u00ba 21, 532 kg) y Treinta y Tres (n\u00ba 13, 644 kg).<\/p>\n<p>Orden de Lidia:<\/p>\n<p>1\u00ba N\u00ba 42 \u2013 Colorista | Negro List\u00f3n | 547 kg | 11\/21 (Morante de la Puebla)<\/p>\n<p>2\u00ba N\u00ba 57 \u2013 Exaltado | Casta\u00f1o List\u00f3n Bragado Meano Bocidorado | 556 kg | 11\/21 (Daniel Luque)<\/p>\n<p>3\u00ba N\u00ba 60 \u2013 Juerguista | Negro | 542 kg | 11\/21 (Borja Jim\u00e9nez)<\/p>\n<p>4\u00ba N\u00ba 105 \u2013 Fandanguillo | Negro Chorreado en Morcillo List\u00f3n | 568 kg | 12\/21 (Morante de la Puebla)<\/p>\n<p>5\u00ba N\u00ba 7 \u2013 Coraje | Negro | 535 kg | 04\/22 (Daniel Luque)<\/p>\n<p>6\u00ba N\u00ba 17 \u2013 Prudente | Colorado Bragado Meano Bociclaro Ojo Perdiz | 549 kg | 01\/21 (Borja Jim\u00e9nez)<\/p>\n<p>Sobreros (Ganader\u00eda Titular):<\/p>\n<p>1\u00baS. N\u00ba 21 \u2013 Visigodo | Negro List\u00f3n | 532 kg | 04\/22<\/p>\n<p>2\u00baS. N\u00ba 13 \u2013 Treinta y Tres | Negro | 644 kg | 04\/22<\/p>\n","protected":false},"excerpt":{"rendered":"Morante de la Puebla, Daniel Luque y Borja Jim\u00e9nez componen una terna de m\u00e1xima expectaci\u00f3n en Bilbao frente&hellip;\n","protected":false},"author":2,"featured_media":738510,"comment_status":"","ping_status":"","sticky":false,"template":"","format":"standard","meta":{"footnotes":""},"categories":[91],"tags":[1904,131102,146,147,25,24,1227,23,625,131103,2487,444],"class_list":["post-738509","post","type-post","status-publish","format-standard","has-post-thumbnail","category-entretenimiento","tag-corridas-de-toros","tag-cronicas-taurinas","tag-entertainment","tag-entretenimiento","tag-es","tag-espana","tag-noticias-taurinas","tag-spain","tag-tauromaquia","tag-tendido-digital","tag-toreros","tag-toros"],"share_on_mastodon":{"url":"https:\/\/pubeurope.com\/@es\/117184333850636339","error":""},"_links":{"self":[{"href":"https:\/\/www.europesays.com\/es\/wp-json\/wp\/v2\/posts\/738509","targetHints":{"allow":["GET"]}}],"collection":[{"href":"https:\/\/www.europesays.com\/es\/wp-json\/wp\/v2\/posts"}],"about":[{"href":"https:\/\/www.europesays.com\/es\/wp-json\/wp\/v2\/types\/post"}],"author":[{"embeddable":true,"href":"https:\/\/www.europesays.com\/es\/wp-json\/wp\/v2\/users\/2"}],"replies":[{"embeddable":true,"href":"https:\/\/www.europesays.com\/es\/wp-json\/wp\/v2\/comments?post=738509"}],"version-history":[{"count":0,"href":"https:\/\/www.europesays.com\/es\/wp-json\/wp\/v2\/posts\/738509\/revisions"}],"wp:featuredmedia":[{"embeddable":true,"href":"https:\/\/www.europesays.com\/es\/wp-json\/wp\/v2\/media\/738510"}],"wp:attachment":[{"href":"https:\/\/www.europesays.com\/es\/wp-json\/wp\/v2\/media?parent=738509"}],"wp:term":[{"taxonomy":"category","embeddable":true,"href":"https:\/\/www.europesays.com\/es\/wp-json\/wp\/v2\/categories?post=738509"},{"taxonomy":"post_tag","embeddable":true,"href":"https:\/\/www.europesays.com\/es\/wp-json\/wp\/v2\/tags?post=738509"}],"curies":[{"name":"wp","href":"https:\/\/api.w.org\/{rel}","templated":true}]}}