{"id":738511,"date":"2026-08-30T11:56:25","date_gmt":"2026-08-30T11:56:25","guid":{"rendered":"https:\/\/www.europesays.com\/es\/738511\/"},"modified":"2026-08-30T11:56:25","modified_gmt":"2026-08-30T11:56:25","slug":"comparativa-en-video-entre-nintendo-switch-2-y-ps5-de-call-of-duty-modern-warfare-4","status":"publish","type":"post","link":"https:\/\/www.europesays.com\/es\/738511\/","title":{"rendered":"Comparativa en v\u00eddeo entre Nintendo Switch 2 y PS5 de Call of Duty: Modern Warfare 4"},"content":{"rendered":"<p>Tal y como os hemos informado,\u00a0<strong data-start=\"73\" data-end=\"107\">Call of Duty: Modern Warfare 4<\/strong>\u00a0<strong>ser\u00e1 oficialmente el primer juego de la saga en llegar a\u00a0Nintendo Switch 2.<\/strong><\/p>\n<p>Tenemos m\u00e1s noticias tras ver\u00a0<a href=\"https:\/\/www.nintenderos.com\/nintendo-switch-2\/primer-gameplay-corriendo-en-nintendo-switch-2-de-call-of-duty-modern-warfare-4\/\" rel=\"nofollow noopener\" target=\"_blank\">el primer gameplay en la consola<\/a>\u00a0y las\u00a0<a href=\"https:\/\/www.nintenderos.com\/nintendo-switch-2\/primeras-impresiones-de-call-of-duty-modern-warfare-4-en-nintendo-switch-2-y-confirmado-que-el-estudio-espanol-digital-legends-es-quien-esta-ayudando-en-esta-version\/\" rel=\"nofollow noopener\" target=\"_blank\">primeras impresiones<\/a>. Tras\u00a0<a href=\"https:\/\/www.nintenderos.com\/nintendo-switch-2\/la-beta-de-call-of-duty-modern-warfare-4-llega-a-nintendo-switch-2-horarios-y-mas-detalles\/\" rel=\"nofollow noopener\" target=\"_blank\">los detalles de su beta<\/a>, ahora tenemos una comparativa entre la versi\u00f3n de PS5 y la de Switch 2:<\/p>\n<p><img class=\"c-video-facade__thumb\" src=\"https:\/\/www.europesays.com\/es\/wp-content\/uploads\/2026\/08\/1788090981_488_hqdefault.jpg\" alt=\"\" loading=\"lazy\" decoding=\"async\" width=\"480\" height=\"360\"\/><br \/>\n            <a class=\"c-post-inline-related__card\" href=\"https:\/\/www.nintenderos.com\/nintendo-switch-2\/my-hero-academia-alls-justice-confirma-sus-mejoras-graficas-en-nintendo-switch-2\/\" rel=\"related nofollow noopener\" target=\"_blank\"><\/p>\n<p>                <img decoding=\"async\" class=\"c-post-inline-related__thumb-img\" loading=\"lazy\" width=\"100\" height=\"100\" src=\"https:\/\/www.europesays.com\/es\/wp-content\/uploads\/2026\/08\/filtersquality95formatwebp-1-160x160.jpg\" alt=\"My Hero Academia: All\u2019s Justice confirma sus mejoras gr\u00e1ficas en Nintendo Switch 2\"\/><\/p>\n<p>            My Hero Academia: All\u2019s Justice confirma sus mejoras gr\u00e1ficas en Nintendo Switch 2<br \/>\n        <\/a><br \/>\n            <a class=\"c-post-inline-related__card\" href=\"https:\/\/www.nintenderos.com\/nintendo-switch-2\/nintendo-tiene-programadas-estas-tareas-de-mantenimiento-para-los-proximos-dias-30-8-26\/\" rel=\"related nofollow noopener\" target=\"_blank\"><\/p>\n<p>                <img decoding=\"async\" class=\"c-post-inline-related__thumb-img\" loading=\"lazy\" width=\"100\" height=\"100\" src=\"https:\/\/www.europesays.com\/es\/wp-content\/uploads\/2026\/08\/1788090984_323_331-160x160.png\" alt=\"Nintendo tiene programadas estas tareas de mantenimiento para los pr\u00f3ximos d\u00edas (30\/8\/26)\"\/><\/p>\n<p>            Nintendo tiene programadas estas tareas de mantenimiento para los pr\u00f3ximos d\u00edas (30\/8\/26)<br \/>\n        <\/a><\/p>\n<p>El juego se lanzar\u00e1\u00a0<strong>el 23 de octubre de 2026 en la consola<\/strong>. Tambi\u00e9n ha confirmado que esta versi\u00f3n tendr\u00e1 todas las funcionalidades, incluido el cross-play. El juego saldr\u00e1 el mismo d\u00eda en PS5, Xbox Series X\/S, PC y Switch 2. Tras su\u00a0<a href=\"https:\/\/www.nintenderos.com\/2026\/05\/es-oficial-call-of-duty-modern-warfare-4-anunciado-para-nintendo-switch-2\/\" rel=\"nofollow noopener\" target=\"_blank\">anuncio oficial para la consola<\/a>, as\u00ed como los detalles de\u00a0<a href=\"https:\/\/www.nintenderos.com\/2026\/05\/ha-sido-muy-fluido-asi-esta-siendo-el-desarrollo-de-call-of-duty-modern-warfare-4-en-nintendo-switch-2-segun-infinity-ward\/\" rel=\"nofollow noopener\" target=\"_blank\">su \u00abfluido\u00bb desarrollo en Switch 2<\/a>, hemos conocido esta info.<\/p>\n<p>Para terminar, os recordamos que la versi\u00f3n de Switch 2 de\u00a0<strong data-start=\"73\" data-end=\"107\">Modern Warfare 4<\/strong>\u00a0<a href=\"https:\/\/www.nintenderos.com\/2026\/05\/call-of-duty-modern-warfare-4-en-nintendo-switch-2-compatible-con-modo-raton-cross-progression-ediciones-disponibles-y-mas\/\" rel=\"nofollow noopener\" target=\"_blank\">ser\u00e1 compatible<\/a>\u00a0con el modo rat\u00f3n, cross progression y m\u00e1s. \u00bfQu\u00e9 os parece?<\/p>\n<p><a class=\"external\" href=\"https:\/\/gonintendo.com\/contents\/64362-call-of-duty-modern-warfare-4-switch-2-vs-ps5-graphics-and-framerate-comparison\" rel=\"nofollow noopener\" target=\"_blank\">Fuente<\/a>.<\/p>\n<p class=\"c-gfollow-inline__title\">M\u00e1rcanos como fuente en Google<\/p>\n<p class=\"c-gfollow-inline__sub\">Ent\u00e9rate de las \u00faltimas noticias y ofertas de Nintendo antes que nadie<\/p>\n<p>        S\u00edguenos en Google<\/p>\n<p>    <a class=\"c-post-author__avatar\" href=\"https:\/\/www.nintenderos.com\/author\/albertomilln\/\" rel=\"nofollow noopener\" target=\"_blank\"><br \/>\n        <img loading=\"lazy\" alt=\"\" src=\"https:\/\/www.europesays.com\/es\/wp-content\/uploads\/2026\/08\/1788090985_587_614af94849378-bpfull.png\"  class=\"avatar avatar-96 photo c-post-author__avatar-img\" height=\"96\" width=\"96\" decoding=\"async\"\/>    <\/a><\/p>\n<p>            <a href=\"https:\/\/www.nintenderos.com\/author\/albertomilln\/\" rel=\"nofollow noopener\" target=\"_blank\">Alberto Mill\u00e1n<\/a><\/p>\n<p class=\"c-post-author__charge\">Director<\/p>\n<p class=\"c-post-author__bio\">A\u00fan jugando a Breath of the Wild. Puedes seguirme en Twitter o Instagram en los iconos de arriba.<\/p>\n","protected":false},"excerpt":{"rendered":"Tal y como os hemos informado,\u00a0Call of Duty: Modern Warfare 4\u00a0ser\u00e1 oficialmente el primer juego de la saga&hellip;\n","protected":false},"author":2,"featured_media":738512,"comment_status":"","ping_status":"","sticky":false,"template":"","format":"standard","meta":{"footnotes":""},"categories":[81],"tags":[110203,119,123,124,25329,25,24,117,121,122,23,118,120,2338],"class_list":["post-738511","post","type-post","status-publish","format-standard","has-post-thumbnail","category-ciencia-y-tecnologia","tag-call-of-duty-modern-warfare-4","tag-ciencia","tag-ciencia-y-tecnologia","tag-cienciaytecnologia","tag-comparativa","tag-es","tag-espana","tag-science","tag-science-and-technology","tag-scienceandtechnology","tag-spain","tag-technology","tag-tecnologia","tag-video"],"share_on_mastodon":{"url":"https:\/\/pubeurope.com\/@es\/117184338671434642","error":""},"_links":{"self":[{"href":"https:\/\/www.europesays.com\/es\/wp-json\/wp\/v2\/posts\/738511","targetHints":{"allow":["GET"]}}],"collection":[{"href":"https:\/\/www.europesays.com\/es\/wp-json\/wp\/v2\/posts"}],"about":[{"href":"https:\/\/www.europesays.com\/es\/wp-json\/wp\/v2\/types\/post"}],"author":[{"embeddable":true,"href":"https:\/\/www.europesays.com\/es\/wp-json\/wp\/v2\/users\/2"}],"replies":[{"embeddable":true,"href":"https:\/\/www.europesays.com\/es\/wp-json\/wp\/v2\/comments?post=738511"}],"version-history":[{"count":0,"href":"https:\/\/www.europesays.com\/es\/wp-json\/wp\/v2\/posts\/738511\/revisions"}],"wp:featuredmedia":[{"embeddable":true,"href":"https:\/\/www.europesays.com\/es\/wp-json\/wp\/v2\/media\/738512"}],"wp:attachment":[{"href":"https:\/\/www.europesays.com\/es\/wp-json\/wp\/v2\/media?parent=738511"}],"wp:term":[{"taxonomy":"category","embeddable":true,"href":"https:\/\/www.europesays.com\/es\/wp-json\/wp\/v2\/categories?post=738511"},{"taxonomy":"post_tag","embeddable":true,"href":"https:\/\/www.europesays.com\/es\/wp-json\/wp\/v2\/tags?post=738511"}],"curies":[{"name":"wp","href":"https:\/\/api.w.org\/{rel}","templated":true}]}}