{"id":738513,"date":"2026-08-30T11:57:15","date_gmt":"2026-08-30T11:57:15","guid":{"rendered":"https:\/\/www.europesays.com\/es\/738513\/"},"modified":"2026-08-30T11:57:15","modified_gmt":"2026-08-30T11:57:15","slug":"euromillones-buscan-al-ganador-del-millon-de-euromillones-en-el-bar-de-un-municipio-de-8-000-habitantes-no-tenemos-ni-idea","status":"publish","type":"post","link":"https:\/\/www.europesays.com\/es\/738513\/","title":{"rendered":"Euromillones | Buscan al ganador del mill\u00f3n de Euromillones en el bar de un municipio de 8.000 habitantes: \u00abNo tenemos ni idea\u00bb"},"content":{"rendered":"<p class=\"v-d-p\" style=\"\">El <a href=\"https:\/\/www.lasprovincias.es\/sorteos\/euromillones\/euromillones-viernes-deja-nuevo-millonario-municipio-8000-20260828222839-nt.html\" title=\"\" data-voc-vtm-id=\"in-text-traffic\" data-mrf-link=\"www.lasprovincias.es\" rel=\"nofollow noopener\" target=\"_blank\">Euromillones<\/a> de este viernes 28 de agosto dej\u00f3 un nuevo millonario en Espa\u00f1a. El boleto acertante del mill\u00f3n fue vendido en Cabez\u00f3n de la Sal, una localidad de Cantabria de apenas 8.000 habitantes que compr\u00f3 su boleto en el bar Gades, situado en la calle El Sol n\u00famero 11.<\/p>\n<p class=\"v-d-p\" style=\"\">Jorge Gonz\u00e1lez es propietario del local y de la administraci\u00f3n de loter\u00eda que reparti\u00f3 la suerte: \u00abMe sent\u00ed muy sorprendido al conocer la noticia y estoy muy ilusionado. Siempre hab\u00eda tenido la esperanza de dar un premio importante, y se ha cumplido\u00bb, se\u00f1al\u00f3 en &#8216;El Diario Monta\u00f1\u00e9s&#8217;.<\/p>\n<p class=\"v-d-p\" style=\"\">A sus 50 a\u00f1os de edad forma parte de la segunda generaci\u00f3n del bar Gades. \u00abMis padres se jubilaron y desde 2008 lo regento yo, pero llevo aqu\u00ed desde que tengo siete a\u00f1os. Aqu\u00ed me crie, esta es mi casa\u00bb.<\/p>\n<ul class=\"v-cmp-rld__u\">\n<li class=\"v-cmp-rld__l\">\n<p><a class=\"v-a-lnk\" href=\"http:\/\/www.lasprovincias.es\/sorteos\/loteria-nacional\/loteria-nacional-hoy-sabado-reparte-primer-premio-20260829132230-nt.html#vtm_modulosEngag=noticiasrelacionadas-cmp-uno:sorteos:noticia:1\" data-voc-vtm-id=\"in-text-traffic\" rel=\"nofollow noopener\" target=\"_blank\"><br \/>\n<img decoding=\"async\" loading=\"lazy\" src=\"https:\/\/www.europesays.com\/es\/wp-content\/uploads\/2026\/08\/loterinacional2908-kJOD--366x256@Las Provincias-LasProvincias.jpg\" class=\"v-a-img\" width=\"258\" height=\"180\" alt=\"La Loter\u00eda Nacional de hoy s\u00e1bado reparte el primer premio en el 'Jard\u00edn de la Costa del Sol' y en la capital\"\/><br \/>\n<\/a><\/p>\n<\/li>\n<\/ul>\n<p class=\"v-d-p\" style=\"\">Por el momento, lo que se desconoce es la identidad del ganador del mill\u00f3n, ya que al bar Gades acuden muchos clientes extranjeros que compran loter\u00eda. \u00abEs imposible saber si el agraciado es del pueblo o de fuera. No tenemos ni idea. Salvo que venga aqu\u00ed y te lo cuente; porque puede ser que al que le haya tocado vaya directamente a cobrar su premio y no venga aqu\u00ed a comprobar su boleto\u00bb.<\/p>\n<p class=\"v-d-p\" style=\"\">El boleto acertante de &#8216;El Mill\u00f3n&#8217; tiene el c\u00f3digo FQF17244. El derecho de cobro del premio caduca a los tres meses desde que se celebr\u00f3 el \u00faltimo sorteo en el que participaba la apuesta, por lo que se deben realizar todos los tr\u00e1mites antes de que concluya este periodo de tiempo.<\/p>\n","protected":false},"excerpt":{"rendered":"El Euromillones de este viernes 28 de agosto dej\u00f3 un nuevo millonario en Espa\u00f1a. El boleto acertante del&hellip;\n","protected":false},"author":2,"featured_media":738514,"comment_status":"","ping_status":"","sticky":false,"template":"","format":"standard","meta":{"footnotes":""},"categories":[80],"tags":[11230,6172,13326,82,95,94,25,24,3037,5138,16862,13500,7818,26665,23],"class_list":["post-738513","post","type-post","status-publish","format-standard","has-post-thumbnail","category-economia","tag-11230","tag-bar","tag-buscan","tag-business","tag-economia","tag-economy","tag-es","tag-espana","tag-euromillones","tag-ganador","tag-habitantes","tag-idea","tag-millon","tag-municipio","tag-spain"],"share_on_mastodon":{"url":"https:\/\/pubeurope.com\/@es\/117184341517792703","error":""},"_links":{"self":[{"href":"https:\/\/www.europesays.com\/es\/wp-json\/wp\/v2\/posts\/738513","targetHints":{"allow":["GET"]}}],"collection":[{"href":"https:\/\/www.europesays.com\/es\/wp-json\/wp\/v2\/posts"}],"about":[{"href":"https:\/\/www.europesays.com\/es\/wp-json\/wp\/v2\/types\/post"}],"author":[{"embeddable":true,"href":"https:\/\/www.europesays.com\/es\/wp-json\/wp\/v2\/users\/2"}],"replies":[{"embeddable":true,"href":"https:\/\/www.europesays.com\/es\/wp-json\/wp\/v2\/comments?post=738513"}],"version-history":[{"count":0,"href":"https:\/\/www.europesays.com\/es\/wp-json\/wp\/v2\/posts\/738513\/revisions"}],"wp:featuredmedia":[{"embeddable":true,"href":"https:\/\/www.europesays.com\/es\/wp-json\/wp\/v2\/media\/738514"}],"wp:attachment":[{"href":"https:\/\/www.europesays.com\/es\/wp-json\/wp\/v2\/media?parent=738513"}],"wp:term":[{"taxonomy":"category","embeddable":true,"href":"https:\/\/www.europesays.com\/es\/wp-json\/wp\/v2\/categories?post=738513"},{"taxonomy":"post_tag","embeddable":true,"href":"https:\/\/www.europesays.com\/es\/wp-json\/wp\/v2\/tags?post=738513"}],"curies":[{"name":"wp","href":"https:\/\/api.w.org\/{rel}","templated":true}]}}