{"id":738519,"date":"2026-08-30T12:00:36","date_gmt":"2026-08-30T12:00:36","guid":{"rendered":"https:\/\/www.europesays.com\/es\/738519\/"},"modified":"2026-08-30T12:00:36","modified_gmt":"2026-08-30T12:00:36","slug":"el-verano-no-se-rinde-la-aemet-preve-calor-por-encima-de-lo-normal-en-septiembre","status":"publish","type":"post","link":"https:\/\/www.europesays.com\/es\/738519\/","title":{"rendered":"El verano no se rinde: la AEMET prev\u00e9 calor por encima de lo normal en septiembre"},"content":{"rendered":"<p>Hay veranos que se resisten a marcharse, y este parece ser uno de ellos. Seg\u00fan las \u00faltimas previsiones de la <strong>Agencia Estatal de Meteorolog\u00eda (AEMET)<\/strong>, el tiempo estable se instalar\u00e1 con fuerza durante las pr\u00f3ximas semanas, con <strong>temperaturas que volver\u00e1n a subir por encima de lo habitual<\/strong> en buena parte del pa\u00eds justo cuando el calendario marca la entrada al oto\u00f1o.<\/p>\n<p>Para la semana del <strong>31 de agosto al 6 de septiembre<\/strong>, el organismo apunta a un escenario dominado por la estabilidad atmosf\u00e9rica, con un repunte t\u00e9rmico especialmente notable en <strong>\u00e1reas del este, centro y sur peninsular<\/strong>. Las <a title=\"lluvias\" href=\"https:\/\/www.larazon.es\/madrid\/tiempo-madrid-vuelven-lluvias-bajan-temperaturas_202608276a8fd3c5ae2f3735da16c3e0.html\" target=\"_blank\" rel=\"nofollow noopener\">lluvias<\/a>, por su parte, quedar\u00e1n pr\u00e1cticamente ausentes del mapa, limit\u00e1ndose a <strong>precipitaciones d\u00e9biles en el Cant\u00e1brico<\/strong>.<\/p>\n<p>Tormentas puntuales a mediados de semana<\/p>\n<p>Pese a ese panorama mayoritariamente seco y soleado, la AEMET no descarta la aparici\u00f3n de <strong>tormentas localmente fuertes<\/strong> en algunos puntos del <strong>este peninsular<\/strong>, con mayor probabilidad de que se produzcan hacia <strong>mediados de semana<\/strong>. Se trata de episodios puntuales que no alterar\u00e1n la tendencia general de estabilidad prevista para estos d\u00edas.<\/p>\n<p>Un oto\u00f1o que tarda en llegar seg\u00fan las pr\u00f3ximas semanas<\/p>\n<p>De cara a la semana del <strong>7 al 13 de septiembre<\/strong>, las previsiones apuntan a una continuidad de este mismo patr\u00f3n: <strong>temperaturas nuevamente por encima de lo normal<\/strong>, sobre todo en las zonas este, centro y sur del pa\u00eds, junto a una escasez generalizada de lluvias. Aun as\u00ed, no se descartan <strong>chubascos en el extremo norte<\/strong> ni <strong>tormentas en zonas del interior y del este peninsular<\/strong>.<\/p>\n<p>La <a title=\"AEMET\" href=\"https:\/\/www.larazon.es\/el-tiempo\/aemet-avisa-cambio-llega-sabado-tormentas-fuertes-sureste-desplome-temperaturas-zonas-b50m_202608296a9268892bcaf82098f4c86b.html\" target=\"_blank\" rel=\"nofollow noopener\">AEMET<\/a> recuerda, eso s\u00ed, que se trata de un pron\u00f3stico a largo plazo y que, como tal, <strong>est\u00e1 sujeto a un alto grado de incertidumbre<\/strong>, por lo que podr\u00eda sufrir variaciones importantes en las pr\u00f3ximas actualizaciones.<\/p>\n<p>Con un margen de error todav\u00eda mayor, la previsi\u00f3n se extiende tambi\u00e9n a la semana del <strong>14 al 20 de septiembre<\/strong>, periodo en el que se esperan de nuevo <strong>temperaturas superiores a la media habitual<\/strong> para estas fechas. En este caso, la agencia no aprecia una tendencia clara respecto a las precipitaciones, aunque apunta a que, de producirse, tendr\u00edan mayor probabilidad de concentrarse en el <strong>este peninsular<\/strong>.<\/p>\n","protected":false},"excerpt":{"rendered":"Hay veranos que se resisten a marcharse, y este parece ser uno de ellos. Seg\u00fan las \u00faltimas previsiones&hellip;\n","protected":false},"author":2,"featured_media":738520,"comment_status":"","ping_status":"","sticky":false,"template":"","format":"standard","meta":{"footnotes":""},"categories":[5],"tags":[2980,114673,17,18,13193,25,24,13,14,11,19,20,9,10,15,16,23,6195,12,21,22,1793],"class_list":["post-738519","post","type-post","status-publish","format-standard","has-post-thumbnail","category-titulares","tag-aemet","tag-b50m","tag-breaking-news","tag-breakingnews","tag-el-tiempo","tag-es","tag-espana","tag-featured-news","tag-featurednews","tag-headlines","tag-latest-news","tag-latestnews","tag-news","tag-noticias","tag-noticias-destacadas","tag-noticiasdestacadas","tag-spain","tag-temperaturas","tag-titulares","tag-ultimas-noticias","tag-ultimasnoticias","tag-verano"],"share_on_mastodon":{"url":"https:\/\/pubeurope.com\/@es\/117184353111140402","error":""},"_links":{"self":[{"href":"https:\/\/www.europesays.com\/es\/wp-json\/wp\/v2\/posts\/738519","targetHints":{"allow":["GET"]}}],"collection":[{"href":"https:\/\/www.europesays.com\/es\/wp-json\/wp\/v2\/posts"}],"about":[{"href":"https:\/\/www.europesays.com\/es\/wp-json\/wp\/v2\/types\/post"}],"author":[{"embeddable":true,"href":"https:\/\/www.europesays.com\/es\/wp-json\/wp\/v2\/users\/2"}],"replies":[{"embeddable":true,"href":"https:\/\/www.europesays.com\/es\/wp-json\/wp\/v2\/comments?post=738519"}],"version-history":[{"count":0,"href":"https:\/\/www.europesays.com\/es\/wp-json\/wp\/v2\/posts\/738519\/revisions"}],"wp:featuredmedia":[{"embeddable":true,"href":"https:\/\/www.europesays.com\/es\/wp-json\/wp\/v2\/media\/738520"}],"wp:attachment":[{"href":"https:\/\/www.europesays.com\/es\/wp-json\/wp\/v2\/media?parent=738519"}],"wp:term":[{"taxonomy":"category","embeddable":true,"href":"https:\/\/www.europesays.com\/es\/wp-json\/wp\/v2\/categories?post=738519"},{"taxonomy":"post_tag","embeddable":true,"href":"https:\/\/www.europesays.com\/es\/wp-json\/wp\/v2\/tags?post=738519"}],"curies":[{"name":"wp","href":"https:\/\/api.w.org\/{rel}","templated":true}]}}