{"id":738525,"date":"2026-08-30T12:09:19","date_gmt":"2026-08-30T12:09:19","guid":{"rendered":"https:\/\/www.europesays.com\/es\/738525\/"},"modified":"2026-08-30T12:09:19","modified_gmt":"2026-08-30T12:09:19","slug":"flick-sobre-el-central-el-mercado-esta-abierto-para-alvaro-lo-mejor-era-salir","status":"publish","type":"post","link":"https:\/\/www.europesays.com\/es\/738525\/","title":{"rendered":"Flick, sobre el central: \u00abEl mercado est\u00e1 abierto; para \u00c1lvaro lo mejor era salir\u00bb"},"content":{"rendered":"<p class=\"ft-text\">Pese a asegurar Hansi Flick en la \u00faltima rueda de prensa previa antes de medirse al Athletic Club que estaba contento con las piezas que contaba en defensa, <a class=\"ft-link ft-link--decoration\" href=\"https:\/\/www.sport.es\/es\/noticias\/barca\/alvaro-cortes-marcha-barca-133670254\" rel=\"nofollow noopener\" target=\"_blank\">en SPORT informamos unas horas despu\u00e9s de la salida de \u00c1lvaro Cort\u00e9s<\/a> del club de forma inmediata.<\/p>\n<p class=\"ft-text\">El central aragon\u00e9s optaba por abandonar la entidad al conocer que el club azulgrana trabaja para cerrar el fichaje de un central zurdo joven, lo que dejaba muy mermadas sus opciones de tener protagonismo. <\/p>\n<p class=\"ft-text\">El t\u00e9cnico de Heidelberg est\u00e1 <strong>m\u00e1s que satisfecho con el rendimiento y puesta en escena de su equipo en este inicio oficial de curso. <\/strong>No solo por las dos victorias, sino sobre todo por las sensaciones y por el hambre mostrada por los jugadores. Sin &#8216;9&#8217;, pero con recursos para suplir esas bajas de Ferran y de Lewandowski y a la espera de si se produce alg\u00fan movimiento de \u00faltima hora. <\/p>\n<p>Giro de guion<\/p>\n<p class=\"ft-text\">Volviendo a Cort\u00e9s, el zaragozano <strong>apostaba por seguir en el club azulgrana e intentar dar continuidad a este sue\u00f1o de jugar en el primer plantel azulgrana tras debutar ante el Alav\u00e9s el curso pasado<\/strong>. Su buena pretemporada invitaba a pensar en ello, pero los hechos se han desarrollado hacia otra direcci\u00f3n y fichar\u00e1 por el Amberes. <\/p>\n<p><img decoding=\"async\" src=\"https:\/\/www.europesays.com\/es\/wp-content\/uploads\/2026\/08\/87454874-74e1-49d0-b85b-68c086a36c82_alta-libre-aspect-ratio_default_0_x600y225.jpg\" width=\"1200\" height=\"675\" alt=\"\u00c1lvaro Cort\u00e9s posa con la camiseta del Bar\u00e7a.\" class=\"ft-helper-img-rd\" loading=\"lazy\" fetchpriority=\"auto\"\/><\/p>\n<p class=\"ft-helper-fontColor-quaternary ft-helper-fontSize-body-S ft-helper-spacer-t-xxs\">\u00c1lvaro Cort\u00e9s posa con la camiseta del Bar\u00e7a.  \/ FCB<\/p>\n<p class=\"ft-text\">Preguntado en rueda de prensa Hansi Flick, el alem\u00e1n ha explicado c\u00f3mo ha vivido este proceso los \u00faltimos d\u00edas: \u00abEs lo que he dicho antes: siempre miramos qu\u00e9 podemos hacer. Hasta el final del mercado ser\u00e1 as\u00ed. \u00c1lvaro hizo un paso adelante, pero tenemos que ver todas las situaciones. <strong>Para \u00e9l, a su edad, lo mejor es jugar. Est\u00e1 preparado para hacerlo y podr\u00e1 mejorar. <\/strong>Aqu\u00ed no s\u00e9 si hubiera tenido los minutos para hacerlo. Para su evoluci\u00f3n es mejor ir a otro club y ver qu\u00e9 pasa\u00bb.<\/p>\n<p class=\"ft-text\">Bastante claro Hansi acerca de la situaci\u00f3n en la que se encontraba el ma\u00f1o y que no iba a disfrutar del protagonismo que necesita a esta altura de su carrera. <\/p>\n<p>La guinda del mercado<\/p>\n<p class=\"ft-text\">Abr\u00eda su comparecencia ya el teut\u00f3n haciendo referencia al mercado y dejando totalmente abierta la puerta a que lleguen m\u00e1s piezas en estas \u00faltimas horas: <strong>\u00abPor supuesto que estoy contento con el equipo. <\/strong>Deco est\u00e1 haciendo un equipo muy fuerte. No tenemos presi\u00f3n. Deco ha hecho un trabajo fant\u00e1stico hasta ahora. La calidad en el entrenamiento es m\u00e1ximo y esto es lo m\u00e1s importante. Vamos por buen camino\u00bb.<\/p>\n<p><img decoding=\"async\" src=\"https:\/\/www.europesays.com\/es\/wp-content\/uploads\/2026\/08\/1788091759_693_c49bede3-8a1b-4abb-acb7-f5e1e1fa8a21_alta-libre-aspect-ratio_default_0_x600y225.jpg\" width=\"1200\" height=\"675\" alt=\"Bisiwu se estren\u00f3 con el Bar\u00e7a Atl\u00e8tic\" class=\"ft-helper-img-rd\" loading=\"lazy\" fetchpriority=\"auto\"\/><\/p>\n<p class=\"ft-helper-fontColor-quaternary ft-helper-fontSize-body-S ft-helper-spacer-t-xxs\">Bisiwu se estren\u00f3 con el Bar\u00e7a Atl\u00e8tic  \/ Valent\u00ed Enrich<\/p>\n<p class=\"ft-text\">Tambi\u00e9n tuvo tiempo Hansi de hacer referencia a uno de los fichajes de este verano, el belga Jesse Bisiwu. El extremo entrena con la primera plantilla, pero no tiene a\u00fan el OK burocr\u00e1tico para jugar y lo est\u00e1 haciendo con el filial: <strong>\u00abEst\u00e1 entrenando con nosotros y jugar\u00e1 con el filial. Tiene potencial, pero tiene que llegar a su 100%.<\/strong> Lo est\u00e1 haciendo bien en los entrenamientos, no lo tendr\u00e1 f\u00e1cil en este club pero va por el buen camino\u00bb.<\/p>\n<p class=\"ft-text\">Otro nombre propio, el de Hamza, que todav\u00eda no ha jugado minutos en Liga:<strong> \u00abNo es f\u00e1cil dar minutos a todos los jugadores. Hizo una pretemporada fant\u00e1stica y cada d\u00eda mejora en los entrenamientos.<\/strong> Tiene la actitud correcta, claro que merece jugar. Y jugar\u00e1. Tenemos que darle minutos y la oportunidad para mostrar sus virtudes en un partido de Liga\u00bb.<\/p>\n<p>Raphinha y la situaci\u00f3n del &#8216;9&#8217;<\/p>\n<p class=\"ft-text\">Volviendo a lo del &#8216;9&#8217;, el ex del Bayern valor\u00f3 el papel de Raphinha ocupando ese rol: \u00abEl &#8216;9&#8217; siempre empieza la presi\u00f3n y \u00e9l lo est\u00e1 haciendo muy bien. Es uno de nuestros l\u00edderes y lo est\u00e1 haciendo fant\u00e1sticamente bien. Es muy importante para nosotros. Puede jugar en esta posici\u00f3n y tambi\u00e9n lo pueden hacer otros futbolistas como Ferm\u00edn, que ya lo hizo el otro d\u00eda\u00bb.<\/p>\n<p>Valoraci\u00f3n del Bal\u00f3n de Oro<\/p>\n<p class=\"ft-text\">Como curiosidad, a Flick le preguntaron sobre la reflexi\u00f3n de Mourinho acerca del Bal\u00f3n de Oro y cu\u00e1l es su punto de vista: \u00ab<strong>No es mi trabajo. Tengo un trabajo complicado y no tengo que centrarme en esto.<\/strong> En mi equipo hay buenos jugadores, futbolistas de clase mundial. Para ser honesto, no es algo que me guste. Lo importante es el equipo. No es f\u00e1cil escoger a un futbolista y darle el premio al mejor, hay mucha calidad en el mundo\u00bb.<\/p>\n","protected":false},"excerpt":{"rendered":"Pese a asegurar Hansi Flick en la \u00faltima rueda de prensa previa antes de medirse al Athletic Club&hellip;\n","protected":false},"author":2,"featured_media":738526,"comment_status":"","ping_status":"","sticky":false,"template":"","format":"standard","meta":{"footnotes":""},"categories":[268],"tags":[1046,1512,168,25,24,4970,280,282,1239,1262,281,23,167],"class_list":["post-738525","post","type-post","status-publish","format-standard","has-post-thumbnail","category-futbol","tag-abierto","tag-central","tag-deportes","tag-es","tag-espana","tag-flick","tag-football","tag-futbol","tag-mercado","tag-sigue","tag-soccer","tag-spain","tag-sports"],"share_on_mastodon":{"url":"https:\/\/pubeurope.com\/@es\/117184389579255585","error":""},"_links":{"self":[{"href":"https:\/\/www.europesays.com\/es\/wp-json\/wp\/v2\/posts\/738525","targetHints":{"allow":["GET"]}}],"collection":[{"href":"https:\/\/www.europesays.com\/es\/wp-json\/wp\/v2\/posts"}],"about":[{"href":"https:\/\/www.europesays.com\/es\/wp-json\/wp\/v2\/types\/post"}],"author":[{"embeddable":true,"href":"https:\/\/www.europesays.com\/es\/wp-json\/wp\/v2\/users\/2"}],"replies":[{"embeddable":true,"href":"https:\/\/www.europesays.com\/es\/wp-json\/wp\/v2\/comments?post=738525"}],"version-history":[{"count":0,"href":"https:\/\/www.europesays.com\/es\/wp-json\/wp\/v2\/posts\/738525\/revisions"}],"wp:featuredmedia":[{"embeddable":true,"href":"https:\/\/www.europesays.com\/es\/wp-json\/wp\/v2\/media\/738526"}],"wp:attachment":[{"href":"https:\/\/www.europesays.com\/es\/wp-json\/wp\/v2\/media?parent=738525"}],"wp:term":[{"taxonomy":"category","embeddable":true,"href":"https:\/\/www.europesays.com\/es\/wp-json\/wp\/v2\/categories?post=738525"},{"taxonomy":"post_tag","embeddable":true,"href":"https:\/\/www.europesays.com\/es\/wp-json\/wp\/v2\/tags?post=738525"}],"curies":[{"name":"wp","href":"https:\/\/api.w.org\/{rel}","templated":true}]}}