{"id":738545,"date":"2026-08-30T12:23:32","date_gmt":"2026-08-30T12:23:32","guid":{"rendered":"https:\/\/www.europesays.com\/es\/738545\/"},"modified":"2026-08-30T12:23:32","modified_gmt":"2026-08-30T12:23:32","slug":"julian-alvarez-retoma-los-entrenamientos-con-el-grupo-en-el-atletico","status":"publish","type":"post","link":"https:\/\/www.europesays.com\/es\/738545\/","title":{"rendered":"Juli\u00e1n Alvarez retoma los entrenamientos con el grupo en el Atl\u00e9tico"},"content":{"rendered":"<p class=\"mb-4 text-lg md:leading-8 break-words\">Majadahonda (Madrid), 30 ago (EFE).- Juli\u00e1n Alvarez, delantero del Atl\u00e9tico de Madrid, se reincorpor\u00f3 este domingo a los entrenamientos con el grupo, tras la indisposici\u00f3n sufrida el pasado mi\u00e9rcoles, ejercitarse el viernes en solitario y ser baja en el partido del s\u00e1bado ante el Sevilla, a tres d\u00edas del cierre del mercado de fichajes.<\/p>\n<p class=\"mb-4 text-lg md:leading-8 break-words\">El delantero argentino, al que pudo verse muy cercano a su compa\u00f1ero y amigo Cristian &#8216;Cuti&#8217; Romero durante los primeros 15 minutos abiertos a los medios de comunicaci\u00f3n, trabaja con absoluta normalidad a las \u00f3rdenes del entrenador Diego Simeone tras su frustrado deseo de fichar por el Barcelona en este mercado de verano y con su continuidad en el equipo rojiblanco cada vez m\u00e1s cercana.<\/p>\n<p><img alt=\"\" loading=\"lazy\" width=\"821\" height=\"1230\" decoding=\"async\" data-nimg=\"1\" class=\"rounded-lg\" style=\"color:transparent\" src=\"https:\/\/www.europesays.com\/es\/wp-content\/uploads\/2026\/08\/https:\/\/media.zenfs.com\/es\/efe.es\/99f3df48020dff39ffdf6f74fbf3ab2c.jpg\"\/><\/p>\n<p class=\"mb-4 text-lg md:leading-8 break-words\">La otra opci\u00f3n es un traspaso a otro equipo siempre que no sea el Barcelona, con el Arsenal como principal pretendiente y con un traspaso valorado en torno a los 150 millones de euros, aunque esa posibilidad no convence de momento al delantero, que no viaj\u00f3 este s\u00e1bado a Sevilla por la indisposici\u00f3n que lo alej\u00f3 de los entrenamientos con el equipo tanto el mi\u00e9rcoles como el jueves y viernes pasado.<\/p>\n<p class=\"mb-4 text-lg md:leading-8 break-words\">Este s\u00e1bado, antes de ese encuentro, Mateu Alemany, director de F\u00fatbol Profesional Masculino del Atl\u00e9tico de Madrid, expres\u00f3 que el plan con Juli\u00e1n Alvarez es \u00abclar\u00edsimo\u00bb.<\/p>\n<p><img alt=\"\" loading=\"lazy\" width=\"960\" height=\"640\" decoding=\"async\" data-nimg=\"1\" class=\"rounded-lg\" style=\"color:transparent\" src=\"https:\/\/www.europesays.com\/es\/wp-content\/uploads\/2026\/08\/https:\/\/media.zenfs.com\/es\/efe.es\/170b18c0c16a896b083940ff01b0fe7f.jpg\"\/><\/p>\n<p class=\"mb-4 text-lg md:leading-8 break-words\">\u00ab\u00c9l tuvo unos d\u00edas que no se encontr\u00f3 bien, ayer -por el viernes- ya se entren\u00f3 y esperamos que se integre con nosotros r\u00e1pidamente y que est\u00e9 disponible, espero, el pr\u00f3ximo partido de Liga\u00bb, el s\u00e1bado ante el Athletic Club, cuando el mercado ya estar\u00e1 cerrado, afirm\u00f3 el directivo. EFE<\/p>\n<p class=\"mb-4 text-lg md:leading-8 break-words\">(c) Agencia EFE<\/p>\n","protected":false},"excerpt":{"rendered":"Majadahonda (Madrid), 30 ago (EFE).- Juli\u00e1n Alvarez, delantero del Atl\u00e9tico de Madrid, se reincorpor\u00f3 este domingo a los&hellip;\n","protected":false},"author":2,"featured_media":738546,"comment_status":"","ping_status":"","sticky":false,"template":"","format":"standard","meta":{"footnotes":""},"categories":[5],"tags":[9122,131109,131111,59104,17,18,8675,131112,131105,995,25,24,12694,116896,89753,13,14,11,22784,131110,19,20,205,45696,87647,131108,9,10,15,16,131107,1171,131106,23,12,2646,21,22],"class_list":["post-738545","post","type-post","status-publish","format-standard","has-post-thumbnail","category-titulares","tag-9122","tag-30-ago","tag-39cuti","tag-agencia-efe","tag-breaking-news","tag-breakingnews","tag-cristian","tag-del-atletico-de-madrid","tag-deseo-de-fichar","tag-efe","tag-es","tag-espana","tag-espero","tag-este-domingo","tag-este-sabado","tag-featured-news","tag-featurednews","tag-headlines","tag-julian-alvarez","tag-la-otra-opcion-es-un","tag-latest-news","tag-latestnews","tag-madrid","tag-majadahonda","tag-mateu-alemany","tag-minutos-abiertos","tag-news","tag-noticias","tag-noticias-destacadas","tag-noticiasdestacadas","tag-romero-durante-los","tag-sevilla","tag-simeone-tras-su","tag-spain","tag-titulares","tag-trabaja","tag-ultimas-noticias","tag-ultimasnoticias"],"share_on_mastodon":{"url":"","error":"Validation failed: Text character limit of 500 exceeded"},"_links":{"self":[{"href":"https:\/\/www.europesays.com\/es\/wp-json\/wp\/v2\/posts\/738545","targetHints":{"allow":["GET"]}}],"collection":[{"href":"https:\/\/www.europesays.com\/es\/wp-json\/wp\/v2\/posts"}],"about":[{"href":"https:\/\/www.europesays.com\/es\/wp-json\/wp\/v2\/types\/post"}],"author":[{"embeddable":true,"href":"https:\/\/www.europesays.com\/es\/wp-json\/wp\/v2\/users\/2"}],"replies":[{"embeddable":true,"href":"https:\/\/www.europesays.com\/es\/wp-json\/wp\/v2\/comments?post=738545"}],"version-history":[{"count":0,"href":"https:\/\/www.europesays.com\/es\/wp-json\/wp\/v2\/posts\/738545\/revisions"}],"wp:featuredmedia":[{"embeddable":true,"href":"https:\/\/www.europesays.com\/es\/wp-json\/wp\/v2\/media\/738546"}],"wp:attachment":[{"href":"https:\/\/www.europesays.com\/es\/wp-json\/wp\/v2\/media?parent=738545"}],"wp:term":[{"taxonomy":"category","embeddable":true,"href":"https:\/\/www.europesays.com\/es\/wp-json\/wp\/v2\/categories?post=738545"},{"taxonomy":"post_tag","embeddable":true,"href":"https:\/\/www.europesays.com\/es\/wp-json\/wp\/v2\/tags?post=738545"}],"curies":[{"name":"wp","href":"https:\/\/api.w.org\/{rel}","templated":true}]}}