{"id":738547,"date":"2026-08-30T12:29:16","date_gmt":"2026-08-30T12:29:16","guid":{"rendered":"https:\/\/www.europesays.com\/es\/738547\/"},"modified":"2026-08-30T12:29:16","modified_gmt":"2026-08-30T12:29:16","slug":"pogacar-estable-tras-su-primera-noche-en-el-hospital-sera-operado-en-barcelona-cuando-mejore-tras-la-conmocion-cerebral-ciclismo-deportes","status":"publish","type":"post","link":"https:\/\/www.europesays.com\/es\/738547\/","title":{"rendered":"Pogacar, estable tras su primera noche en el hospital, ser\u00e1 operado en Barcelona cuando mejore tras la conmoci\u00f3n cerebral | Ciclismo | Deportes"},"content":{"rendered":"<p class=\"\">La Vuelta se qued\u00f3 hu\u00e9rfana de su mayor reclamo y de un ciclista de \u00e9poca que gana casi todo lo que se propone. Tambi\u00e9n apuntaba Tadej Pogacar a coronarse <a href=\"https:\/\/elpais.com\/noticias\/vuelta-espana\/\" target=\"_blank\" rel=\"noreferrer nofollow noopener\" title=\"https:\/\/elpais.com\/noticias\/vuelta-espana\/\">en la ronda espa\u00f1ola<\/a>, pues iba l\u00edder con casi cuatro minutos de diferencia sobre el segundo clasificado (Enric Mas). Pero una piedra se interpuso en su camino <a href=\"https:\/\/elpais.com\/deportes\/ciclismo\/2026-08-29\/pogacar-se-cae-a-falta-de-31-kilometros-de-meta-y-abandona-la-vuelta-en-la-octava-etapa.html\" target=\"_blank\" rel=\"noreferrer nofollow noopener\" title=\"https:\/\/elpais.com\/deportes\/ciclismo\/2026-08-29\/pogacar-se-cae-a-falta-de-31-kilometros-de-meta-y-abandona-la-vuelta-en-la-octava-etapa.html\">y se dio de bruces con el suelo para romperse la clav\u00edcula<\/a> y una v\u00e9rtebra cervical (C7), adem\u00e1s de sufrir una conmoci\u00f3n cerebral y m\u00faltiples abrasiones. Trasladado a Barcelona anoche desde el hospital de Gand\u00eda, tal y como inform\u00f3 As, ser\u00e1 operado en la Ciudad Condal cuando, de acuerdo con el protocolo que regula los procesos cuando existe una conmoci\u00f3n cerebral, estime que la intervenci\u00f3n es segura. <\/p>\n<p class=\"\">A primera hora de la ma\u00f1ana de este domingo, Pogacar colg\u00f3 una instant\u00e1nea en su Instagram, cuenta que tiene m\u00e1s de tres millones de seguidores. En la foto se le ve\u00eda con collar\u00edn, la cara magullada -se parti\u00f3 la ceja tambi\u00e9n- y haciendo el s\u00edmbolo rockero. De fondo, la canci\u00f3n de los Bee Gees: Stayin Alive [Sobreviviendo]. Una se\u00f1al de que el esloveno quiere volver cuanto antes, poco acostumbrado a estar en la rebotica porque solo tuvo un percance serio en 2023, en la Lieja-Basto\u00f1a-Lieja<a href=\"https:\/\/elpais.com\/deportes\/2023-04-23\/sin-tadej-pogacar-caido-remco-evenepoel-gana-de-nuevo-la-lieja-bastona-lieja.html\" target=\"_blank\" rel=\"noreferrer nofollow noopener\" title=\"https:\/\/elpais.com\/deportes\/2023-04-23\/sin-tadej-pogacar-caido-remco-evenepoel-gana-de-nuevo-la-lieja-bastona-lieja.html\">, cuando se hizo una fractura m\u00faltiple en la mu\u00f1eca izquierda<\/a>. De ah\u00ed que desde 2019, cuando eclosion\u00f3 en el mundo profesional, sume 130 victorias en su palmar\u00e9s, con cinco Tours y un Giro. Le falta, claro, la Vuelta para tener las tres grandes e instalarse con Anquetil, Gimondi, Merckx, Hinault, Contador, Nibali, Froome y Vingegaard en el club de los ciclistas que han ganado las tres grandes carreras por etapas. \u201cTadej est\u00e1 destrozado porque es una situaci\u00f3n deportiva dif\u00edcil que tenemos que asumir. Hay que saber que se ha trabajado y sacrificado mucho. Y estaba en la senda de la victoria, pero con una ca\u00edda se acaba la Vuelta y el trabajo y compromiso de Tadej y de todo el equipo\u201d, explic\u00f3 Joxean Matx\u00edn, m\u00e1nager general del UAE. Aunque a\u00f1adi\u00f3: \u201cPero pelearemos por lo que queda\u201d.<\/p>\n<p class=\"\">Desde su equipo, prefieren por ahora no contar nada m\u00e1s hasta que mitigue la conmoci\u00f3n cerebral y pueda ser intervenido quir\u00fargicamente. \u201cDespu\u00e9s de 24 hora posiblemente le operen de la clav\u00edcula y a partir de ah\u00ed valoraremos\u201d, resolvi\u00f3 Matxin. Despu\u00e9s, regresar\u00e1 a M\u00f3naco para la recuperaci\u00f3n y ya se ver\u00e1 si puede participar en las carreras que ten\u00eda en el entrecejo: el 27 de septiembre, el Mundial, en Montreal, en el que ten\u00eda previsto buscar su tercer arco\u00edris consecutivo (aunque parece imposible que llegue a tiempo); el 4 de octubre, el Campeonato de Europa, que este a\u00f1o se celebra en Liubliana, capital de su Eslovenia; y el Lombard\u00eda, <a href=\"https:\/\/elpais.com\/deportes\/ciclismo\/2025-10-11\/el-fenomeno-pogacar-bate-la-marca-de-coppi-en-el-giro-de-lombardia-71-anos-despues.html\" target=\"_blank\" rel=\"noreferrer nofollow noopener\" title=\"https:\/\/elpais.com\/deportes\/ciclismo\/2025-10-11\/el-fenomeno-pogacar-bate-la-marca-de-coppi-en-el-giro-de-lombardia-71-anos-despues.html\">Monumento que ha conquistado en los \u00faltimos cinco a\u00f1os<\/a>. \u201cNo s\u00e9 si se le ha acabado la temporada, veremos tras la operaci\u00f3n\u201d, remat\u00f3 Matx\u00edn.<\/p>\n","protected":false},"excerpt":{"rendered":"La Vuelta se qued\u00f3 hu\u00e9rfana de su mayor reclamo y de un ciclista de \u00e9poca que gana casi&hellip;\n","protected":false},"author":2,"featured_media":738548,"comment_status":"","ping_status":"","sticky":false,"template":"","format":"standard","meta":{"footnotes":""},"categories":[273],"tags":[2839,313,2838,1540,312,168,25,24,549,23,167,27570,7603],"class_list":["post-738547","post","type-post","status-publish","format-standard","has-post-thumbnail","category-ciclismo","tag-carreras-ciclistas","tag-ciclismo","tag-ciclistas","tag-competiciones","tag-cycling","tag-deportes","tag-es","tag-espana","tag-pogacar","tag-spain","tag-sports","tag-uae-team-emirates","tag-vuelta-espana"],"share_on_mastodon":{"url":"https:\/\/pubeurope.com\/@es\/117184467105040769","error":""},"_links":{"self":[{"href":"https:\/\/www.europesays.com\/es\/wp-json\/wp\/v2\/posts\/738547","targetHints":{"allow":["GET"]}}],"collection":[{"href":"https:\/\/www.europesays.com\/es\/wp-json\/wp\/v2\/posts"}],"about":[{"href":"https:\/\/www.europesays.com\/es\/wp-json\/wp\/v2\/types\/post"}],"author":[{"embeddable":true,"href":"https:\/\/www.europesays.com\/es\/wp-json\/wp\/v2\/users\/2"}],"replies":[{"embeddable":true,"href":"https:\/\/www.europesays.com\/es\/wp-json\/wp\/v2\/comments?post=738547"}],"version-history":[{"count":0,"href":"https:\/\/www.europesays.com\/es\/wp-json\/wp\/v2\/posts\/738547\/revisions"}],"wp:featuredmedia":[{"embeddable":true,"href":"https:\/\/www.europesays.com\/es\/wp-json\/wp\/v2\/media\/738548"}],"wp:attachment":[{"href":"https:\/\/www.europesays.com\/es\/wp-json\/wp\/v2\/media?parent=738547"}],"wp:term":[{"taxonomy":"category","embeddable":true,"href":"https:\/\/www.europesays.com\/es\/wp-json\/wp\/v2\/categories?post=738547"},{"taxonomy":"post_tag","embeddable":true,"href":"https:\/\/www.europesays.com\/es\/wp-json\/wp\/v2\/tags?post=738547"}],"curies":[{"name":"wp","href":"https:\/\/api.w.org\/{rel}","templated":true}]}}