{"id":738557,"date":"2026-08-30T12:38:22","date_gmt":"2026-08-30T12:38:22","guid":{"rendered":"https:\/\/www.europesays.com\/es\/738557\/"},"modified":"2026-08-30T12:38:22","modified_gmt":"2026-08-30T12:38:22","slug":"23-estrenos-en-prime-video-disney-movistar-plus-apple-tv-skyshowtime-y-filmin-esta-semana-la-nueva-pelicula-de-star-wars-tres-meses-despues-de-su-estreno-noticias-de-cine","status":"publish","type":"post","link":"https:\/\/www.europesays.com\/es\/738557\/","title":{"rendered":"23 estrenos en Prime Video, Disney+, Movistar Plus, Apple TV, SkyShowtime y Filmin: esta semana, la nueva pel\u00edcula de Star Wars tres meses despu\u00e9s de su estreno &#8211; Noticias de cine"},"content":{"rendered":"<p>Todas las pel\u00edculas y series que llegan a Prime Video, Disney+, Movistar Plus, SkyShowtime, Filmin y Apple TV en la semana del 31 de agosto al 6 de septiembre:<\/p>\n<p class=\"bo-p\">Comienza el mes de septiembre. Ese mes de vuelta a la rutina que la mayor\u00eda odiamos pero que otros esperan con ganas tras la intensidad del los meses de verano. Seas del bando que seas, tienes que saber que las plataformas de streaming est\u00e1n preparadas para hacer m\u00e1s amena la transici\u00f3n con nuevos estrenos que a\u00f1aden a sus cat\u00e1logos.<\/p>\n<p class=\"bo-p\"><a href=\"https:\/\/www.sensacine.com\/noticias\/cine\/noticia-1000219934\/\" class=\"bo-link\" rel=\"nofollow noopener\" target=\"_blank\">10 estrenos en Netflix: esta semana, el regreso de una atrevida serie con aristocracia, narcotr\u00e1fico y mucho humor negro<\/a>.<\/p>\n<p class=\"bo-p\">Esta semana, un estreno sobresale por encima del resto: la llegada de la nueva aventura protagonizada por Din Djarin y su inseparable compa\u00f1ero Grogu, solo tres meses despu\u00e9s de su estreno en cines. Sin desmerecer, no obstante, el debut en Prime Video de la nueva pel\u00edcula de acci\u00f3n de Prime Video, que est\u00e1 protagonizada por Gal Gadot, y la nueva pel\u00edcula estrella de Apple TV, con Ryan Reynolds y Kenneth Branagh como protagonistas. Adem\u00e1s, para los m\u00e1s nost\u00e1lgicos, aterriza al completo una de las sagas de viajes en el tiempo m\u00e1s ic\u00f3nicas de los a\u00f1os 80.<\/p>\n<p class=\"bo-p\">Toma nota a continuaci\u00f3n de <b>todas las pel\u00edculas y series que llegan a Prime Video, Disney+, Movistar Plus, SkyShowtime, Filmin y Apple TV en la semana del 31 de agosto al 6 de septiembre:<\/b><\/p>\n<p>PRIME VIDEO<\/p>\n<p class=\"bo-p\"><b>-PEL\u00cdCULAS-<\/b><\/p>\n<p><a href=\"https:\/\/www.sensacine.com\/peliculas\/pelicula-1000015037\/\" class=\"bo-link\" rel=\"nofollow noopener\" target=\"_blank\">The Runner<\/a><\/p>\n<p class=\"bo-p\">Nuevo thriller de acci\u00f3n original de Prime Video llega esta semana a la plataforma. La abogada corporativa Maia Marten, interpretada por la popular actriz <a href=\"https:\/\/www.sensacine.com\/actores\/actor-255904\/\" class=\"bo-link\" rel=\"nofollow noopener\" target=\"_blank\">Gal Gadot<\/a>, sale a correr como habitualmente cada ma\u00f1ana sin saber que esta a pronto de comenzar un infierno: su tel\u00e9fono suena y, extra\u00f1ada, ve que es el n\u00famero de su hijo Noah, quien deber\u00eda estar en la escuela. Pero al contestar, no oye la voz de Noah, sino la de un desconocido que le explica que ha secuestrado al ni\u00f1o y que solo lo ver\u00e1 con vida si mata a su cliente, a quien representa en el juicio ese mismo d\u00eda. <\/p>\n<p class=\"bo-p\"><b>Estreno: <\/b>2 de septiembre<\/p>\n<p class=\"bo-p\"><b>-SERIES-<\/b><\/p>\n<ul class=\"bo-ul\">\n<li class=\"bo-li\">The Grand Tour (Temporada 7)<\/li>\n<\/ul>\n<p class=\"bo-p\"><b>Estreno:<\/b> 4 de septiembre<\/p>\n<p>DISNEY+<\/p>\n<p>                                <img loading=\"lazy\" decoding=\"async\" class=\"article-figure-img\" src=\"https:\/\/www.europesays.com\/es\/wp-content\/uploads\/2026\/08\/1788093498_556_df7035df635c15183a2b053f5fa02032.jpg\" width=\"640\" height=\"320\" alt=\"\"\/><\/p>\n<p>                                    Disney+<\/p>\n<p class=\"bo-p\"><b>-PEL\u00cdCULAS-<\/b><\/p>\n<p><a href=\"https:\/\/www.sensacine.com\/peliculas\/pelicula-325481\/\" class=\"bo-link\" rel=\"nofollow noopener\" target=\"_blank\">The Mandalorian y Grogu<\/a><\/p>\n<p class=\"bo-p\">En un principio el plan era que The Mandalorian tuviera una temporada 4, pero finalmente la estrategia cambi\u00f3 y Mando y Grogu dieron el salto a la gran pantalla la pasada primavera. Ahora, solo tres meses despu\u00e9s, la pel\u00edcula de aventuras de Star Wars, la primera de la saga en siete a\u00f1os, ya estar\u00e1 disponible en &#8216;streaming&#8217; de la mano de Disney+.<\/p>\n<p class=\"bo-p\">Tras la ca\u00edda del Imperio Oscuro, los se\u00f1ores de la guerra supervivientes se han dispersado por la galaxia. Mientras la Nueva Rep\u00fablica, surgida de sus ruinas, intenta preservar los logros de la rebeli\u00f3n, recibe el apoyo de Din Djarin (<a href=\"https:\/\/www.sensacine.com\/actores\/actor-213564\/\" class=\"bo-link\" rel=\"nofollow noopener\" target=\"_blank\">Pedro Pascal<\/a>), un experimentado cazarrecompensas mandaloriano, y su joven protegido, Grogu. Ambos tienen la misi\u00f3n de rescatar a Rotta el Hutt (<a href=\"https:\/\/www.sensacine.com\/actores\/actor-444766\/\" class=\"bo-link\" rel=\"nofollow noopener\" target=\"_blank\">Jeremy Allan White<\/a>), mientras que los pocos se\u00f1ores de la guerra dispersos del Imperio contin\u00faan sus intentos por socavar el nuevo orden y hacerse con el poder.<\/p>\n<p class=\"bo-p\"><b>Estreno: <\/b>2 de septiembre<\/p>\n<ul class=\"bo-ul\">\n<li class=\"bo-li\">LEGO Star Wars: The Mandalorian<\/li>\n<\/ul>\n<p class=\"bo-p\"><b>Estreno: <\/b>2 de septiembre<\/p>\n<p class=\"bo-p\"><b>-SERIES-<\/b><\/p>\n<p class=\"bo-p\"><b>Estreno<\/b>: 3 de septiembre<\/p>\n<p>MOVISTAR PLUS<\/p>\n<p>                                <img loading=\"lazy\" decoding=\"async\" class=\"article-figure-img\" src=\"https:\/\/www.europesays.com\/es\/wp-content\/uploads\/2026\/08\/1788093500_156_182b4f9ced6799cf6632fc54d294da64.jpg\" width=\"640\" height=\"320\" alt=\"\"\/><\/p>\n<p>                                    movistar+<\/p>\n<p class=\"bo-p\"><b>-PEL\u00cdCULAS-<\/b><\/p>\n<p><a href=\"https:\/\/www.sensacine.com\/peliculas\/pelicula-321820\/\" class=\"bo-link\" rel=\"nofollow noopener\" target=\"_blank\">Novocaine<\/a><\/p>\n<p class=\"bo-p\">El modesto Nate Caine (<a href=\"https:\/\/www.sensacine.com\/actores\/actor-518804\/\" class=\"bo-link\" rel=\"nofollow noopener\" target=\"_blank\">Jack Quaid<\/a>) trabaja como subgerente de una sucursal bancaria en San Diego, pero justo cuando una nueva relaci\u00f3n con una compa\u00f1era comienza a traerle algo de emoci\u00f3n a su mon\u00f3tona vida, el banco es asaltado por tres hombres disfrazados de Pap\u00e1 Noel y Sherry es secuestrada. Nate no ve otra opci\u00f3n que embarcarse en una peligrosa misi\u00f3n de rescate. Lo que inicialmente parece una tarea imposible se convierte en una ventaja cuando descubre una habilidad inusual: debido a una rara condici\u00f3n gen\u00e9tica, no puede sentir dolor. <\/p>\n<p class=\"bo-p\"><b>Estreno:<\/b> 4 de septiembre<\/p>\n<p class=\"bo-p\"><b>Estreno: <\/b>31 de agosto<\/p>\n<p class=\"bo-p\"><b>Estreno: <\/b>1 de septiembre<\/p>\n<p class=\"bo-p\"><b>Estreno:<\/b> 2 de septiembre<\/p>\n<p class=\"bo-p\"><b>Estreno: <\/b>3 de septiembre<\/p>\n<ul class=\"bo-ul\">\n<li class=\"bo-li\">Un muerto a la hora del t\u00e9<\/li>\n<\/ul>\n<p class=\"bo-p\"><b>Estreno<\/b>: 6 de septiembre<\/p>\n<p class=\"bo-p\"><b>-SERIES-<\/b><\/p>\n<p class=\"bo-p\"><b>Estreno: <\/b>3 de septiembre<\/p>\n<p>FILMIN<\/p>\n<p>                                <img loading=\"lazy\" decoding=\"async\" class=\"article-figure-img\" src=\"https:\/\/www.europesays.com\/es\/wp-content\/uploads\/2026\/08\/1788093501_504_8df0bc1b8e680bae2e543eb309333beb.jpg\" width=\"640\" height=\"320\" alt=\"\"\/><\/p>\n<p>                                    Filmin<\/p>\n<p class=\"bo-p\"><b>-SERIES-<\/b><\/p>\n<p><a href=\"https:\/\/www.sensacine.com\/series\/serie-1000002261\/\" class=\"bo-link\" rel=\"nofollow noopener\" target=\"_blank\">Gone<\/a><\/p>\n<p class=\"bo-p\">Esta serie thriller brit\u00e1nica del creador de Lupin George Kay, est\u00e1 protagonizada por David Morrissey -inolvidable Gobernador de The Walking Dead- en la piel de Michael Polly, el director de una escuela que, un d\u00eda completamente normal para \u00e9l, descubre al llegar a casa que su mujer Sarah ha desaparecido sin dejar rastro. Pero la inspectora que se hace cargo del caso r\u00e1pido se da cuenta de que est\u00e1 demasiado tranquilo. <\/p>\n<p class=\"bo-p\"><b>Estreno:<\/b> 1 de septiembre<\/p>\n<p class=\"bo-p\"><b>-PEL\u00cdCULAS-<\/b><\/p>\n<p class=\"bo-p\"><b>Estreno: <\/b>4 de septiembre<\/p>\n<p class=\"bo-p\"><b>Estreno:<\/b> 4 de septiembre<\/p>\n<p class=\"bo-p\"><b>Estreno<\/b>: 4 de septiembre<\/p>\n<p>SKYSHOWTIME<\/p>\n<p>                                <img loading=\"lazy\" decoding=\"async\" class=\"article-figure-img\" src=\"https:\/\/www.europesays.com\/es\/wp-content\/uploads\/2026\/08\/f14c0034a507fd42c8d351dab718402c.jpg\" width=\"640\" height=\"320\" alt=\"\"\/><\/p>\n<p>                                    SkyShowtime<\/p>\n<p class=\"bo-p\"><b>-SERIES-<\/b><\/p>\n<p><a href=\"https:\/\/www.sensacine.com\/series\/serie-1000000634\/\" class=\"bo-link\" rel=\"nofollow noopener\" target=\"_blank\">M.I.A.<\/a><\/p>\n<p class=\"bo-p\">Etta Tiger Jonze (<a href=\"https:\/\/www.sensacine.com\/actores\/actor-1000015534\/\" class=\"bo-link\" rel=\"nofollow noopener\" target=\"_blank\">Shannon Gisela<\/a>) crece en una familia donde la delincuencia es algo com\u00fan. Cuando un brutal ataque trastorna su vida y casi acaba con toda su familia, Etta apenas tiene tiempo para el duelo. En cambio, la impulsa un deseo de venganza y, de repente, se encuentra inmersa en un mundo peligroso que conoce, pero del que nunca quiso formar parte. Su b\u00fasqueda de los responsables la arrastra cada vez m\u00e1s al submundo de Miami, y se convierte en la presa.<\/p>\n<p class=\"bo-p\"><b>Estreno:<\/b> 3 de septiembre<\/p>\n<p class=\"bo-p\"><b>Estreno<\/b>: 3 de septiembre<\/p>\n<p class=\"bo-p\"><b>Estreno: <\/b>6 de septiembre<\/p>\n<p class=\"bo-p\"><b>-PEL\u00cdCULAS-<\/b><\/p>\n<p class=\"bo-p\"><b>Estreno:<\/b> 1 de septiembre<\/p>\n<p class=\"bo-p\"><b>Estreno<\/b>: 1 de septiembre<\/p>\n<p class=\"bo-p\"><b>Estreno<\/b>: 1 de septiembre<\/p>\n<p>APPLE TV<\/p>\n<p>                                <img loading=\"lazy\" decoding=\"async\" class=\"article-figure-img\" src=\"https:\/\/www.europesays.com\/es\/wp-content\/uploads\/2026\/08\/9c7605ecb05597872154aef2921359fb.jpg\" width=\"640\" height=\"320\" alt=\"\"\/><\/p>\n<p>                                    Apple TV<\/p>\n<p class=\"bo-p\"><b>-PEL\u00cdCULAS-<\/b><\/p>\n<p class=\"bo-p\">En plena Guerra Fr\u00eda, el teniente Troy \u00abAssassin\u00bb Kelly (<a href=\"https:\/\/www.sensacine.com\/actores\/actor-74084\/\" class=\"bo-link\" rel=\"nofollow noopener\" target=\"_blank\">Ryan Reynolds<\/a>), piloto de la Marina estadounidense, es enviado tras las l\u00edneas enemigas en una misi\u00f3n ultrasecreta sobre territorio ruso. All\u00ed conoce al exagente de la KGB Nikolai Ustinov (<a href=\"https:\/\/www.sensacine.com\/actores\/actor-1792\/\" class=\"bo-link\" rel=\"nofollow noopener\" target=\"_blank\">Kenneth Branagh<\/a>), quien, a pesar de su pasado, siente predilecci\u00f3n por la cultura estadounidense. Lo que inicialmente parece una situaci\u00f3n desesperada se convierte en una improbable alianza que cambiar\u00e1 sus vidas para siempre.<\/p>\n<p class=\"bo-p\"><b>Estreno:<\/b> 4 de septiembre<\/p>\n","protected":false},"excerpt":{"rendered":"Todas las pel\u00edculas y series que llegan a Prime Video, Disney+, Movistar Plus, SkyShowtime, Filmin y Apple TV&hellip;\n","protected":false},"author":2,"featured_media":738558,"comment_status":"","ping_status":"","sticky":false,"template":"","format":"standard","meta":{"footnotes":""},"categories":[169],"tags":[37078,177,1060,146,147,25,24,1055,176,6827,175,40920,753,13761,805,10218,23,6879],"class_list":["post-738557","post","type-post","status-publish","format-standard","has-post-thumbnail","category-cine","tag-apple_tv","tag-cine","tag-disney","tag-entertainment","tag-entretenimiento","tag-es","tag-espana","tag-estreno","tag-film","tag-filmin","tag-movies","tag-movistar_plus","tag-peliculas","tag-prime_video","tag-series","tag-skyshowtime","tag-spain","tag-streaming"],"share_on_mastodon":{"url":"https:\/\/pubeurope.com\/@es\/117184503669853674","error":""},"_links":{"self":[{"href":"https:\/\/www.europesays.com\/es\/wp-json\/wp\/v2\/posts\/738557","targetHints":{"allow":["GET"]}}],"collection":[{"href":"https:\/\/www.europesays.com\/es\/wp-json\/wp\/v2\/posts"}],"about":[{"href":"https:\/\/www.europesays.com\/es\/wp-json\/wp\/v2\/types\/post"}],"author":[{"embeddable":true,"href":"https:\/\/www.europesays.com\/es\/wp-json\/wp\/v2\/users\/2"}],"replies":[{"embeddable":true,"href":"https:\/\/www.europesays.com\/es\/wp-json\/wp\/v2\/comments?post=738557"}],"version-history":[{"count":0,"href":"https:\/\/www.europesays.com\/es\/wp-json\/wp\/v2\/posts\/738557\/revisions"}],"wp:featuredmedia":[{"embeddable":true,"href":"https:\/\/www.europesays.com\/es\/wp-json\/wp\/v2\/media\/738558"}],"wp:attachment":[{"href":"https:\/\/www.europesays.com\/es\/wp-json\/wp\/v2\/media?parent=738557"}],"wp:term":[{"taxonomy":"category","embeddable":true,"href":"https:\/\/www.europesays.com\/es\/wp-json\/wp\/v2\/categories?post=738557"},{"taxonomy":"post_tag","embeddable":true,"href":"https:\/\/www.europesays.com\/es\/wp-json\/wp\/v2\/tags?post=738557"}],"curies":[{"name":"wp","href":"https:\/\/api.w.org\/{rel}","templated":true}]}}