{"id":738563,"date":"2026-08-30T12:41:31","date_gmt":"2026-08-30T12:41:31","guid":{"rendered":"https:\/\/www.europesays.com\/es\/738563\/"},"modified":"2026-08-30T12:41:31","modified_gmt":"2026-08-30T12:41:31","slug":"supervivientes-all-stars-3-anuncia-a-su-quinta-concursante-oficial-la-murciana-que-revoluciono-gh-hace-casi-20-anos","status":"publish","type":"post","link":"https:\/\/www.europesays.com\/es\/738563\/","title":{"rendered":"&#8216;Supervivientes All Stars 3&#8217; anuncia a su quinta concursante oficial, la murciana que revolucion\u00f3 &#8216;GH&#8217; hace casi 20 a\u00f1os"},"content":{"rendered":"<p class=\"article-text\">\n        Doce a\u00f1os despu\u00e9s de participar en Supervivientes 2014, <strong>Almudena Mart\u00ednez<\/strong>, la ic\u00f3nica concursante de realities a la que todo el mundo conoce como <strong>&#8216;Chiqui&#8217;<\/strong>, ha fichado por la pr\u00f3xima edici\u00f3n de <strong>Supervivientes All Stars<\/strong>, en la que se coincidir\u00e1 con algunas de las estrellas que m\u00e1s relevancia han tenido en la historia del programa.\n    <\/p>\n<p>    <a href=\"https:\/\/www.eldiario.es\/vertele\/noticias\/alba-carrillo-ayuso-cuando-vuelve-el-sotano-club-atico_1_13474281.html\" data-mrf-recirculation=\"saber-mas\" data-dl-event=\"saber-mas\" rel=\"nofollow noopener\" target=\"_blank\"><\/p>\n<p class=\"know-more__title\">Alba Carrillo sigue los pasos de Ayuso para anunciar cu\u00e1ndo vuelve &#8216;El s\u00f3tano club&#8217;: \u00abChao, pescao. Vamos al \u00e1tico\u00bb<\/p>\n<p>            <img decoding=\"async\" class=\"lazy\" loading=\"lazy\" data-src=\"https:\/\/static.eldiario.es\/clip\/c871f1b0-1fba-459d-94bb-965d0b9f25ae_16-9-aspect-ratio_default_0.jpg\" src=\"data:image\/svg+xml,%3Csvg xmlns=\" http:=\"\" viewbox=\"0 0 880 495\" alt=\"Alba Carrillo sigue los pasos de Ayuso para anunciar cu\u00e1ndo vuelve 'El s\u00f3tano club': &quot;Chao, pescao. Vamos al \u00e1tico&quot;\"\/><\/p>\n<p>                        <\/a><\/p>\n<p class=\"article-text\">\n        El fichaje de Chiqui se anunci\u00f3 en la tarde de este s\u00e1bado 29 de agosto a trav\u00e9s de Telecinco y se suma a una lista en la que ya figuran cinco nombres confirmados: el rapero <strong>Arkano<\/strong>, la tertuliana <strong>Rosa Benito<\/strong>, el modelo <strong>Asraf Beno<\/strong> (marido de Isa Pantoja), la influencer <strong>Alma Bollo<\/strong> (hija de Raquel Bollo) y la propia <strong>Chiqui<\/strong>. Tambi\u00e9n estar\u00e1 en Supervivientes All Stars el &#8216;viceverso&#8217; <strong>Albert Barranco<\/strong>, seg\u00fan ha sabido <a href=\"https:\/\/www.eldiario.es\/vertele\/noticias\/supervivientes-all-stars-3-cierra-primer-concursante-experto-seductor-pasado-tentador-viceverso_1_13463136.html\" target=\"_blank\" data-mrf-recirculation=\"links-noticia\" class=\"link\" rel=\"nofollow noopener\">verTele<\/a>.\n    <\/p>\n<blockquote class=\"twitter-tweet\" data-lang=\"es\"><p><a href=\"https:\/\/twitter.com\/X\/status\/2093772200901849476?ref_src=twsrc%5Etfw\" rel=\"nofollow noopener\" target=\"_blank\"><\/p><\/blockquote>\n<p class=\"article-text\">\n        Chiqui salt\u00f3 a la fama en 2008 al convertirse en una de las concursantes m\u00e1s carism\u00e1ticas de <strong>Gran Hermano 10<\/strong>. La murciana aguant\u00f3 123 d\u00edas en la casa de Guadalix de la Sierra y estuvo a punto de ganar aquella edici\u00f3n del reality. Fue tercera finalista por detr\u00e1s de Orlando Breyner e Iv\u00e1n Madrazo. Dos a\u00f1os despu\u00e9s particip\u00f3 en <strong>Gran Hermano: El Reencuentro<\/strong>, esta vez con un perfil m\u00e1s discreto.\n    <\/p>\n<p class=\"article-text\">\n        La carrera televisiva de Chiqui se ampli\u00f3 a partir de entonces con colaboraciones puntuales en diferentes programas de Telecinco. Fue reportera de <strong>S\u00e1lvame <\/strong>y concedi\u00f3 varias entrevistas al <strong>Deluxe<\/strong>.\n    <\/p>\n<p class=\"article-text\">\n        En 2014 viaj\u00f3 a Honduras de la mano de <strong>Supervivientes <\/strong>para iniciar su segunda gran aventura como concursante de realities. Resisti\u00f3 durante 64 d\u00edas las dif\u00edciles condiciones de la isla y se qued\u00f3 a las puertas de la final.\n    <\/p>\n<p>    <a href=\"https:\/\/www.eldiario.es\/vertele\/noticias\/septima-cierra-fichaje-sarah-santaolalla-presentadora-propio-programa-nuevo-canal-tdt_1_13472876.html\" data-mrf-recirculation=\"saber-mas-abajo\" data-dl-event=\"saber-mas-abajo\" rel=\"nofollow noopener\" target=\"_blank\"><\/p>\n<p class=\"know-more__title\">La S\u00e9ptima cierra el fichaje de Sarah Santaolalla como presentadora de su propio programa en el nuevo canal TDT<\/p>\n<p>            <img decoding=\"async\" class=\"lazy\" loading=\"lazy\" data-src=\"https:\/\/static.eldiario.es\/clip\/9abda1ae-36c9-40f3-851a-f68b2840b69d_16-9-aspect-ratio_default_0.jpg\" src=\"data:image\/svg+xml,%3Csvg xmlns=\" http:=\"\" viewbox=\"0 0 880 495\" alt=\"La S\u00e9ptima cierra el fichaje de Sarah Santaolalla como presentadora de su propio programa en el nuevo canal TDT\"\/><\/p>\n<p>                        <\/a><\/p>\n<p class=\"article-text\">\n        Despu\u00e9s de aquella experiencia, Chiqui desapareci\u00f3 de la televisi\u00f3n y empez\u00f3 a trabajar en un concesionario de coches. Ahora, 12 a\u00f1os m\u00e1s tarde, la murciana regresa a los plat\u00f3s por todo lo alto.\n    <\/p>\n<p>                                    <script async src=\"https:\/\/platform.twitter.com\/widgets.js\" charset=\"utf-8\"><\/script><\/p>\n","protected":false},"excerpt":{"rendered":"Doce a\u00f1os despu\u00e9s de participar en Supervivientes 2014, Almudena Mart\u00ednez, la ic\u00f3nica concursante de realities a la que&hellip;\n","protected":false},"author":2,"featured_media":738564,"comment_status":"","ping_status":"","sticky":false,"template":"","format":"standard","meta":{"footnotes":""},"categories":[91],"tags":[11286,131113,4187,44901,2884,146,147,25,24,289,15384,23,11287,3947],"class_list":["post-738563","post","type-post","status-publish","format-standard","has-post-thumbnail","category-entretenimiento","tag-all","tag-almudena-martinez","tag-anuncia","tag-chiqui","tag-concursante","tag-entertainment","tag-entretenimiento","tag-es","tag-espana","tag-oficial","tag-quinta","tag-spain","tag-stars","tag-supervivientes"],"share_on_mastodon":{"url":"https:\/\/pubeurope.com\/@es\/117184514735017806","error":""},"_links":{"self":[{"href":"https:\/\/www.europesays.com\/es\/wp-json\/wp\/v2\/posts\/738563","targetHints":{"allow":["GET"]}}],"collection":[{"href":"https:\/\/www.europesays.com\/es\/wp-json\/wp\/v2\/posts"}],"about":[{"href":"https:\/\/www.europesays.com\/es\/wp-json\/wp\/v2\/types\/post"}],"author":[{"embeddable":true,"href":"https:\/\/www.europesays.com\/es\/wp-json\/wp\/v2\/users\/2"}],"replies":[{"embeddable":true,"href":"https:\/\/www.europesays.com\/es\/wp-json\/wp\/v2\/comments?post=738563"}],"version-history":[{"count":0,"href":"https:\/\/www.europesays.com\/es\/wp-json\/wp\/v2\/posts\/738563\/revisions"}],"wp:featuredmedia":[{"embeddable":true,"href":"https:\/\/www.europesays.com\/es\/wp-json\/wp\/v2\/media\/738564"}],"wp:attachment":[{"href":"https:\/\/www.europesays.com\/es\/wp-json\/wp\/v2\/media?parent=738563"}],"wp:term":[{"taxonomy":"category","embeddable":true,"href":"https:\/\/www.europesays.com\/es\/wp-json\/wp\/v2\/categories?post=738563"},{"taxonomy":"post_tag","embeddable":true,"href":"https:\/\/www.europesays.com\/es\/wp-json\/wp\/v2\/tags?post=738563"}],"curies":[{"name":"wp","href":"https:\/\/api.w.org\/{rel}","templated":true}]}}