{"id":738577,"date":"2026-08-30T12:51:14","date_gmt":"2026-08-30T12:51:14","guid":{"rendered":"https:\/\/www.europesays.com\/es\/738577\/"},"modified":"2026-08-30T12:51:14","modified_gmt":"2026-08-30T12:51:14","slug":"federer-entra-en-el-salon-de-la-fama-del-tenis-con-la-tecnica-que-tiene-a-los-50-va-a-mover-la-pelota-igual","status":"publish","type":"post","link":"https:\/\/www.europesays.com\/es\/738577\/","title":{"rendered":"Federer entra en el Sal\u00f3n de la Fama del tenis: \u00abCon la t\u00e9cnica que tiene, a los 50 va a mover la pelota igual\u00bb"},"content":{"rendered":"<p>\u00abLa derecha de Federer es brutal. Yo no he tenido puntos ATP, pero he jugado bien al tenis. Practicaba indoor con Federer cuando \u00e9l ten\u00eda 17 a\u00f1os y te prometo que te viene algo a 10.000. A veces no te daba tiempo ni a dar un paso. <b>Con la t\u00e9cnica que tiene, a los 50 a\u00f1os va a mover la bola igual<\/b>\u00bb, dice <b>Paul Dorochenko<\/b>, quien fuera el preparador f\u00edsico del suizo en sus comienzos. Precisamente de esos principios habl\u00f3 el ic\u00f3nico tenista en su discurso de m\u00e1s de media hora tras ser incluido en el <b>Sal\u00f3n de la Fama del Tenis<\/b>. Federer llor\u00f3, como tantas veces hizo en pista, cuando su mujer lo present\u00f3. <b>Mirka <\/b>tambi\u00e9n fue tenista y record\u00f3 una an\u00e9cdota que sac\u00f3 los colores y las risas a Andy Roddick, presente en el acto. \u00abEn los primeros d\u00edas a veces lo ayudaba a calentar antes de los partidos. Todav\u00eda recuerdo a Andy Roddick bromeando despu\u00e9s de la final de Cincinnati: \u2018\u2018No puedo creer que haya perdido contra un tipo que hace el calentamiento con su novia\u2019\u2019\u00bb. Roger se convertir\u00eda en una pesadilla para Roddick, al que venci\u00f3 21 partidos de 24, entre ellos tres finales de Wimbledon y una del US Open. Tras uno de esos encuentros, el estadounidense dijo: \u00abDeber\u00eda odiarte, pero no puedo\u00bb.<\/p>\n<p>Federer dedic\u00f3 gran parte de sus palabras a Mirka, su \u00abinspiraci\u00f3n\u00bb, a algunos de sus rivales: \u00abEstoy contento de haber pasado por generaciones, desde Sampras hasta las rivalidades \u00e9picas con Andy (Murray), Novak (Djokovic) y Rafa (Nadal)\u00bb; y record\u00f3 c\u00f3mo empez\u00f3 todo. \u00abA la mente me viene <b>cuando con 13 a\u00f1os era recogepelotas <\/b>y estaba apoyado contra la pared del fondo, con las manos detr\u00e1s de m\u00ed y la vista fija en la bola. Jam\u00e1s olvidar\u00e9 c\u00f3mo se ve\u00eda el partido desde ah\u00ed y qu\u00e9 sent\u00ed. La emoci\u00f3n de estar tan cerca de los jugadores, pasarles la pelota, darles la toalla, verlos sudar, observar c\u00f3mo luchaban, c\u00f3mo resolv\u00edan las adversidades, su intensidad&#8230; Recuerdo que a la ma\u00f1ana siguiente, me dol\u00edan much\u00edsimo las piernas\u00bb, asegur\u00f3 antes de dar las gracias a sus padres. De Robert afirm\u00f3: \u00abEmpec\u00e9 a los tres a\u00f1os con la raqueta de madera de mi padre. Crec\u00ed con raquetas de madera y pelotas de tenis blancas, as\u00ed de viejo soy. <b>Esa raqueta era tan pesada que sol\u00eda jugar con derecha y rev\u00e9s a dos manos. \u00bfQui\u00e9n iba a imaginar que me convertir\u00eda en un jugador de una sola mano?<\/b>\u00bb. Y de Lynette, su madre: \u00abOrganizaba mis clases, me inscrib\u00eda en los partidos y apoyaba a mis entrenadores. Mam\u00e1 lo hizo posible\u00bb.<\/p>\n<p>Hubo poco espacio para sus \u00e9xitos, sus 103 t\u00edtulos, sus 20 Grand Slams, sus partidos de leyenda&#8230; Son los que le han llevado al Sal\u00f3n, pero nada hubiera sido posible sin la gente a la que nombr\u00f3.<\/p>\n","protected":false},"excerpt":{"rendered":"\u00abLa derecha de Federer es brutal. Yo no he tenido puntos ATP, pero he jugado bien al tenis.&hellip;\n","protected":false},"author":2,"featured_media":738578,"comment_status":"","ping_status":"","sticky":false,"template":"","format":"standard","meta":{"footnotes":""},"categories":[274],"tags":[168,25,24,3440,23,167,327,326],"class_list":["post-738577","post","type-post","status-publish","format-standard","has-post-thumbnail","category-tenis","tag-deportes","tag-es","tag-espana","tag-roger-federer","tag-spain","tag-sports","tag-tenis","tag-tennis"],"share_on_mastodon":{"url":"https:\/\/pubeurope.com\/@es\/117184553686523864","error":""},"_links":{"self":[{"href":"https:\/\/www.europesays.com\/es\/wp-json\/wp\/v2\/posts\/738577","targetHints":{"allow":["GET"]}}],"collection":[{"href":"https:\/\/www.europesays.com\/es\/wp-json\/wp\/v2\/posts"}],"about":[{"href":"https:\/\/www.europesays.com\/es\/wp-json\/wp\/v2\/types\/post"}],"author":[{"embeddable":true,"href":"https:\/\/www.europesays.com\/es\/wp-json\/wp\/v2\/users\/2"}],"replies":[{"embeddable":true,"href":"https:\/\/www.europesays.com\/es\/wp-json\/wp\/v2\/comments?post=738577"}],"version-history":[{"count":0,"href":"https:\/\/www.europesays.com\/es\/wp-json\/wp\/v2\/posts\/738577\/revisions"}],"wp:featuredmedia":[{"embeddable":true,"href":"https:\/\/www.europesays.com\/es\/wp-json\/wp\/v2\/media\/738578"}],"wp:attachment":[{"href":"https:\/\/www.europesays.com\/es\/wp-json\/wp\/v2\/media?parent=738577"}],"wp:term":[{"taxonomy":"category","embeddable":true,"href":"https:\/\/www.europesays.com\/es\/wp-json\/wp\/v2\/categories?post=738577"},{"taxonomy":"post_tag","embeddable":true,"href":"https:\/\/www.europesays.com\/es\/wp-json\/wp\/v2\/tags?post=738577"}],"curies":[{"name":"wp","href":"https:\/\/api.w.org\/{rel}","templated":true}]}}