{"id":738591,"date":"2026-08-30T13:02:21","date_gmt":"2026-08-30T13:02:21","guid":{"rendered":"https:\/\/www.europesays.com\/es\/738591\/"},"modified":"2026-08-30T13:02:21","modified_gmt":"2026-08-30T13:02:21","slug":"emiliano-dibu-martinez-ficha-por-el-chelsea","status":"publish","type":"post","link":"https:\/\/www.europesays.com\/es\/738591\/","title":{"rendered":"Emiliano &#8216;Dibu&#8217; Mart\u00ednez ficha por el Chelsea"},"content":{"rendered":"<p class=\"mb-4 text-lg md:leading-8 break-words\">Londres, 30 ago (EFE).- El Chelsea ha fichado al portero argentino Emiliano &#8216;Dibu&#8217; Mart\u00ednez, procedente del Aston Villa, a cambio de 7,5 millones de libras (8,7 millones de euros), anunci\u00f3 este domingo el club ingl\u00e9s.<\/p>\n<p class=\"mb-4 text-lg md:leading-8 break-words\">El argentino, que estuvo cerca de fichar por el Juventus de Tur\u00edn hace unas semanas, ten\u00eda contrato con el Villa hasta 2029, pero la incorporaci\u00f3n de Zion Suzuki le hab\u00eda relegado al rol de suplente, por lo que ambas partes acordaron que una salida era lo m\u00e1s apropiado.<\/p>\n<p><img alt=\"\" loading=\"lazy\" width=\"960\" height=\"640\" decoding=\"async\" data-nimg=\"1\" class=\"rounded-lg\" style=\"color:transparent\" src=\"https:\/\/www.europesays.com\/es\/wp-content\/uploads\/2026\/08\/https:\/\/media.zenfs.com\/es\/efe.es\/c02f7aa31da07883d72aafb09f223f5d.jpg\"\/><\/p>\n<p class=\"mb-4 text-lg md:leading-8 break-words\">En el Chelsea, el &#8216;Dibu&#8217; se topar\u00e1 con la competencia de Robert S\u00e1nchez y de Mike Penders, aunque se espera que Xabi Alonso le d\u00e9 el puesto de portero titular al argentino, especialmente tras la mala actuaci\u00f3n de S\u00e1nchez en el debut liguero, cuando pudo hacer m\u00e1s en los dos goles del Fulham.<\/p>\n<p class=\"mb-4 text-lg md:leading-8 break-words\">El &#8216;Dibu&#8217;, campe\u00f3n del mundo con Argentina en Catar 2022, se marcha del Villa tras seis a\u00f1os en los que ha disputado 256 partidos y ha conquistado una Liga Europa, adem\u00e1s de contribuir a la clasificaci\u00f3n del equipo a la Liga de Campeones en dos temporadas.<\/p>\n<p><img alt=\"\" loading=\"lazy\" width=\"960\" height=\"656\" decoding=\"async\" data-nimg=\"1\" class=\"rounded-lg\" style=\"color:transparent\" src=\"https:\/\/www.europesays.com\/es\/wp-content\/uploads\/2026\/08\/https:\/\/media.zenfs.com\/es\/efe.es\/18bd988fa13166a1573caf5e875bdecd.jpg\"\/><\/p>\n<p class=\"mb-4 text-lg md:leading-8 break-words\">La incorporaci\u00f3n de Mart\u00ednez puede provocar nuevos movimientos en el Chelsea y o Penders o S\u00e1nchez pueden decidir irse, ya que al no disputar competici\u00f3n europea, las oportunidades en la porter\u00eda de los &#8216;Blue&#8217; son muy limitadas. EFE<\/p>\n<p class=\"mb-4 text-lg md:leading-8 break-words\">(c) Agencia EFE<\/p>\n","protected":false},"excerpt":{"rendered":"Londres, 30 ago (EFE).- El Chelsea ha fichado al portero argentino Emiliano &#8216;Dibu&#8217; Mart\u00ednez, procedente del Aston Villa,&hellip;\n","protected":false},"author":2,"featured_media":738592,"comment_status":"","ping_status":"","sticky":false,"template":"","format":"standard","meta":{"footnotes":""},"categories":[93],"tags":[131109,59104,131128,131123,131114,131126,168,995,131125,15825,131120,131121,25,24,131116,131119,7228,131117,825,131118,131115,131124,131122,131127,93048,6756,23,167,10344],"class_list":["post-738591","post","type-post","status-publish","format-standard","has-post-thumbnail","category-deportes","tag-30-ago","tag-agencia-efe","tag-al-portero","tag-anos-en-los-que","tag-anuncio-este-domingo-el-club-ingles","tag-campeon-del-mundo-con","tag-deportes","tag-efe","tag-el-dibu","tag-el-argentino","tag-el-chelsea","tag-en-el-chelsea","tag-es","tag-espana","tag-especialmente-tras-la","tag-liga-de-campeones-en-dos","tag-londres","tag-mala-actuacion-de-sanchez-en-el","tag-martinez","tag-mike-penders","tag-millones-de-libras","tag-movimientos-en-el-chelsea","tag-partes-acordaron-que-una","tag-porteria-de-los-blue","tag-robert-sanchez","tag-semanas","tag-spain","tag-sports","tag-xabi-alonso"],"share_on_mastodon":{"url":"https:\/\/pubeurope.com\/@es\/117184597977398663","error":""},"_links":{"self":[{"href":"https:\/\/www.europesays.com\/es\/wp-json\/wp\/v2\/posts\/738591","targetHints":{"allow":["GET"]}}],"collection":[{"href":"https:\/\/www.europesays.com\/es\/wp-json\/wp\/v2\/posts"}],"about":[{"href":"https:\/\/www.europesays.com\/es\/wp-json\/wp\/v2\/types\/post"}],"author":[{"embeddable":true,"href":"https:\/\/www.europesays.com\/es\/wp-json\/wp\/v2\/users\/2"}],"replies":[{"embeddable":true,"href":"https:\/\/www.europesays.com\/es\/wp-json\/wp\/v2\/comments?post=738591"}],"version-history":[{"count":0,"href":"https:\/\/www.europesays.com\/es\/wp-json\/wp\/v2\/posts\/738591\/revisions"}],"wp:featuredmedia":[{"embeddable":true,"href":"https:\/\/www.europesays.com\/es\/wp-json\/wp\/v2\/media\/738592"}],"wp:attachment":[{"href":"https:\/\/www.europesays.com\/es\/wp-json\/wp\/v2\/media?parent=738591"}],"wp:term":[{"taxonomy":"category","embeddable":true,"href":"https:\/\/www.europesays.com\/es\/wp-json\/wp\/v2\/categories?post=738591"},{"taxonomy":"post_tag","embeddable":true,"href":"https:\/\/www.europesays.com\/es\/wp-json\/wp\/v2\/tags?post=738591"}],"curies":[{"name":"wp","href":"https:\/\/api.w.org\/{rel}","templated":true}]}}