{"id":738609,"date":"2026-08-30T13:18:45","date_gmt":"2026-08-30T13:18:45","guid":{"rendered":"https:\/\/www.europesays.com\/es\/738609\/"},"modified":"2026-08-30T13:18:45","modified_gmt":"2026-08-30T13:18:45","slug":"el-navarro-diego-uriarte-kern-pharma-abandona-la-vuelta-por-un-golpe-en-las-costillas","status":"publish","type":"post","link":"https:\/\/www.europesays.com\/es\/738609\/","title":{"rendered":"El navarro Diego Uriarte (Kern Pharma) abandona La Vuelta por un golpe en las costillas"},"content":{"rendered":"<p>\n        El <strong>ciclista navarro <\/strong><a href=\"https:\/\/www.noticiasdenavarra.com\/tags\/diego-uriarte\/\" title=\"Diego Uriarte\" class=\"link copy\" rel=\"nofollow noopener\" target=\"_blank\">Diego Uriarte<\/a>, del <strong>Equipo Kern Pharma<\/strong>, ha tenido que abandonar este s\u00e1bado <strong>La Vuelta a Espa\u00f1a<\/strong> despu\u00e9s de sufrir un <strong>golpe en las costillas<\/strong> en una <strong>montonera<\/strong> que se produjo durante el <strong>tramo neutralizado<\/strong> de la <strong>octava etapa<\/strong>, disputada entre <strong>Pu\u00e7ol y Xeraco<\/strong>.\n<\/p>\n<p class=\"article-body__text \">\n        Hasta una <strong>decena de corredores<\/strong> se vieron implicados en la <strong>ca\u00edda<\/strong> antes de que comenzara oficialmente la jornada. El <strong>pelot\u00f3n<\/strong> tuvo que <strong>detener la marcha<\/strong> para permitir la <strong>atenci\u00f3n m\u00e9dica<\/strong> a los <strong>ciclistas afectados<\/strong> y la reincorporaci\u00f3n de aquellos que pod\u00edan continuar. <strong>Uriarte<\/strong>, sin embargo, sufri\u00f3 un <strong>fuerte golpe en las costillas<\/strong> y, aunque volvi\u00f3 a <strong>subirse a la bicicleta<\/strong> con <strong>intenci\u00f3n de continuar<\/strong>, el constante y <strong>fuerte dolor<\/strong> le oblig\u00f3 finalmente a <strong>decir adi\u00f3s a La Vuelta<\/strong> tras ser atendido por el <strong>coche m\u00e9dico<\/strong>.\n<\/p>\n<p class=\"article-body__text \">\n        El <strong>ciclista navarro<\/strong> fue <strong>trasladado a Valencia<\/strong> para ser sometido a una <strong>revisi\u00f3n m\u00e9dica<\/strong> y determinar el <strong>alcance de las lesiones<\/strong>. Horas m\u00e1s tarde, las <strong>pruebas realizadas<\/strong> confirmaron que <strong>sufre una fractura<\/strong> en la <strong>novena costilla<\/strong> y un <strong>peque\u00f1o neumot\u00f3rax<\/strong>.\n<\/p>\n<blockquote class=\"twitter-tweet\" data-lang=\"es\" wp_automatic_readability=\"8.1311475409836\">\n<p lang=\"en\" dir=\"ltr\">\ud83d\ude33 Big crash in the early moments of the stage. Luckily everyone was fine and able to continue after being checked out!<\/p>\n<p>\ud83d\ude2b \u00a1Fuerte ca\u00edda en el principio de la etapa! Por suerte, todos los implicados pueden continuar <a href=\"https:\/\/x.com\/hashtag\/LaVuelta26?src=hash&amp;ref_src=twsrc%5Etfw\" rel=\"nofollow\">#LaVuelta26<\/a> <a href=\"https:\/\/t.co\/A0nVLCrgFp\" rel=\"nofollow\">pic.twitter.com\/A0nVLCrgFp<\/a><\/p>\n<p>\u2014 La Vuelta (@lavuelta) <a href=\"https:\/\/x.com\/lavuelta\/status\/2093668007046234479?ref_src=twsrc%5Etfw\" rel=\"nofollow\">29 de agosto de 2026<\/a><\/p><\/blockquote>\n<p>  <strong>Un corredor de Bara\u00f1\u00e1in y especialista en las fugas<\/strong><\/p>\n<p class=\"article-body__text \">\n        <strong>Uriarte<\/strong>, de <strong>24 a\u00f1os<\/strong> y natural de <strong>Bara\u00f1\u00e1in<\/strong>, es <strong>ciclista profesional<\/strong> con el <strong>Kern Pharma<\/strong> desde <strong>2024<\/strong>, despu\u00e9s de completar su formaci\u00f3n en el <strong>Club Ciclista Galibier<\/strong>.\n<\/p>\n<p class=\"article-body__text \">\n        El <strong>corredor navarro<\/strong> se hab\u00eda convertido esta temporada en uno de los <strong>ciclistas m\u00e1s activos<\/strong> del <strong>pelot\u00f3n profesional<\/strong> en las <strong>escapadas<\/strong>. Acumulaba m\u00e1s de <strong>1.500 kil\u00f3metros en fuga<\/strong>, una cifra que le situaba entre los <strong>corredores m\u00e1s destacados<\/strong> del pelot\u00f3n en este apartado.\n<\/p>\n<p class=\"article-body__text \">\n        Su <strong>presencia en La Vuelta<\/strong> respond\u00eda precisamente a ese <strong>perfil ofensivo<\/strong>, con la intenci\u00f3n de buscar <strong>oportunidades en las etapas<\/strong> y tratar de entrar en las <strong>escapadas<\/strong> que pudieran llegar a <strong>disputar una victoria<\/strong>.\n<\/p>\n<p class=\"article-body__text \">\n        La <strong>octava etapa<\/strong>, sin embargo, termin\u00f3 de la peor manera posible para el <strong>corredor navarro<\/strong>. Ni siquiera pudo <strong>completar la jornada<\/strong> despu\u00e9s de verse <strong>involucrado en una ca\u00edda<\/strong> cuando todav\u00eda no hab\u00eda comenzado oficialmente la competici\u00f3n.\n<\/p>\n<p>  <strong>Poga\u010dar dice adi\u00f3s<\/strong><\/p>\n<p class=\"article-body__text \">\n        La jornada result\u00f3 especialmente <strong>accidentada<\/strong> y tuvo otro <strong>abandono de enorme repercusi\u00f3n<\/strong>. <strong>Tadej Poga\u010dar<\/strong>, <strong>l\u00edder de La Vuelta<\/strong> y <strong>gran favorito al triunfo final<\/strong>, sufri\u00f3 una <strong>dura ca\u00edda<\/strong> a unos <strong>32 kil\u00f3metros de la meta<\/strong> y tampoco pudo continuar.\n<\/p>\n<p>            <a href=\"https:\/\/www.noticiasdenavarra.com\/la-vuelta\/2026\/08\/29\/pogacar-abandona-vuelta-caida-11482421.html\" title=\"Pogacar abandona la Vuelta por una ca\u00edda\" class=\"new__media\" rel=\"nofollow noopener\" target=\"_blank\"><\/p>\n<p>                <img alt=\"Pogacar abandona la Vuelta por una ca\u00edda\" data-src=\"https:\/\/www.europesays.com\/es\/wp-content\/uploads\/2026\/08\/7dc32b9a-ac3c-482e-98d0-de83412a4360_16-9-aspect-ratio_default_0.jpg\" class=\"lozad\"\/><\/p>\n<p>        <\/a><\/p>\n<p>        <a href=\"https:\/\/www.noticiasdenavarra.com\/la-vuelta\/2026\/08\/29\/pogacar-abandona-vuelta-caida-11482421.html\" title=\"Pogacar abandona la Vuelta por una ca\u00edda\" class=\"new__headline\" rel=\"nofollow noopener\" target=\"_blank\"><br \/>\n            Pogacar abandona la Vuelta por una ca\u00edda<br \/>\n        <\/a><\/p>\n<p class=\"article-body__text \">\n        El <strong>ciclista esloveno<\/strong>, que vest\u00eda el <strong>maillot rojo<\/strong> y ten\u00eda una <strong>ventaja de 3 minutos y 50 segundos<\/strong> sobre <strong>Enric Mas<\/strong>, intent\u00f3 reincorporarse despu\u00e9s de ser <strong>atendido por los m\u00e9dicos<\/strong>, pero el <strong>dolor en el hombro izquierdo<\/strong> y las <strong>heridas sufridas<\/strong> le obligaron finalmente a <strong>abandonar<\/strong> y subir a una <strong>ambulancia<\/strong>.\n<\/p>\n<p class=\"article-body__text \">\n        El <strong>abandono<\/strong> del <strong>cinco veces ganador del Tour de Francia<\/strong> cambia por completo el <strong>rumbo de la carrera<\/strong>. <strong>Poga\u010dar<\/strong> hab\u00eda ganado <strong>tres etapas<\/strong> y dominaba la <strong>clasificaci\u00f3n general<\/strong>, pero su <strong>ca\u00edda<\/strong> deja ahora a <strong>Enric Mas<\/strong> como <strong>nuevo l\u00edder de La Vuelta<\/strong>, con <strong>Felix Gall<\/strong> y <strong>Primo\u017e Rogli\u010d<\/strong> como sus <strong>principales perseguidores<\/strong>.\n<\/p>\n<p class=\"article-body__text \">\n        La <strong>etapa<\/strong> termin\u00f3 con <strong>victoria al esprint<\/strong> del franc\u00e9s <strong>Bryan Coquard<\/strong>, que se impuso en <strong>Xeraco<\/strong> por delante de <strong>Mads Pedersen<\/strong> y <strong>Jordi Meeus<\/strong>. El <strong>triunfo del corredor del Cofidis<\/strong> qued\u00f3, sin embargo, eclipsado por una <strong>jornada marcada por las ca\u00eddas<\/strong> y, sobre todo, por la <strong>retirada del principal favorito<\/strong>.\n<\/p>\n<p>            <script async src=\"https:\/\/platform.twitter.com\/widgets.js\" charset=\"utf-8\"><\/script><\/p>\n","protected":false},"excerpt":{"rendered":"El ciclista navarro Diego Uriarte, del Equipo Kern Pharma, ha tenido que abandonar este s\u00e1bado La Vuelta a&hellip;\n","protected":false},"author":2,"featured_media":738610,"comment_status":"","ping_status":"","sticky":false,"template":"","format":"standard","meta":{"footnotes":""},"categories":[273],"tags":[313,312,168,15477,25,24,5803,3403,5804,23,167,1356,1357],"class_list":["post-738609","post","type-post","status-publish","format-standard","has-post-thumbnail","category-ciclismo","tag-ciclismo","tag-cycling","tag-deportes","tag-diego","tag-es","tag-espana","tag-kern","tag-navarro","tag-pharma","tag-spain","tag-sports","tag-uriarte","tag-vuelta"],"share_on_mastodon":{"url":"https:\/\/pubeurope.com\/@es\/117184659835051942","error":""},"_links":{"self":[{"href":"https:\/\/www.europesays.com\/es\/wp-json\/wp\/v2\/posts\/738609","targetHints":{"allow":["GET"]}}],"collection":[{"href":"https:\/\/www.europesays.com\/es\/wp-json\/wp\/v2\/posts"}],"about":[{"href":"https:\/\/www.europesays.com\/es\/wp-json\/wp\/v2\/types\/post"}],"author":[{"embeddable":true,"href":"https:\/\/www.europesays.com\/es\/wp-json\/wp\/v2\/users\/2"}],"replies":[{"embeddable":true,"href":"https:\/\/www.europesays.com\/es\/wp-json\/wp\/v2\/comments?post=738609"}],"version-history":[{"count":0,"href":"https:\/\/www.europesays.com\/es\/wp-json\/wp\/v2\/posts\/738609\/revisions"}],"wp:featuredmedia":[{"embeddable":true,"href":"https:\/\/www.europesays.com\/es\/wp-json\/wp\/v2\/media\/738610"}],"wp:attachment":[{"href":"https:\/\/www.europesays.com\/es\/wp-json\/wp\/v2\/media?parent=738609"}],"wp:term":[{"taxonomy":"category","embeddable":true,"href":"https:\/\/www.europesays.com\/es\/wp-json\/wp\/v2\/categories?post=738609"},{"taxonomy":"post_tag","embeddable":true,"href":"https:\/\/www.europesays.com\/es\/wp-json\/wp\/v2\/tags?post=738609"}],"curies":[{"name":"wp","href":"https:\/\/api.w.org\/{rel}","templated":true}]}}