{"id":738627,"date":"2026-08-30T13:31:30","date_gmt":"2026-08-30T13:31:30","guid":{"rendered":"https:\/\/www.europesays.com\/es\/738627\/"},"modified":"2026-08-30T13:31:30","modified_gmt":"2026-08-30T13:31:30","slug":"el-vestido-con-truco-de-nuria-roca-para-despedir-el-verano-en-menorca-un-diseno-de-firma-espanola-que-se-adapta-de-la-oficina-a-un-plan-especial","status":"publish","type":"post","link":"https:\/\/www.europesays.com\/es\/738627\/","title":{"rendered":"El vestido con truco de Nuria Roca para despedir el verano en Menorca, un dise\u00f1o de firma espa\u00f1ola que se adapta de la oficina a un plan especial"},"content":{"rendered":"<p id=\"eKqcJ_LAeI\" data-wc=\"118\">Nos cuesta admitir que agosto est\u00e1 llegando a su fin, que comienza septiembre y con \u00e9l la <a class=\"hm-link ho-link\" href=\"https:\/\/www.hola.com\/moda\/20260826919876\/zara-faldas-midi-especiales-con-botas-otono-invierno\/\" data-mrf-recirculation=\"article-body-link\" rel=\"nofollow noopener\" target=\"_blank\">vuelta a la rutina<\/a>. No quedan d\u00edas de verano cantaba Amaral, una sensaci\u00f3n agridulce que tambi\u00e9n viene acompa\u00f1ada por la emoci\u00f3n que nos traen los nuevos proyectos. Y es que no hay nada mejor que regresar a la realidad habiendo exprimido al m\u00e1ximo estos \u00faltimos dos meses, algo que sin duda ha conseguido <strong>Nuria Roca<\/strong>. La presentadora acaba de aterrizar en Madrid, donde ya se est\u00e1 mentalizando para todo lo que viene: el pr\u00f3ximo s\u00e1bado arranca la sexta temporada de La Roca, el programa que presenta desde el 2021 en laSexta; y pr\u00f3ximamente, regresar\u00e1 a la tertulia semanal de El Hormiguero.<\/p>\n<p>Te recomendamosSeguir leyendo<br \/>\n <img src=\"https:\/\/www.europesays.com\/es\/wp-content\/uploads\/2026\/08\/bcaf9687d0a8-nuria-roca-vestido-vacaciones-menorca-1.jpg\"   width=\"1080\" height=\"1800\" loading=\"lazy\" decoding=\"async\" alt=\"Nuria Roca en Menorca con vestido de Bo Star Swimwear \" fetchpriority=\"auto\" class=\"image ho-image\"\/>\u00a9 @nuriarocagranell<\/p>\n<p id=\"eXgSbwGrA6\" data-wc=\"80\">Lo hace tras haber pasado un verano en el que la hemos visto escaparse a Valencia junto a su familia, pasarse por Extremadura o viajar a Menorca. <a class=\"hm-link ho-link\" href=\"https:\/\/www.hola.com\/moda\/20260722914167\/nuria-roca-banador-rayas-verticales-favorecedor-estiliza-figura-verano\/\" data-mrf-recirculation=\"article-body-link\" rel=\"nofollow noopener\" target=\"_blank\">En la isla balear estuvo en julio<\/a>, pero ha querido repetir de nuevo estos d\u00edas en compa\u00f1\u00eda de sus amigos m\u00e1s cercanos. \u00abTerminar el verano con el mar de fondo, amigos al lado y risas de por medio\u00bb, escrib\u00eda Nuria Roca en sus redes sociales, donde ha compartido algunas instant\u00e1neas de esta escapada.<\/p>\n<p id=\"evF5qHYckv\" data-wc=\"61\">En sus planes no ha podido faltar una visita al Mercat des Peix, un hist\u00f3rico edificio donde se puede disfrutar de un buen vino y de la gastronom\u00eda local. Un plan para el que ha escogido un<strong>\u00a0look c\u00f3modo de lo m\u00e1s vers\u00e1til<\/strong>, estrenando un vestido bicolor que tiene truco: \u00abno aporta volumen\u00bb, aseguran desde la firma creadora de este dise\u00f1o.<\/p>\n<p> <img src=\"https:\/\/www.europesays.com\/es\/wp-content\/uploads\/2026\/08\/66027b3db34a-nuria-roca-vestido-vacaciones-menorca-3.jpg\"   width=\"1080\" height=\"1800\" loading=\"lazy\" decoding=\"async\" alt=\"Nuria Roca en Menorca con vestido de Bo Star Swimwear \" fetchpriority=\"auto\" class=\"image ho-image\"\/>\u00a9 @nuriarocagranell<\/p>\n<p id=\"eSq1AXsFdT\" data-wc=\"82\">Se trata de este modelo fluido y bicolor, con cuerpo en color negro, manga corta y escote en pico, que termina en una falda amplia con pliegues \u00aby con una ca\u00edda excepcional que crea una silueta l\u00e1nguida y estilizada\u00bb, explican. Un vestido bautizado como Cadaqu\u00e9s Johanna que se encuentra disponible (\u00a1y rebajado!) en <strong>Bo Star Swimwear<\/strong>, la marca creada en 2013 por Gabriela Ortiz con el objetivo de que sus prendas se confeccionen siempre de manera que realcen c\u00f3modamente la figura femenina.<\/p>\n<p> <img src=\"https:\/\/www.europesays.com\/es\/wp-content\/uploads\/2026\/08\/b93f95839757-nuria-roca-vestido-vacaciones-menorca-2.jpg\"   width=\"1080\" height=\"1800\" loading=\"lazy\" decoding=\"async\" alt=\"Vestido bicolor de Bo Star Swimwear \" fetchpriority=\"auto\" class=\"image ho-image\"\/>\u00a9 Bo Star Swimwear<\/p>\n<p id=\"eoXmNEYAFE\" data-wc=\"90\">Su precio es de 139 euros y lo cierto es que encaja genial en citas tan casuales como la de Nuria Roca \u2014que lo ha combinado con un bolso de rafia con charms\u00a0de limones de crochet y unas gafas de sol con montura cat eye\u2014; como en eventos m\u00e1s formales, si decidimos acompa\u00f1arlo con unas sandalias de tac\u00f3n y las joyas adecuadas. De hecho, puede convertirse en una <a class=\"hm-link ho-link\" href=\"https:\/\/www.hola.com\/novias\/20260828920207\/aterriza-zara-vestidos-halter-invitadas-septiembre\/\" data-mrf-recirculation=\"article-body-link\" rel=\"nofollow noopener\" target=\"_blank\">opci\u00f3n ideal para las pr\u00f3ximas bodas de septiembre<\/a> y octubre, ahora que est\u00e1 a punto de regresar la temporada de celebraciones.<\/p>\n<p id=\"e3zrrXFIQd0\" data-wc=\"68\">Eso s\u00ed, lo ideal ser\u00eda lucirlo en una de tarde, ya que el color negro invita a convertirlo en un conjunto m\u00e1s nocturno. \u00abEste color ha ganado popularidad gracias a su elegancia atemporal y su aparici\u00f3n siempre en Alta Costura\u00bb, nos contaba el dise\u00f1ador Juan Avellaneda cuando le pregunt\u00e1bamos por <a class=\"hm-link ho-link\" href=\"https:\/\/www.hola.com\/novias\/20241218736359\/vestio-negro-invitada-boda-si-o-no\/\" data-mrf-recirculation=\"article-body-link\" rel=\"nofollow noopener\" target=\"_blank\">el protocolo para vestir de negro en una boda<\/a>. \u00abActualmente, se percibe como una elecci\u00f3n chic y moderna\u00bb.<\/p>\n","protected":false},"excerpt":{"rendered":"Nos cuesta admitir que agosto est\u00e1 llegando a su fin, que comienza septiembre y con \u00e9l la vuelta&hellip;\n","protected":false},"author":2,"featured_media":738628,"comment_status":"","ping_status":"","sticky":false,"template":"","format":"standard","meta":{"footnotes":""},"categories":[91],"tags":[1024,146,147,25,24,1023,4259,338,23],"class_list":["post-738627","post","type-post","status-publish","format-standard","has-post-thumbnail","category-entretenimiento","tag-actualidad-moda","tag-entertainment","tag-entretenimiento","tag-es","tag-espana","tag-moda","tag-nuria-roca","tag-portada","tag-spain"],"share_on_mastodon":{"url":"https:\/\/pubeurope.com\/@es\/117184712034358278","error":""},"_links":{"self":[{"href":"https:\/\/www.europesays.com\/es\/wp-json\/wp\/v2\/posts\/738627","targetHints":{"allow":["GET"]}}],"collection":[{"href":"https:\/\/www.europesays.com\/es\/wp-json\/wp\/v2\/posts"}],"about":[{"href":"https:\/\/www.europesays.com\/es\/wp-json\/wp\/v2\/types\/post"}],"author":[{"embeddable":true,"href":"https:\/\/www.europesays.com\/es\/wp-json\/wp\/v2\/users\/2"}],"replies":[{"embeddable":true,"href":"https:\/\/www.europesays.com\/es\/wp-json\/wp\/v2\/comments?post=738627"}],"version-history":[{"count":0,"href":"https:\/\/www.europesays.com\/es\/wp-json\/wp\/v2\/posts\/738627\/revisions"}],"wp:featuredmedia":[{"embeddable":true,"href":"https:\/\/www.europesays.com\/es\/wp-json\/wp\/v2\/media\/738628"}],"wp:attachment":[{"href":"https:\/\/www.europesays.com\/es\/wp-json\/wp\/v2\/media?parent=738627"}],"wp:term":[{"taxonomy":"category","embeddable":true,"href":"https:\/\/www.europesays.com\/es\/wp-json\/wp\/v2\/categories?post=738627"},{"taxonomy":"post_tag","embeddable":true,"href":"https:\/\/www.europesays.com\/es\/wp-json\/wp\/v2\/tags?post=738627"}],"curies":[{"name":"wp","href":"https:\/\/api.w.org\/{rel}","templated":true}]}}