{"id":738637,"date":"2026-08-30T13:36:16","date_gmt":"2026-08-30T13:36:16","guid":{"rendered":"https:\/\/www.europesays.com\/es\/738637\/"},"modified":"2026-08-30T13:36:16","modified_gmt":"2026-08-30T13:36:16","slug":"sprint-motogp-del-gp-de-aragon-resumen-resultado-y-tiempos-de-marc-marquez-jorge-martin-y-pedro-acosta","status":"publish","type":"post","link":"https:\/\/www.europesays.com\/es\/738637\/","title":{"rendered":"Sprint MotoGP del GP de Arag\u00f3n: resumen, resultado y tiempos de Marc M\u00e1rquez, Jorge Mart\u00edn y Pedro Acosta"},"content":{"rendered":"<p class=\"ft-text\">Tras una jornada cargada de emociones, nos despedimos aqu\u00ed. Ha sido un placer acompa\u00f1arles durante esta decimotercera cita del calendario 2026 de MotoGP. Arag\u00f3n siempre es especial. Pero en dos semanas tenemos Misano, otra cita imperdible, y se la contaremos como siempre a trav\u00e9s de la web de SPORT (11-13 de septiembre). Hasta entonces, \u00a1cu\u00eddense y mucho gas!<\/p>\n","protected":false},"excerpt":{"rendered":"Tras una jornada cargada de emociones, nos despedimos aqu\u00ed. Ha sido un placer acompa\u00f1arles durante esta decimotercera cita&hellip;\n","protected":false},"author":2,"featured_media":738638,"comment_status":"","ping_status":"","sticky":false,"template":"","format":"standard","meta":{"footnotes":""},"categories":[5],"tags":[28341,2865,4499,17,18,4860,2125,25,24,13,14,11,2224,19,20,6489,14482,1730,12143,131138,9,10,15,16,1822,23,3596,12,21,22],"class_list":["post-738637","post","type-post","status-publish","format-standard","has-post-thumbnail","category-titulares","tag-acosta","tag-alex","tag-aragon","tag-breaking-news","tag-breakingnews","tag-carrera","tag-directo","tag-es","tag-espana","tag-featured-news","tag-featurednews","tag-headlines","tag-jorge","tag-latest-news","tag-latestnews","tag-marc","tag-marquez","tag-martin","tag-motogp","tag-motorland","tag-news","tag-noticias","tag-noticias-destacadas","tag-noticiasdestacadas","tag-pedro","tag-spain","tag-sprint","tag-titulares","tag-ultimas-noticias","tag-ultimasnoticias"],"share_on_mastodon":{"url":"https:\/\/pubeurope.com\/@es\/117184730420503175","error":""},"_links":{"self":[{"href":"https:\/\/www.europesays.com\/es\/wp-json\/wp\/v2\/posts\/738637","targetHints":{"allow":["GET"]}}],"collection":[{"href":"https:\/\/www.europesays.com\/es\/wp-json\/wp\/v2\/posts"}],"about":[{"href":"https:\/\/www.europesays.com\/es\/wp-json\/wp\/v2\/types\/post"}],"author":[{"embeddable":true,"href":"https:\/\/www.europesays.com\/es\/wp-json\/wp\/v2\/users\/2"}],"replies":[{"embeddable":true,"href":"https:\/\/www.europesays.com\/es\/wp-json\/wp\/v2\/comments?post=738637"}],"version-history":[{"count":0,"href":"https:\/\/www.europesays.com\/es\/wp-json\/wp\/v2\/posts\/738637\/revisions"}],"wp:featuredmedia":[{"embeddable":true,"href":"https:\/\/www.europesays.com\/es\/wp-json\/wp\/v2\/media\/738638"}],"wp:attachment":[{"href":"https:\/\/www.europesays.com\/es\/wp-json\/wp\/v2\/media?parent=738637"}],"wp:term":[{"taxonomy":"category","embeddable":true,"href":"https:\/\/www.europesays.com\/es\/wp-json\/wp\/v2\/categories?post=738637"},{"taxonomy":"post_tag","embeddable":true,"href":"https:\/\/www.europesays.com\/es\/wp-json\/wp\/v2\/tags?post=738637"}],"curies":[{"name":"wp","href":"https:\/\/api.w.org\/{rel}","templated":true}]}}