{"id":738651,"date":"2026-08-30T13:54:12","date_gmt":"2026-08-30T13:54:12","guid":{"rendered":"https:\/\/www.europesays.com\/es\/738651\/"},"modified":"2026-08-30T13:54:12","modified_gmt":"2026-08-30T13:54:12","slug":"flick-responde-a-mourinho-no-es-mi-trabajo-hacer-campanas-no-soy-amigo-de-los-premios-individuales-futbol-deportes","status":"publish","type":"post","link":"https:\/\/www.europesays.com\/es\/738651\/","title":{"rendered":"Flick responde a Mourinho: \u201cNo es mi trabajo hacer campa\u00f1as. No soy amigo de los premios individuales\u201d | F\u00fatbol | Deportes"},"content":{"rendered":"<p class=\"\"><a href=\"https:\/\/elpais.com\/deportes\/futbol\/2026-08-26\/laporta-seguimos-muy-interesados-en-julian-alvarez-nos-gustaria-que-aceptaran-nuestra-oferta.html\" target=\"_blank\" rel=\"noreferrer nofollow noopener\" title=\"https:\/\/elpais.com\/deportes\/futbol\/2026-08-26\/laporta-seguimos-muy-interesados-en-julian-alvarez-nos-gustaria-que-aceptaran-nuestra-oferta.html\">El nombre de Juli\u00e1n Alvarez<\/a> no dejaba de aparecer en los WhatsApp de los jugadores del Barcelona. Algunos hablaban directamente con el argentino, otros se apenaban por su situaci\u00f3n \u2013\u201cLo est\u00e1n puteando\u201d, se quejaban\u2013 pero tambi\u00e9n estaban los que se preguntaban cu\u00e1l era la alternativa de la direcci\u00f3n deportiva si el delantero del Atl\u00e9tico finalmente no termina en el Camp Nou. \u201c\u00bfEs verdad lo de Lautaro?\u201d, preguntaban. A los muchachos de Hansi Flick les decepcionaban las noticias de Juli\u00e1n Alvarez al mismo tiempo que se re\u00edan cuando a sus o\u00eddos llegaba una supuesta tristeza de Lamine Yamal. En los despachos del Bar\u00e7a hablan de desestabilizadores, siempre con el 10 en el foco. El entorno de la perla azulgrana, en cambio, se r\u00ede de los argumentos. \u201c\u00bfA Lamine le ha molestado que se vaya Ferran porque era su amigo? \u00bfLe enfada la situaci\u00f3n de Balde?\u201d, cuestionan. \u201cNo era amigo de Ferran. Y Alejandro s\u00ed es su amigo, pero entiende la situaci\u00f3n. Hablan de estas cosas las personas que no tienen ni idea\u201d.<\/p>\n<p>M\u00e1s informaci\u00f3n<\/p>\n<p class=\"\"><a href=\"https:\/\/elpais.com\/deportes\/mundial-futbol\/2026-06-21\/lamine-yamal-me-veo-mucho-mejor-de-lo-que-la-gente-me-ve.html\" target=\"_blank\" rel=\"noreferrer nofollow noopener\" title=\"https:\/\/elpais.com\/deportes\/mundial-futbol\/2026-06-21\/lamine-yamal-me-veo-mucho-mejor-de-lo-que-la-gente-me-ve.html\">A Lamine Yamal lo ten\u00eda mosca Lamine Yamal.<\/a> Necesitaba reencontrarse con su f\u00fatbol. \u201cEl de Elche no fue su mejor partido, pero trabaj\u00f3 para el equipo. Estuve muy contento\u201d, aclar\u00f3 Hansi Flick. Y, acto seguido, a\u00f1adi\u00f3: \u201cContra el Athletic jug\u00f3 90 minutos y estuvo muy bien verle a su nivel top otra vez\u201d. Result\u00f3, en cualquier caso, que Lamine no marc\u00f3 contra el Athletic. Tampoco asisti\u00f3. <\/p>\n<p class=\"\">Y Lamine siempre quiere m\u00e1s: este domingo, en el partidillo previo a la visita del Rayo Vallecano al Camp Nou (21.30 horas), el 10 del Barcelona firm\u00f3 un doblete y le sirvi\u00f3 un pase de gol a Gordon en el 4-0 de los titulares ante los suplentes. Flick no quiso revelar detalles del entrenamiento a puerta cerrada. Sin embargo, aclar\u00f3: \u201cHa estado excelente. Tenemos que apoyarle y es lo que queremos ver de \u00e9l. Es bueno que un jugador sonr\u00eda, pero no siempre tiene que ser as\u00ed. Lamine jug\u00f3 el Mundial, ha vuelto despu\u00e9s de tres semanas de vacaciones\u201d.<\/p>\n<p class=\"\">El reto de Lamine no pasa por silenciar a sus detractores. Al contrario, le da igual. S\u00ed quiere subirse al techo del f\u00fatbol. Campe\u00f3n de Europa y del Mundo, elegido segundo mejor jugador de la temporada el curso pasado \u2014perdi\u00f3 ante Demb\u00e9l\u00e9\u2014, el canterano del Barcelona tiene entre ceja y ceja el Bal\u00f3n de Oro. Nada nuevo en su cat\u00e1logo de ambiciones. Ocurre que en la plantilla del Bar\u00e7a entienden que el club no hace campa\u00f1as a favor de ellos como s\u00ed ocurre con el vestuario del Santiago Bernab\u00e9u. De hecho, seg\u00fan las mismas fuentes, esta promoci\u00f3n a favor de los jugadores del Madrid ya ha comenzado.<\/p>\n<p class=\"\">\u201cEs algo muy bonito en lo individual\u201d, se arranc\u00f3 Jos\u00e9 Mourinho, especialista en controlar el relato, o al menos en intentar llevarlo a su terreno. \u201cEl Bal\u00f3n de Oro tiene que ser para esos jugadores que, cuando se retiran, los echamos de menos para la eternidad. Maradona, Ronaldo, Ronaldinho, Cristiano, Messi, Zidane, Matth\u00e4us&#8230; No puedes dar el Bal\u00f3n de Oro porque gan\u00f3 la Champions o el Mundial. Si quieres premiar la Champions, dale el Bal\u00f3n de Oro a Luis Enrique como mejor entrenador. A Espa\u00f1a, seguro que De la Fuente lo merece. Esto es el gran homenaje. Otra cosa es el mejor del mundo, no tiene que ser del PSG ni de Espa\u00f1a. Son dos, tres o cuatro y sabemos qui\u00e9nes son. Sabemos d\u00f3nde est\u00e1n, aqu\u00ed\u201d, remat\u00f3 el entrenador del Real Madrid.<\/p>\n<p class=\"\">Hansi Flick no tard\u00f3 en responder. Su an\u00e1lisis no era el que esperaba su vestuario, deseoso de que el club azulgrana los promocione. \u201cNo es mi trabajo hacer campa\u00f1as. Por supuesto hay muy buenos jugadores en mi equipo. No soy amigo de estos premios. Cuando el equipo tiene \u00e9xito, las opciones de ganar estos premios son m\u00e1s altas. En Espa\u00f1a hay muy buenos jugadores, pero no es f\u00e1cil elegir uno\u201d, expuso el preparador del Barcelona.<\/p>\n<p class=\"\">Con Rodri en la plantilla, el Barcelona ya suma dos candidatos al Bal\u00f3n de Oro. El otro es el 10, claro. Y mientras Lamine Yamal trabaja para encontrar a Lamine Yamal, Rodri se pone a punto en el Barcelona. El capit\u00e1n de la selecci\u00f3n espa\u00f1ola completa los entrenamientos, pero por ahora siempre en el equipo suplente. \u201cRodri ha tenido algunos problemas estos d\u00edas, pero ha mejorado y puede ser titular, aunque decidiremos ma\u00f1ana\u201d, dijo el alem\u00e1n. No tiene prisa. Lo considera el tipo \u201cperfecto\u201d para el Barcelona. Un salto de calidad para una plantilla que aspira a conquistar Europa despu\u00e9s de dominar Espa\u00f1a en las \u00faltimas dos campa\u00f1as, ahora con Rodri y sin el lastre defensivo de Araujo. Ocurre que parece no podr\u00e1n contar con Juli\u00e1n Alvarez. \u201cDebemos tener esp\u00edritu de equipo y as\u00ed pueden ocurrir las cosas. Es incre\u00edble la atm\u00f3sfera que tenemos aqu\u00ed y tenemos que seguir as\u00ed por mucho que tengamos grandes jugadores\u201d, concluy\u00f3 Flick.<\/p>\n","protected":false},"excerpt":{"rendered":"El nombre de Juli\u00e1n Alvarez no dejaba de aparecer en los WhatsApp de los jugadores del Barcelona. Algunos&hellip;\n","protected":false},"author":2,"featured_media":738652,"comment_status":"","ping_status":"","sticky":false,"template":"","format":"standard","meta":{"footnotes":""},"categories":[93],"tags":[1540,168,1539,25,24,881,4970,282,1538,1210,23,167],"class_list":["post-738651","post","type-post","status-publish","format-standard","has-post-thumbnail","category-deportes","tag-competiciones","tag-deportes","tag-entrenadores","tag-es","tag-espana","tag-fc-barcelona","tag-flick","tag-futbol","tag-futbolistas","tag-laliga-ea-sports","tag-spain","tag-sports"],"share_on_mastodon":{"url":"https:\/\/pubeurope.com\/@es\/117184801554289592","error":""},"_links":{"self":[{"href":"https:\/\/www.europesays.com\/es\/wp-json\/wp\/v2\/posts\/738651","targetHints":{"allow":["GET"]}}],"collection":[{"href":"https:\/\/www.europesays.com\/es\/wp-json\/wp\/v2\/posts"}],"about":[{"href":"https:\/\/www.europesays.com\/es\/wp-json\/wp\/v2\/types\/post"}],"author":[{"embeddable":true,"href":"https:\/\/www.europesays.com\/es\/wp-json\/wp\/v2\/users\/2"}],"replies":[{"embeddable":true,"href":"https:\/\/www.europesays.com\/es\/wp-json\/wp\/v2\/comments?post=738651"}],"version-history":[{"count":0,"href":"https:\/\/www.europesays.com\/es\/wp-json\/wp\/v2\/posts\/738651\/revisions"}],"wp:featuredmedia":[{"embeddable":true,"href":"https:\/\/www.europesays.com\/es\/wp-json\/wp\/v2\/media\/738652"}],"wp:attachment":[{"href":"https:\/\/www.europesays.com\/es\/wp-json\/wp\/v2\/media?parent=738651"}],"wp:term":[{"taxonomy":"category","embeddable":true,"href":"https:\/\/www.europesays.com\/es\/wp-json\/wp\/v2\/categories?post=738651"},{"taxonomy":"post_tag","embeddable":true,"href":"https:\/\/www.europesays.com\/es\/wp-json\/wp\/v2\/tags?post=738651"}],"curies":[{"name":"wp","href":"https:\/\/api.w.org\/{rel}","templated":true}]}}