{"id":738697,"date":"2026-08-30T14:30:16","date_gmt":"2026-08-30T14:30:16","guid":{"rendered":"https:\/\/www.europesays.com\/es\/738697\/"},"modified":"2026-08-30T14:30:16","modified_gmt":"2026-08-30T14:30:16","slug":"un-ciclista-muere-por-casusas-naturales-a-su-paso-por-azofra","status":"publish","type":"post","link":"https:\/\/www.europesays.com\/es\/738697\/","title":{"rendered":"Un ciclista muere por casusas naturales a su paso por Azofra"},"content":{"rendered":"<p><a href=\"#\" onclick=\"window.open('https:\/\/www.facebook.com\/sharer.php?u=https:\/\/nuevecuatrouno.com\/2026\/08\/30\/un-ciclista-muere-por-casusas-naturales-a-su-paso-por-azofra\/&amp;t=Un ciclista muere por causas naturales a su paso por Azofra', 'facebookShare', 'width=626,height=436'); return false;\" title=\"Facebook\"><\/p>\n<p>COMPARTE<\/p>\n<p><\/a><br \/>\n<a href=\"#\" onclick=\"window.open('https:\/\/x.com\/share?text=Un ciclista muere por causas naturales a su paso por Azofra -&amp;url=https:\/\/nuevecuatrouno.com\/2026\/08\/30\/un-ciclista-muere-por-casusas-naturales-a-su-paso-por-azofra\/', 'twitterShare', 'width=626,height=436'); return false;\" title=\"X\"><img decoding=\"async\" src=\"https:\/\/www.europesays.com\/es\/wp-content\/uploads\/2026\/08\/1788100214_275_x-twitter-art.png\" style=\"padding-top: 6px;\"\/>POSTEA<\/a><br \/>\n<a href=\"whatsapp:\/\/send?text=Un ciclista muere por causas naturales a su paso por Azofra https:\/\/nuevecuatrouno.com\/2026\/08\/30\/un-ciclista-muere-por-casusas-naturales-a-su-paso-por-azofra\/\" rel=\"nofollow\"><\/p>\n<p>WHATSAPP<\/p>\n<p><\/a><br \/>\n<a href=\"http:\/\/nuevecuatrouno.com\/cdn-cgi\/l\/email-protection#b18ec2c4d3dbd4d2c58ce4df91d2d8d2ddd8c2c5d091dcc4d4c3d491c1dec391d2d0c4c2d0c291dfd0c5c4c3d0ddd4c291d091c2c491c1d0c2de91c1dec391f0cbded7c3d097d0dcc18af3fef5e88c730ee0c4721891c7d8d5d08e91f9d491c7d8c2c5de91d4c2c5d491d0c3c5721cd2c4ddde91d4df91dfc4d4c7d4d2c4d0c5c3dec4dfde9fd2dedc91c891d2c3d4de91c0c4d491c5d491c1c4d4d5d491d8dfc5d4c3d4c2d0c38b91d9c5c5c1c28b9e9edfc4d4c7d4d2c4d0c5c3dec4dfde9fd2dedc9e838183879e81899e82819ec4df9cd2d8d2ddd8c2c5d09cdcc4d4c3d49cc1dec39cd2d0c2c4c2d0c29cdfd0c5c4c3d0ddd4c29cd09cc2c49cc1d0c2de9cc1dec39cd0cbded7c3d09e\" rel=\"nofollow noopener\" target=\"_blank\"><\/p>\n<p>Email<\/p>\n<p><\/a><\/p>\n<p>Un ciclista ha muerto este domingo mientras circulaba por el t\u00e9rmino municipal de Azofra. El hombre, cuyos datos se desconocen, realizaba una ruta en compa\u00f1\u00eda de m\u00e1s ciclistas cuando ha fallecido por causas naturales, tal como <a href=\"https:\/\/www.larioja.com\/la-rioja\/sucesos\/muere-ciclista-peloton-azofra-20260830122709-nt.html?utm_campaign=mrf-whatsapp-Diario+LA+RIOJA&amp;utm_source=whatsapp&amp;utm_medium=social&amp;mrfcid=202608306a940710c26cb664c2d2b14b\" target=\"_blank\" rel=\"noopener nofollow\">avanza Diario La Rioja<\/a> y ha confirmado el Gobierno regional.<\/p>\n<p>El suceso ha ocurrido alrededor de las 10:30 horas en el entorno de la N-120 y la LR-423, la comarcal que conecta Azofra con la localidad de Hormilla.<\/p>\n<p><img decoding=\"async\" src=\"https:\/\/www.europesays.com\/es\/wp-content\/uploads\/2026\/08\/1788100216_173_cabecera-nuevecuatrouno-2026.png\"\/><\/p>\n","protected":false},"excerpt":{"rendered":"COMPARTE POSTEA WHATSAPP Email Un ciclista ha muerto este domingo mientras circulaba por el t\u00e9rmino municipal de Azofra.&hellip;\n","protected":false},"author":2,"featured_media":738698,"comment_status":"","ping_status":"","sticky":false,"template":"","format":"standard","meta":{"footnotes":""},"categories":[273],"tags":[808,102522,131101,313,312,168,25,24,23,167],"class_list":["post-738697","post","type-post","status-publish","format-standard","has-post-thumbnail","category-ciclismo","tag-ahora","tag-apertura-2","tag-azofra","tag-ciclismo","tag-cycling","tag-deportes","tag-es","tag-espana","tag-spain","tag-sports"],"share_on_mastodon":{"url":"https:\/\/pubeurope.com\/@es\/117184944100451338","error":""},"_links":{"self":[{"href":"https:\/\/www.europesays.com\/es\/wp-json\/wp\/v2\/posts\/738697","targetHints":{"allow":["GET"]}}],"collection":[{"href":"https:\/\/www.europesays.com\/es\/wp-json\/wp\/v2\/posts"}],"about":[{"href":"https:\/\/www.europesays.com\/es\/wp-json\/wp\/v2\/types\/post"}],"author":[{"embeddable":true,"href":"https:\/\/www.europesays.com\/es\/wp-json\/wp\/v2\/users\/2"}],"replies":[{"embeddable":true,"href":"https:\/\/www.europesays.com\/es\/wp-json\/wp\/v2\/comments?post=738697"}],"version-history":[{"count":0,"href":"https:\/\/www.europesays.com\/es\/wp-json\/wp\/v2\/posts\/738697\/revisions"}],"wp:featuredmedia":[{"embeddable":true,"href":"https:\/\/www.europesays.com\/es\/wp-json\/wp\/v2\/media\/738698"}],"wp:attachment":[{"href":"https:\/\/www.europesays.com\/es\/wp-json\/wp\/v2\/media?parent=738697"}],"wp:term":[{"taxonomy":"category","embeddable":true,"href":"https:\/\/www.europesays.com\/es\/wp-json\/wp\/v2\/categories?post=738697"},{"taxonomy":"post_tag","embeddable":true,"href":"https:\/\/www.europesays.com\/es\/wp-json\/wp\/v2\/tags?post=738697"}],"curies":[{"name":"wp","href":"https:\/\/api.w.org\/{rel}","templated":true}]}}