{"id":738725,"date":"2026-08-30T14:53:14","date_gmt":"2026-08-30T14:53:14","guid":{"rendered":"https:\/\/www.europesays.com\/es\/738725\/"},"modified":"2026-08-30T14:53:14","modified_gmt":"2026-08-30T14:53:14","slug":"lucia-ibarrola-conquista-su-sexto-titulo-y-julen-aguirre-estrena-corona-en-el-tenis-navarro","status":"publish","type":"post","link":"https:\/\/www.europesays.com\/es\/738725\/","title":{"rendered":"Luc\u00eda Ibarrola conquista su sexto t\u00edtulo y Julen Aguirre estrena corona en el tenis navarro"},"content":{"rendered":"<p>\n        La pista central del <a href=\"https:\/\/www.noticiasdenavarra.com\/tags\/club-de-tenis-pamplona\/\" title=\"Club de Tenis Pamplona\" class=\"link copy\" rel=\"nofollow noopener\" target=\"_blank\">Club de Tenis Pamplona<\/a> coron\u00f3 este s\u00e1bado a los nuevos campeones absolutos de Navarra. <strong>Luc\u00eda Ibarrola<\/strong> volvi\u00f3 a hacerse con el t\u00edtulo femenino, mientras que <strong>Julen Aguirre<\/strong> estren\u00f3 su palmar\u00e9s como campe\u00f3n navarro absoluto tras imponerse en sus respectivas finales a Patricia Colomina y \u00c1ngel Olaverri.\n<\/p>\n<p class=\"article-body__text \">\n        Ibarrola protagoniz\u00f3 una final especialmente disputada ante <strong>Patricia Colomina<\/strong>, a la que derrot\u00f3 por <strong>3\/6, 6\/2 y 7\/5<\/strong>. La jugadora navarra tuvo que remontar despu\u00e9s de ceder el primer set y termin\u00f3 imponi\u00e9ndose en un tercer parcial marcado por la igualdad.\n<\/p>\n<p class=\"article-body__text \">\n        Con este triunfo, Ibarrola alcanza ya los <strong>seis t\u00edtulos de campeona navarra absoluta<\/strong>, despu\u00e9s de los conquistados anteriormente en <strong>2021, 2022, 2023, 2024 y 2025<\/strong>. La tenista hab\u00eda accedido a la final tras superar en semifinales a <strong>Paulina Gil (6\/3 y 6\/3)<\/strong>.\n<\/p>\n<p class=\"article-photo__footer\">\n            La imagen de los campeones y campeonas del tenis navarro.                    <\/p>\n<p class=\"article-body__text \">\n        Por su parte, Patricia Colomina consigui\u00f3 el billete para la final tras vencer a <strong>Ariadna P\u00e9rez por 6\/3 y 6\/0<\/strong>.\n<\/p>\n<p>  Aguirre estrena su palmar\u00e9s absoluto<\/p>\n<p class=\"article-body__text \">\n        En el cuadro masculino, <strong>Julen Aguirre<\/strong> se proclam\u00f3 campe\u00f3n navarro absoluto por primera vez tras superar a <strong>\u00c1ngel Olaverri por 6\/1 y 7\/5<\/strong>.\n<\/p>\n<p class=\"article-body__text \">\n        El nuevo campe\u00f3n hab\u00eda alcanzado la final despu\u00e9s de superar en semifinales a <strong>Eduardo Sanz<\/strong>, en un partido que termin\u00f3 con un marcador de 6\/1, 3\/6 y 6\/1. En la otra semifinal, Olaverri se impuso a <strong>Gonzalo Mart\u00ednez por 7\/6 y 6\/4<\/strong>.\n<\/p>\n<p class=\"article-body__text \">\n        El triunfo supone para Aguirre la conquista de su <strong>primer t\u00edtulo de campe\u00f3n navarro absoluto<\/strong>, mientras que Olaverri tuvo que conformarse con el subcampeonato.\n<\/p>\n<p>  Los dobles tambi\u00e9n coronan a sus campeones<\/p>\n<p class=\"article-body__text \">\n        El campeonato cont\u00f3 adem\u00e1s con competici\u00f3n de <strong>dobles masculinos, dobles femeninos y dobles mixtos<\/strong>, que completaron el programa del torneo.\n<\/p>\n<p class=\"article-body__text \">\n        En el cuadro femenino, <strong>Luc\u00eda Ibarrola y Ane Rodr\u00edguez<\/strong> se llevaron el t\u00edtulo tras derrotar a <strong>Aitana Vives y Leyre Gonz\u00e1lez por 6\/2 y 6\/4<\/strong>.\n<\/p>\n<p class=\"article-body__text \">\n        En categor\u00eda masculina, el trofeo fue para <strong>Ibai Celada y Javier Mata<\/strong>, que superaron con claridad a <strong>Eduardo y Lucas Sanz por 6\/1 y 6\/3<\/strong>.\n<\/p>\n<p class=\"article-body__text \">\n        La competici\u00f3n de dobles mixtos tuvo un desenlace mucho m\u00e1s ajustado. <strong>I\u00f1aki Alcalde y Paulina Gil<\/strong> se proclamaron campeones tras vencer a <strong>Aitana Vives y \u00c1ngel Olaverri por 6\/3, 4\/6 y 10\/8<\/strong>.\n<\/p>\n<p class=\"article-body__text \">\n        Tambi\u00e9n se disputaron los cuadros de <strong>consolaci\u00f3n<\/strong>. En categor\u00eda masculina, el triunfo fue para <strong>Xabier Wuintana<\/strong>, que derrot\u00f3 a Eduardo Llarena por 4\/1 y 5\/3. En f\u00e9minas, <strong>Paula Beruete<\/strong> se impuso a Martina Sanz por 1\/4, 4\/2 y 7\/5.\n<\/p>\n<p>  Homenaje a Jes\u00fas Mari Sanz y Jos\u00e9 Mar\u00eda Alonso<\/p>\n<p class=\"article-body__text \">\n        La jornada concluy\u00f3 con la <strong>entrega de premios<\/strong>, en un acto que cont\u00f3 con la presencia del presidente de la <strong>Federaci\u00f3n Navarra de Tenis, Antonio Prat<\/strong>; el gerente de Mercedes-Benz Gazpi, <strong>Javier Erroz<\/strong>; y, en representaci\u00f3n del Club de Tenis Pamplona, <strong>Carmen Carrascal y Pablo Aguirre<\/strong>.\n<\/p>\n<p class=\"article-body__text \">\n        Durante la ceremonia tambi\u00e9n hubo espacio para el recuerdo. Se entregaron <strong>sendas placas en memoria de Jes\u00fas Mari Sanz y Jos\u00e9 Mar\u00eda Alonso<\/strong>, fallecidos y antiguos presidentes de la Federaci\u00f3n Navarra de Tenis, como reconocimiento a su dedicaci\u00f3n y a su trayectoria vinculada al tenis navarro.\n<\/p>\n<p class=\"article-body__text \">\n        Adem\u00e1s, la Federaci\u00f3n entreg\u00f3 una placa al jugador navarro <strong>I\u00f1aki Montes<\/strong>, en reconocimiento a su <strong>progresi\u00f3n y a la gran temporada que est\u00e1 realizando<\/strong>, consolid\u00e1ndose como una de las j\u00f3venes promesas del tenis de Navarra.\n<\/p>\n<p class=\"article-body__text \">\n        La jornada puso as\u00ed el broche a un campeonato que deja una nueva corona para la ya hist\u00f3rica trayectoria de <strong>Luc\u00eda Ibarrola<\/strong> y el primer t\u00edtulo absoluto para <strong>Julen Aguirre<\/strong>, adem\u00e1s de reconocer a algunos de los nombres que est\u00e1n marcando el presente y el futuro del tenis navarro.<\/p>\n","protected":false},"excerpt":{"rendered":"La pista central del Club de Tenis Pamplona coron\u00f3 este s\u00e1bado a los nuevos campeones absolutos de Navarra.&hellip;\n","protected":false},"author":2,"featured_media":738726,"comment_status":"","ping_status":"","sticky":false,"template":"","format":"standard","meta":{"footnotes":""},"categories":[274],"tags":[3972,168,25,24,52605,14231,1333,23,167,327,326,2349],"class_list":["post-738725","post","type-post","status-publish","format-standard","has-post-thumbnail","category-tenis","tag-conquista","tag-deportes","tag-es","tag-espana","tag-ibarrola","tag-lucia","tag-sexto","tag-spain","tag-sports","tag-tenis","tag-tennis","tag-titulo"],"share_on_mastodon":{"url":"https:\/\/pubeurope.com\/@es\/117185033511768580","error":""},"_links":{"self":[{"href":"https:\/\/www.europesays.com\/es\/wp-json\/wp\/v2\/posts\/738725","targetHints":{"allow":["GET"]}}],"collection":[{"href":"https:\/\/www.europesays.com\/es\/wp-json\/wp\/v2\/posts"}],"about":[{"href":"https:\/\/www.europesays.com\/es\/wp-json\/wp\/v2\/types\/post"}],"author":[{"embeddable":true,"href":"https:\/\/www.europesays.com\/es\/wp-json\/wp\/v2\/users\/2"}],"replies":[{"embeddable":true,"href":"https:\/\/www.europesays.com\/es\/wp-json\/wp\/v2\/comments?post=738725"}],"version-history":[{"count":0,"href":"https:\/\/www.europesays.com\/es\/wp-json\/wp\/v2\/posts\/738725\/revisions"}],"wp:featuredmedia":[{"embeddable":true,"href":"https:\/\/www.europesays.com\/es\/wp-json\/wp\/v2\/media\/738726"}],"wp:attachment":[{"href":"https:\/\/www.europesays.com\/es\/wp-json\/wp\/v2\/media?parent=738725"}],"wp:term":[{"taxonomy":"category","embeddable":true,"href":"https:\/\/www.europesays.com\/es\/wp-json\/wp\/v2\/categories?post=738725"},{"taxonomy":"post_tag","embeddable":true,"href":"https:\/\/www.europesays.com\/es\/wp-json\/wp\/v2\/tags?post=738725"}],"curies":[{"name":"wp","href":"https:\/\/api.w.org\/{rel}","templated":true}]}}