{"id":738737,"date":"2026-08-30T15:01:22","date_gmt":"2026-08-30T15:01:22","guid":{"rendered":"https:\/\/www.europesays.com\/es\/738737\/"},"modified":"2026-08-30T15:01:22","modified_gmt":"2026-08-30T15:01:22","slug":"sarah-santaolalla-ficha-por-la-septima-para-presentar-su-propio-programa-os-necesito-mas-cerca-que-nunca","status":"publish","type":"post","link":"https:\/\/www.europesays.com\/es\/738737\/","title":{"rendered":"Sarah Santaolalla ficha por La S\u00e9ptima para presentar su propio programa: \u00abOs necesito m\u00e1s cerca que nunca\u00bb"},"content":{"rendered":"<p class=\"c-paragraph\">La analista pol\u00edtica<b> <a href=\"https:\/\/www.20minutos.es\/tags\/personas\/sarah-santaolalla.html\" title=\"Sarah Santaolalla\" rel=\"nofollow noopener\" target=\"_blank\">Sarah Santaolalla<\/a> presentar\u00e1 su propio programa de televisi\u00f3n en la nueva cadena La S\u00e9ptima<\/b>, seg\u00fan ha anunciado ella misma este domingo en redes sociales.\u00a0<\/p>\n<p class=\"c-paragraph\">\u00abLa noticia de mi vida ya es oficial. Voy a presentar mi propio programa en la mejor cadena de televisi\u00f3n. Gracias a todos los que no soltasteis mi mano estos \u00faltimos a\u00f1os. <b>Os necesito m\u00e1s cerca que nunca<\/b>. \u00a1A por ello!\u00bb, ha escrito en la red social X en un mensaje en el que ha a\u00f1adido un v\u00eddeo de La S\u00e9ptima.\u00a0<\/p>\n<p class=\"c-paragraph\">Por su parte, el promotor de La S\u00e9ptima, Jos\u00e9 Miguel Contreras, ha explicado tambi\u00e9n a trav\u00e9s de redes sociales que en la primavera de 2024 le ofreci\u00f3 a Santaolla unirse a esta nueva cadena de televisi\u00f3n y que ella acept\u00f3.\u00a0<\/p>\n<p class=\"c-paragraph\">\u00abHasta ahora no hab\u00eda sido posible hacerle una oferta en firme. Y ha vuelto a decir que s\u00ed, sin pedir m\u00e1s detalles. Bienvenida a tu casa, Sarah\u00bb, ha a\u00f1adido.\u00a0<\/p>\n<p class=\"c-paragraph\">El periodista<b> Javier Ruiz ser\u00e1 el primer director de la nueva cadena de televisi\u00f3n<\/b>, cuyo lanzamiento est\u00e1 previsto para el pr\u00f3ximo 5 de noviembre y que tiene previsto centrarse en el directo y en el seguimiento permanente de la actualidad, seg\u00fan explic\u00f3 Contreras en una entrevista con EFE.<\/p>\n","protected":false},"excerpt":{"rendered":"La analista pol\u00edtica Sarah Santaolalla presentar\u00e1 su propio programa de televisi\u00f3n en la nueva cadena La S\u00e9ptima, seg\u00fan&hellip;\n","protected":false},"author":2,"featured_media":738738,"comment_status":"","ping_status":"","sticky":false,"template":"","format":"standard","meta":{"footnotes":""},"categories":[171],"tags":[146,147,25,24,1750,5043,9260,9259,15327,23,214],"class_list":["post-738737","post","type-post","status-publish","format-standard","has-post-thumbnail","category-tv","tag-entertainment","tag-entretenimiento","tag-es","tag-espana","tag-ficha","tag-por","tag-santaolalla","tag-sarah","tag-septima","tag-spain","tag-tv"],"share_on_mastodon":{"url":"https:\/\/pubeurope.com\/@es\/117185065227981993","error":""},"_links":{"self":[{"href":"https:\/\/www.europesays.com\/es\/wp-json\/wp\/v2\/posts\/738737","targetHints":{"allow":["GET"]}}],"collection":[{"href":"https:\/\/www.europesays.com\/es\/wp-json\/wp\/v2\/posts"}],"about":[{"href":"https:\/\/www.europesays.com\/es\/wp-json\/wp\/v2\/types\/post"}],"author":[{"embeddable":true,"href":"https:\/\/www.europesays.com\/es\/wp-json\/wp\/v2\/users\/2"}],"replies":[{"embeddable":true,"href":"https:\/\/www.europesays.com\/es\/wp-json\/wp\/v2\/comments?post=738737"}],"version-history":[{"count":0,"href":"https:\/\/www.europesays.com\/es\/wp-json\/wp\/v2\/posts\/738737\/revisions"}],"wp:featuredmedia":[{"embeddable":true,"href":"https:\/\/www.europesays.com\/es\/wp-json\/wp\/v2\/media\/738738"}],"wp:attachment":[{"href":"https:\/\/www.europesays.com\/es\/wp-json\/wp\/v2\/media?parent=738737"}],"wp:term":[{"taxonomy":"category","embeddable":true,"href":"https:\/\/www.europesays.com\/es\/wp-json\/wp\/v2\/categories?post=738737"},{"taxonomy":"post_tag","embeddable":true,"href":"https:\/\/www.europesays.com\/es\/wp-json\/wp\/v2\/tags?post=738737"}],"curies":[{"name":"wp","href":"https:\/\/api.w.org\/{rel}","templated":true}]}}