{"id":738765,"date":"2026-08-30T15:21:14","date_gmt":"2026-08-30T15:21:14","guid":{"rendered":"https:\/\/www.europesays.com\/es\/738765\/"},"modified":"2026-08-30T15:21:14","modified_gmt":"2026-08-30T15:21:14","slug":"pepe-viyuela-actor-espanol-sobre-el-deporte-el-futbol-de-barrio-es-lo-que-de-verdad-me-hace-feliz","status":"publish","type":"post","link":"https:\/\/www.europesays.com\/es\/738765\/","title":{"rendered":"Pepe Viyuela, actor espa\u00f1ol, sobre el deporte: \u00abEl f\u00fatbol de barrio es lo que de verdad me hace feliz\u00bb"},"content":{"rendered":"<p class=\"ft-text\"><strong>Pepe Viyuela<\/strong>, actor espa\u00f1ol reconocido por su trayectoria en <strong>cine, teatro y televisi\u00f3n<\/strong>, reflexiona en &#8216;ABC&#8217; sobre su relaci\u00f3n con el deporte. Aunque nunca ha competido, lo concibe como un espacio de convivencia y aprendizaje. \u00ab<strong>Siempre he pretendido que fuera un juego, una diversi\u00f3n para relacionarme con amigos, incluso con desconocidos\u00bb<\/strong>, afirma.<\/p>\n<p class=\"ft-text\">Para \u00e9l, el deporte es una forma de adquirir <strong>disciplina, sacrificio y af\u00e1n de superaci\u00f3n<\/strong>, adem\u00e1s de una v\u00eda para desconectar del ritmo profesional: \u00ab<strong>Los partidos de f\u00fatbol que puedo ver en televisi\u00f3n s\u00ed me hacen disfrutar y s\u00ed me provocan ese placer de la desconexi\u00f3n de la vida diaria\u00bb<\/strong>.<\/p>\n<p>Apegos futbol\u00edsticos cambiantes y rechazo al negocio<\/p>\n<p class=\"ft-text\">Viyuela nunca ha tenido un equipo \u00abde su vida\u00bb, pero s\u00ed afectos que han ido cambiando con el tiempo. \u00ab<strong>En mi infancia era del Athletic de Bilbao. Pas\u00e9 una temporada que era de Logro\u00f1\u00e9s\u2026 Y ahora, por afinidad con la familia, del C\u00e1diz\u00bb<\/strong>, explica. Le atraen los equipos <strong>peleones<\/strong>, sin grandes vitrinas pero con car\u00e1cter.<\/p>\n<p class=\"ft-text\">Sobre el f\u00fatbol convertido en negocio, es tajante: \u00ab<strong>En el momento en el que entra en el negocio deja de interesarme el f\u00fatbol\u00bb<\/strong>.<\/p>\n<p><img decoding=\"async\" src=\"https:\/\/www.europesays.com\/es\/wp-content\/uploads\/2026\/08\/e401fc3c-ea0f-457b-acd5-9be1138b2739_alta-libre-aspect-ratio_default_0_x600y225.jpg\" width=\"1200\" height=\"675\" alt=\"Pepe Viyuela en La Revuelta\" class=\"ft-helper-img-rd\" loading=\"lazy\" fetchpriority=\"auto\"\/><\/p>\n<p class=\"ft-helper-fontColor-quaternary ft-helper-fontSize-body-S ft-helper-spacer-t-xxs\">Pepe Viyuela en La Revuelta  \/ RTVE<\/p>\n<p class=\"ft-text\">Por eso no le inquieta el posible inter\u00e9s del Barcelona por Juli\u00e1n \u00c1lvarez: \u00ab<strong>No me preocupa nada ese futbolista\u00bb<\/strong>. Considera escandalosas las cifras del mercado: \u00ab<strong>Me parece que es escandaloso y desproporcionado\u00bb<\/strong>.<\/p>\n<p>Compromiso social y valent\u00eda en el f\u00fatbol profesional<\/p>\n<p class=\"ft-text\">El actor lamenta que el f\u00fatbol sea \u00ab<strong>excesivamente f\u00e9rreo y monol\u00edtico\u00bb<\/strong> ante cuestiones esenciales. Reclama posicionamientos claros en temas como <strong>la mujer, el racismo o la violencia<\/strong>: <strong>\u00abLos futbolistas de \u00e9lite s\u00ed deber\u00edan sentirse en la obligaci\u00f3n de mojarse\u00bb<\/strong>. Recuerda el caso de Mbapp\u00e9 y su posicionamiento pol\u00edtico: \u00ab<strong>Hay momentos en los que s\u00ed que es necesario manifestar claramente de qu\u00e9 lado est\u00e1s\u00bb<\/strong>.<\/p>\n<p><img decoding=\"async\" src=\"https:\/\/www.europesays.com\/es\/wp-content\/uploads\/2026\/08\/2b0777f0-1b2e-4013-854e-2cd1fd783325_alta-libre-aspect-ratio_default_0.jpg\" width=\"1200\" height=\"514\" alt=\"Pepe Viyuela.\" class=\"ft-helper-img-rd\" loading=\"lazy\" fetchpriority=\"auto\"\/><\/p>\n<p class=\"ft-helper-fontColor-quaternary ft-helper-fontSize-body-S ft-helper-spacer-t-xxs\">Pepe Viyuela.  \/ EFE<\/p>\n<p class=\"ft-text\">Su recuerdo m\u00e1s feliz vinculado al deporte es \u00edntimo y cotidiano: \u00ab<strong>Cuando voy con mi nieta de la mano\u2026 ver ese entusiasmo, la ilusi\u00f3n que destilan. El f\u00fatbol de barrio es lo que de verdad me hace feliz. El deporte de base, el deporte de barrio\u00bb<\/strong>. Para Viyuela, ah\u00ed reside la esencia del f\u00fatbol.<\/p>\n<p>Humor, \u00e9pica y referentes deportivos<\/p>\n<p class=\"ft-text\">Defiende que el deporte debe vivirse con humor: \u00ab<strong>Si uno es capaz de encajar una derrota con sentido del humor, va a vivir mejor\u00bb<\/strong>. Entre sus referentes cita a <strong>Mariano Haro<\/strong>, <strong>Miguel Indur\u00e1in<\/strong> y <strong>Rafa Nadal<\/strong>. Sobre el ciclista navarro, recuerda: \u00ab<strong>Cuando le dijeron t\u00fa nunca podr\u00e1s ser un gran ciclista porque pesas demasiado, eres muy grande\u00bb<\/strong>, una historia que le marc\u00f3 por su \u00e9pica.<\/p>\n<p><img decoding=\"async\" src=\"https:\/\/www.europesays.com\/es\/wp-content\/uploads\/2026\/08\/0ccb87e4-6e0b-4c56-9a5f-e8918447a40f_alta-libre-aspect-ratio_default_0.jpg\" width=\"1200\" height=\"675\" alt=\"Pepe Viyuela llama c\u00e1ncer a Vox y las redes arden\" class=\"ft-helper-img-rd\" loading=\"lazy\" fetchpriority=\"auto\"\/><\/p>\n<p class=\"ft-helper-fontColor-quaternary ft-helper-fontSize-body-S ft-helper-spacer-t-xxs\">Pepe Viyuela llama c\u00e1ncer a Vox y las redes arden  \/ Google<\/p>\n<p class=\"ft-text\">Viyuela admira la capacidad de la selecci\u00f3n para unir generaciones: \u00ab<strong>Es absolutamente transversal\u00bb<\/strong>. Tambi\u00e9n pide mesura: \u00ab<strong>El hecho de competir un Mundial ya es un exitazo. El deporte no son matem\u00e1ticas. Hay un componente de azar\u00bb<\/strong>.<\/p>\n<p class=\"ft-text\">Confiesa que la Liga le aburre cuando siempre la disputan los mismos: \u00ab<strong>Me gustar\u00eda una liga m\u00e1s abierta\u00bb<\/strong>. Si tuviera que grabar una escena c\u00f3mica, elegir\u00eda a <strong>Lamine Yamal<\/strong>: \u00ab<strong>Podr\u00eda empaparme de esa juventud, de esa energ\u00eda\u00bb<\/strong>.<\/p>\n","protected":false},"excerpt":{"rendered":"Pepe Viyuela, actor espa\u00f1ol reconocido por su trayectoria en cine, teatro y televisi\u00f3n, reflexiona en &#8216;ABC&#8217; sobre su&hellip;\n","protected":false},"author":2,"featured_media":738766,"comment_status":"","ping_status":"","sticky":false,"template":"","format":"standard","meta":{"footnotes":""},"categories":[174],"tags":[1339,255,634,146,147,25,24,1489,256,2313,282,13311,23,110627],"class_list":["post-738765","post","type-post","status-publish","format-standard","has-post-thumbnail","category-famosos","tag-actor","tag-celebrities","tag-deporte","tag-entertainment","tag-entretenimiento","tag-es","tag-espana","tag-espanol","tag-famosos","tag-fuera-de-juego","tag-futbol","tag-pepe","tag-spain","tag-viyuela"],"share_on_mastodon":{"url":"https:\/\/pubeurope.com\/@es\/117185143659477008","error":""},"_links":{"self":[{"href":"https:\/\/www.europesays.com\/es\/wp-json\/wp\/v2\/posts\/738765","targetHints":{"allow":["GET"]}}],"collection":[{"href":"https:\/\/www.europesays.com\/es\/wp-json\/wp\/v2\/posts"}],"about":[{"href":"https:\/\/www.europesays.com\/es\/wp-json\/wp\/v2\/types\/post"}],"author":[{"embeddable":true,"href":"https:\/\/www.europesays.com\/es\/wp-json\/wp\/v2\/users\/2"}],"replies":[{"embeddable":true,"href":"https:\/\/www.europesays.com\/es\/wp-json\/wp\/v2\/comments?post=738765"}],"version-history":[{"count":0,"href":"https:\/\/www.europesays.com\/es\/wp-json\/wp\/v2\/posts\/738765\/revisions"}],"wp:featuredmedia":[{"embeddable":true,"href":"https:\/\/www.europesays.com\/es\/wp-json\/wp\/v2\/media\/738766"}],"wp:attachment":[{"href":"https:\/\/www.europesays.com\/es\/wp-json\/wp\/v2\/media?parent=738765"}],"wp:term":[{"taxonomy":"category","embeddable":true,"href":"https:\/\/www.europesays.com\/es\/wp-json\/wp\/v2\/categories?post=738765"},{"taxonomy":"post_tag","embeddable":true,"href":"https:\/\/www.europesays.com\/es\/wp-json\/wp\/v2\/tags?post=738765"}],"curies":[{"name":"wp","href":"https:\/\/api.w.org\/{rel}","templated":true}]}}