{"id":738773,"date":"2026-08-30T15:27:20","date_gmt":"2026-08-30T15:27:20","guid":{"rendered":"https:\/\/www.europesays.com\/es\/738773\/"},"modified":"2026-08-30T15:27:20","modified_gmt":"2026-08-30T15:27:20","slug":"vuelta-a-espana-etapa-9","status":"publish","type":"post","link":"https:\/\/www.europesays.com\/es\/738773\/","title":{"rendered":"VUELTA A ESPA\u00d1A, ETAPA 9"},"content":{"rendered":"<p class=\"ft-text\">La etapa 9 de la <strong>Vuelta a Espa\u00f1a<\/strong> est\u00e1 enmarcada entre el grupo de decisivas de la presente edici\u00f3n. Con salida en<strong> La Vila Joiosa <\/strong>y meta en <strong>Aitana<\/strong>, ofrece seis puertos y 5.166 metros de desnivel. <\/p>\n<p class=\"ft-text\">De los siete finales en alto de la Vuelta 2026 <strong>la cima de Aitana ser\u00e1 la que marque las diferencias definitivas entre los favoritos<\/strong>. Desde Sella, y despu\u00e9s de superados 5 puertos, la escalada a Aitana ser\u00e1 de 22 km de ascensi\u00f3n, 1.264 metros de desnivel, pendiente media del 5,8 por ciento y m\u00e1ximas del 11%.<\/p>\n<p class=\"ft-text\">Antes de Aitana habr\u00e1 que superar el <strong>Puerto de T\u00e1rbena<\/strong> (segunda categor\u00eda, 7,2 km al 5,4), <strong>El Miserat <\/strong>(primera categor\u00eda, 5,2 km al 10), el \u00fanico alto de la presente edici\u00f3n que supera el 10 por ciento de media, el<strong> Puerto de Tollos<\/strong> (tercera categor\u00eda, 4,1 km al 5,8), <strong>Tudons <\/strong>(segunda categor\u00eda, 7 km al 5,3) y <strong>Benifallim <\/strong>(segunda categor\u00eda, 4,8 km al 5,8).<\/p>\n<p class=\"ft-text\">Con <a class=\"ft-link ft-link--decoration\" href=\"https:\/\/www.farodevigo.es\/vuelta-espana\/2026\/08\/29\/etapa-8-vuelta-espana-2026-133759507.html\" rel=\"nofollow noopener\" target=\"_blank\">el abandono del esloveno Tadej Pogacar tras la ca\u00edda en la octava etapa<\/a>, el nuevo l\u00edder es el espa\u00f1ol <strong>Enric Mas<\/strong><strong> <\/strong>(Movistar), quien defender\u00e1 la roja con una ventaja de 1.11 minutos sobre el austriaco <strong>Felix Gall <\/strong>(Decathlon) y de 1.33 respecto a <strong>Primoz Roglic <\/strong>(Red Bull Bora).<\/p>\n<p>Datos de la etapa 9 de la Vuelta a Espa\u00f1a<\/p>\n<p class=\"ft-text\">Recorrido: <strong>La Vila Joiosa-Alto de Aitana<\/strong>, 187,4 km<\/p>\n<p class=\"ft-text\">Desnivel: 5.166 metros<\/p>\n<p class=\"ft-text\">Hora de salida: 12.10 horas<\/p>\n<p class=\"ft-text\">Hora de llegada: 17.30 horas<\/p>\n<p class=\"ft-text\"><strong>Puertos:<\/strong><\/p>\n<p class=\"ft-text\">-Puerto de T\u00e1rbena (segunda categor\u00eda, km 36,7, 7,2 km al 5,4)<\/p>\n<p class=\"ft-text\">-El Miserat (primera categor\u00eda, km 73,9, 5,2 km al 10)<\/p>\n<p class=\"ft-text\">-Puerto de Tollos (tercera categor\u00eda, Km 90,7, 4,1 km al 5,8),<\/p>\n<p class=\"ft-text\">-Tudons (segunda categor\u00eda, km 121,8, 7 km al 5,3)<\/p>\n<p class=\"ft-text\">-Benifallim (segunda categor\u00eda, Km 139,9, 4,8 km al 5,8).<\/p>\n<p class=\"ft-text\">-Alto de Aitana (primera categor\u00eda, km 187,4, 22 km al 5,8). <\/p>\n","protected":false},"excerpt":{"rendered":"La etapa 9 de la Vuelta a Espa\u00f1a est\u00e1 enmarcada entre el grupo de decisivas de la presente&hellip;\n","protected":false},"author":2,"featured_media":738774,"comment_status":"","ping_status":"","sticky":false,"template":"","format":"standard","meta":{"footnotes":""},"categories":[93],"tags":[3076,5588,313,168,25,24,314,23,167,1357],"class_list":["post-738773","post","type-post","status-publish","format-standard","has-post-thumbnail","category-deportes","tag-3076","tag-5588","tag-ciclismo","tag-deportes","tag-es","tag-espana","tag-etapa","tag-spain","tag-sports","tag-vuelta"],"share_on_mastodon":{"url":"https:\/\/pubeurope.com\/@es\/117185167086772281","error":""},"_links":{"self":[{"href":"https:\/\/www.europesays.com\/es\/wp-json\/wp\/v2\/posts\/738773","targetHints":{"allow":["GET"]}}],"collection":[{"href":"https:\/\/www.europesays.com\/es\/wp-json\/wp\/v2\/posts"}],"about":[{"href":"https:\/\/www.europesays.com\/es\/wp-json\/wp\/v2\/types\/post"}],"author":[{"embeddable":true,"href":"https:\/\/www.europesays.com\/es\/wp-json\/wp\/v2\/users\/2"}],"replies":[{"embeddable":true,"href":"https:\/\/www.europesays.com\/es\/wp-json\/wp\/v2\/comments?post=738773"}],"version-history":[{"count":0,"href":"https:\/\/www.europesays.com\/es\/wp-json\/wp\/v2\/posts\/738773\/revisions"}],"wp:featuredmedia":[{"embeddable":true,"href":"https:\/\/www.europesays.com\/es\/wp-json\/wp\/v2\/media\/738774"}],"wp:attachment":[{"href":"https:\/\/www.europesays.com\/es\/wp-json\/wp\/v2\/media?parent=738773"}],"wp:term":[{"taxonomy":"category","embeddable":true,"href":"https:\/\/www.europesays.com\/es\/wp-json\/wp\/v2\/categories?post=738773"},{"taxonomy":"post_tag","embeddable":true,"href":"https:\/\/www.europesays.com\/es\/wp-json\/wp\/v2\/tags?post=738773"}],"curies":[{"name":"wp","href":"https:\/\/api.w.org\/{rel}","templated":true}]}}