{"id":738788,"date":"2026-08-30T15:34:19","date_gmt":"2026-08-30T15:34:19","guid":{"rendered":"https:\/\/www.europesays.com\/es\/738788\/"},"modified":"2026-08-30T15:34:19","modified_gmt":"2026-08-30T15:34:19","slug":"la-familia-real-noruega-abandona-la-iglesia-de-asker-tras-la-misa-por-el-fallecido-monarca-harald-v","status":"publish","type":"post","link":"https:\/\/www.europesays.com\/es\/738788\/","title":{"rendered":"La familia real noruega abandona la iglesia de Asker tras la misa por el fallecido monarca Harald V"},"content":{"rendered":"<p><img decoding=\"async\" class=\"v-ath__i\" loading=\"lazy\" src=\"https:\/\/www.europesays.com\/es\/wp-content\/uploads\/2026\/08\/1788104059_79_autor-5496-foto-3.jpeg\" alt=\"Agencia EFE\"\/><\/p>\n<p>30\/08\/2026 a las 13:52h.<\/p>\n<p class=\"v-d-p\" style=\"\">Asker (Noruega), 30 ago (EFE).- El rey Haakon VIII, la princesa heredera Ingrid Alexandra, la reina Sonia y el pr\u00edncipe Sverre Magnus abandonan este domingo la iglesia de Asker tras asistir a la misa por el fallecido monarca Harald V, en la que no estuvo  &#8230; presente la reina Mette-Marit por estar todav\u00eda convaleciente tras su reciente trasplante de pulm\u00f3n. IM\u00c1GENES: PALOMA ROCHA INCLUYE IM\u00c1GENES DE RECURSO DE LA FAMILIA REAL NORUEGA ABANDONANDO LA IGLESIA DE ASKER (NORUEGA) TRAS ASISTIR A LA MISA POR EL FALLECIDO MONARCA HARALD V.<\/p>\n","protected":false},"excerpt":{"rendered":"30\/08\/2026 a las 13:52h. Asker (Noruega), 30 ago (EFE).- El rey Haakon VIII, la princesa heredera Ingrid Alexandra,&hellip;\n","protected":false},"author":2,"featured_media":738789,"comment_status":"","ping_status":"","sticky":false,"template":"","format":"standard","meta":{"footnotes":""},"categories":[5],"tags":[2302,131144,17,18,25,24,2051,367,13,14,14922,11,12034,19,20,12360,131145,9,4907,10,15,16,798,23,12,575,21,22],"class_list":["post-738788","post","type-post","status-publish","format-standard","has-post-thumbnail","category-titulares","tag-abandona","tag-asker","tag-breaking-news","tag-breakingnews","tag-es","tag-espana","tag-fallecido","tag-familia","tag-featured-news","tag-featurednews","tag-harald","tag-headlines","tag-iglesia","tag-latest-news","tag-latestnews","tag-misa","tag-monarca","tag-news","tag-noruega","tag-noticias","tag-noticias-destacadas","tag-noticiasdestacadas","tag-real","tag-spain","tag-titulares","tag-tras","tag-ultimas-noticias","tag-ultimasnoticias"],"share_on_mastodon":{"url":"https:\/\/pubeurope.com\/@es\/117185195754119609","error":""},"_links":{"self":[{"href":"https:\/\/www.europesays.com\/es\/wp-json\/wp\/v2\/posts\/738788","targetHints":{"allow":["GET"]}}],"collection":[{"href":"https:\/\/www.europesays.com\/es\/wp-json\/wp\/v2\/posts"}],"about":[{"href":"https:\/\/www.europesays.com\/es\/wp-json\/wp\/v2\/types\/post"}],"author":[{"embeddable":true,"href":"https:\/\/www.europesays.com\/es\/wp-json\/wp\/v2\/users\/2"}],"replies":[{"embeddable":true,"href":"https:\/\/www.europesays.com\/es\/wp-json\/wp\/v2\/comments?post=738788"}],"version-history":[{"count":0,"href":"https:\/\/www.europesays.com\/es\/wp-json\/wp\/v2\/posts\/738788\/revisions"}],"wp:featuredmedia":[{"embeddable":true,"href":"https:\/\/www.europesays.com\/es\/wp-json\/wp\/v2\/media\/738789"}],"wp:attachment":[{"href":"https:\/\/www.europesays.com\/es\/wp-json\/wp\/v2\/media?parent=738788"}],"wp:term":[{"taxonomy":"category","embeddable":true,"href":"https:\/\/www.europesays.com\/es\/wp-json\/wp\/v2\/categories?post=738788"},{"taxonomy":"post_tag","embeddable":true,"href":"https:\/\/www.europesays.com\/es\/wp-json\/wp\/v2\/tags?post=738788"}],"curies":[{"name":"wp","href":"https:\/\/api.w.org\/{rel}","templated":true}]}}