{"id":738794,"date":"2026-08-30T15:42:12","date_gmt":"2026-08-30T15:42:12","guid":{"rendered":"https:\/\/www.europesays.com\/es\/738794\/"},"modified":"2026-08-30T15:42:12","modified_gmt":"2026-08-30T15:42:12","slug":"partido-grecia-espana-nuevo-examen-para-aday-mara","status":"publish","type":"post","link":"https:\/\/www.europesays.com\/es\/738794\/","title":{"rendered":"Partido Grecia-Espa\u00f1a: nuevo examen para Aday Mara"},"content":{"rendered":"<p class=\"c-paragraph\">Nuevo examen para Aday Mara. Despu\u00e9s de debutar el pasado viernes con el equipo espa\u00f1ol absoluto, y adem\u00e1s en el pabell\u00f3n Pr\u00edncipe Felipe de Zaragoza, <a href=\"https:\/\/www.heraldo.es\/noticias\/deportes\/baloncesto\/2026\/08\/30\/horario-donde-ver-gratis-partido-grecia-espana-con-aday-mara-2048168.html\" title=\"Horario y d\u00f3nde ver gratis el partido Grecia-Espa\u00f1a, con Aday Mara\" rel=\"nofollow noopener\" target=\"_blank\">el p\u00edvot aragon\u00e9s tiene ante s\u00ed una exigente prueba en Atenas, frente a la selecci\u00f3n de Grecia (18.00), <\/a>en un nuevo partido de clasificaci\u00f3n para el Mundial de Catar 2027. Mara firm\u00f3 buenos registros en su estreno, pero el combinado nacional sufri\u00f3 un rev\u00e9s inesperado contra Portugal (89-95) y se complica su presencia en el proxima cita mundialista.<\/p>\n<p class=\"c-paragraph\">El p\u00edvot zaragozano, de 21 a\u00f1os de edad, <b>alcanz\u00f3 los 17 cr\u00e9ditos de valoraci\u00f3n global en 19 minutos de juego, <\/b>despu\u00e9s de haber sumado 12 puntos, 6 rebotes, 2 asistencias y 4 tapones. Mara, elegido por Oklahoma City Thunder en el duod\u00e9cimo puesto del draft de la NBA, volver\u00e1 a ser este lunes una de las grandes referencias en la pintura del cuadro espa\u00f1ol. Al igual que en el duelo ante los portugueses, frente a los helenos tambi\u00e9n intervendr\u00e1n el aragon\u00e9s Jaime Pradilla y el excapit\u00e1n del Casademont Zaragoza Santi Yusta \u2013ahora en el Anadolu Efes\u2013.<\/p>\n<p class=\"c-paragraph\">Con la derrota ante los lusos, <b>Espa\u00f1a queda con un balance de cinco victorias y dos derrotas en los siete encuentros que ha disputado. <\/b>El conjunto de Chus Mateo, muy irregular, mostr\u00f3 importantes lagunas defensivas y no fue capaz de frenar a Travante Williams (22 puntos) ni a Neemias Queta, quien finaliz\u00f3 la contienda con 22 unidades de nota general, despu\u00e9s de sumar 16 tantos y 9 rebotes en 16 minutos de partido. Por parte del equipo espa\u00f1ol, el mejor jugador fue el base \u00c1lvaro C\u00e1rdenas (18 puntos).<\/p>\n<p>Sin Giannis Antetokounmo<\/p>\n<p class=\"c-paragraph\">Enfrente estar\u00e1 Grecia, <b>con la leyenda Vassilis Spanoulis en el banquillo<\/b> y con nombres ilustres como Nick Calathes, Tyler Dorsey, Dinos Mitoglou, el sempiterno capit\u00e1n Kostas Papanikolaou\u00a0 aunque faltar\u00e1 su estrella, el jugador de la NBA Giannis Antetokounmpo, que se pierde esta fase decisiva de su selecci\u00f3n para estar en la cita catar\u00ed.<\/p>\n<p class=\"c-paragraph\">Espa\u00f1a finaliz\u00f3 la primera fase como l\u00edder de su grupo, con un cinco victorias y una sola derrota. Inici\u00f3 su participaci\u00f3n el 27 de noviembre, <b>con un triunfo ante Dinamarca (64-74), y tres d\u00edas m\u00e1s tarde super\u00f3 a Georgia (90-61)<\/b> sin excesiva oposici\u00f3n. Posteriormente, ya en 2026, Espa\u00f1a venci\u00f3 en Ucrania (66-86) el 27 de febrero, e hizo lo propio en casa, contra el mismo rival (78-64), en un duelo que se desarroll\u00f3 el 2 de marzo en el Palacio de los Deportes de Oviedo. En los compromisos del pasado mes de julio, primero tumb\u00f3 con solvencia a Dinamarca (109-81), pero despu\u00e9s, con el liderato del grupo ya asegurado, cedi\u00f3 en Georgia (91-89) tras protagonizar un desplome sorprendente en el tramo final del duelo.<\/p>\n<p class=\"c-paragraph\">Y en su actuaci\u00f3n m\u00e1s reciente, <b>la escuadra nacional cay\u00f3 de manera inesperada en Zaragoza (89-95). <\/b>Y aunque permanece en el liderato, ha reducido su ventaja a la m\u00ednima expresi\u00f3n: est\u00e1 igualado con Ucrania, y le separa una sola victoria de Montenegro, Georgia y la propia Portugal. No puede permitirse muchas m\u00e1s concesiones para no comprometer su presencia en el Mundial. Cierra la tabla Grecia, su rival de este lunes, con tres triunfos en siete partidos.<\/p>\n<p class=\"c-paragraph\">Despu\u00e9s de medirse con los helenos,<b> Espa\u00f1a se desplazar\u00e1 a Montenegro, <\/b>el 26 de noviembre; tres d\u00edas m\u00e1s tarde recibir\u00e1 a Grecia; y cerrar\u00e1 la fase de clasificaci\u00f3n en 2027, primero en tierras lusas (26 de febrero) y luego en casa contra los montenegrinos (1 de marzo).<\/p>\n","protected":false},"excerpt":{"rendered":"Nuevo examen para Aday Mara. Despu\u00e9s de debutar el pasado viernes con el equipo espa\u00f1ol absoluto, y adem\u00e1s&hellip;\n","protected":false},"author":2,"featured_media":738795,"comment_status":"","ping_status":"","sticky":false,"template":"","format":"standard","meta":{"footnotes":""},"categories":[269],"tags":[299,298,168,25,24,7109,2023,524,1045,23,167],"class_list":["post-738794","post","type-post","status-publish","format-standard","has-post-thumbnail","category-baloncesto","tag-baloncesto","tag-basketball","tag-deportes","tag-es","tag-espana","tag-examen","tag-grecia","tag-nuevo","tag-partido","tag-spain","tag-sports"],"share_on_mastodon":{"url":"https:\/\/pubeurope.com\/@es\/117185226135646013","error":""},"_links":{"self":[{"href":"https:\/\/www.europesays.com\/es\/wp-json\/wp\/v2\/posts\/738794","targetHints":{"allow":["GET"]}}],"collection":[{"href":"https:\/\/www.europesays.com\/es\/wp-json\/wp\/v2\/posts"}],"about":[{"href":"https:\/\/www.europesays.com\/es\/wp-json\/wp\/v2\/types\/post"}],"author":[{"embeddable":true,"href":"https:\/\/www.europesays.com\/es\/wp-json\/wp\/v2\/users\/2"}],"replies":[{"embeddable":true,"href":"https:\/\/www.europesays.com\/es\/wp-json\/wp\/v2\/comments?post=738794"}],"version-history":[{"count":0,"href":"https:\/\/www.europesays.com\/es\/wp-json\/wp\/v2\/posts\/738794\/revisions"}],"wp:featuredmedia":[{"embeddable":true,"href":"https:\/\/www.europesays.com\/es\/wp-json\/wp\/v2\/media\/738795"}],"wp:attachment":[{"href":"https:\/\/www.europesays.com\/es\/wp-json\/wp\/v2\/media?parent=738794"}],"wp:term":[{"taxonomy":"category","embeddable":true,"href":"https:\/\/www.europesays.com\/es\/wp-json\/wp\/v2\/categories?post=738794"},{"taxonomy":"post_tag","embeddable":true,"href":"https:\/\/www.europesays.com\/es\/wp-json\/wp\/v2\/tags?post=738794"}],"curies":[{"name":"wp","href":"https:\/\/api.w.org\/{rel}","templated":true}]}}