{"id":738798,"date":"2026-08-30T15:44:23","date_gmt":"2026-08-30T15:44:23","guid":{"rendered":"https:\/\/www.europesays.com\/es\/738798\/"},"modified":"2026-08-30T15:44:23","modified_gmt":"2026-08-30T15:44:23","slug":"una-actriz-de-spider-man-estalla-anos-despues-de-que-eliminaran-sus-escenas-en-una-de-las-peliculas-cine-y-tv","status":"publish","type":"post","link":"https:\/\/www.europesays.com\/es\/738798\/","title":{"rendered":"Una actriz de &#8216;Spider-Man&#8217; estalla a\u00f1os despu\u00e9s de que eliminaran sus escenas en una de las pel\u00edculas | Cine y TV"},"content":{"rendered":"<p>La actriz Shailene Woodley ha hablado tras 12 a\u00f1os sobre la decepci\u00f3n que se llev\u00f3 al descubrir que su papel en <a href=\"https:\/\/cadenaser.com\/nacional\/2026\/08\/07\/los-paralelismos-y-mitos-sobre-aranas-en-spider-man-es-una-licencia-creativa-cadena-ser\/\" target=\"_blank\" rel=\"nofollow noopener\" title=\"https:\/\/cadenaser.com\/nacional\/2026\/08\/07\/los-paralelismos-y-mitos-sobre-aranas-en-spider-man-es-una-licencia-creativa-cadena-ser\/\">The Amazing Spider-Man 2<\/a> no form\u00f3 parte finalmente de la pel\u00edcula. Woodley es conocida por sus papeles en pel\u00edculas como Bajo la misma estrella y la saga Divergente, y lleg\u00f3 a rodar varias escenas como Mary Jane Watson para la secuela protagonizada por Andrew Garfield. <\/p>\n<p>M\u00e1s informaci\u00f3n<\/p>\n<p>La serie de entrevistas SAG-AFTRA Foundation Conversations re\u00fane a varios actores y actrices para hablar sobre el oficio. Esta vez, Shailene Woodley ha contado que no se enter\u00f3 hasta un a\u00f1o despu\u00e9s de rodar la pel\u00edcula de Spider-Man que no aparecer\u00eda en la pel\u00edcula, que se estren\u00f3 en cines en mayo de 2014.<\/p>\n<p>La actriz relata que interpretar a Mary Jane en la pel\u00edcula era un \u00absue\u00f1o\u00bb para ella: \u00abDios m\u00edo, <a href=\"https:\/\/cadenaser.com\/nacional\/2025\/06\/16\/este-es-el-verdadero-superpoder-de-spiderman-y-no-no-es-su-sentido-aracnido-cadena-ser\/\" target=\"_blank\" rel=\"nofollow noopener\" title=\"https:\/\/cadenaser.com\/nacional\/2025\/06\/16\/este-es-el-verdadero-superpoder-de-spiderman-y-no-no-es-su-sentido-aracnido-cadena-ser\/\">Spider-Man es mi superh\u00e9roe favorito<\/a>. Mary Jane fue mi personaje favorito cuando era peque\u00f1a\u00bb. Ella y Garfield grabaron varias escenas juntos y un a\u00f1o m\u00e1s tarde le anunciaron que no saldr\u00eda en la pel\u00edcula, le explicaron que hab\u00edan introducido muchos personajes nuevos y que deb\u00edan esperar a ver c\u00f3mo se desarrollaba la historia entre el personaje de Emma Stone, Gwen Stacy, y Andrew.<\/p>\n<p>    <img decoding=\"async\" src=\"https:\/\/www.europesays.com\/es\/wp-content\/uploads\/2026\/08\/1788104663_768_app-ser-4.png\" alt=\"Nueva APP de Cadena SER\" loading=\"lazy\" width=\"109\" height=\"82\"\/><\/p>\n<p>Descubre la nueva app de Cadena\u00a0SER<br \/>\n        Te ofrecemos una mejor experiencia de audio y video\n    <\/p>\n<p>    <a href=\"https:\/\/trackingcodes.prisamedia.com\/ser.html?utm_campaign=app-include-articulo&amp;utm_source=web\" class=\"p-a-fa-b\" rel=\"nofollow noopener\" target=\"_blank\">Descargar<\/a><\/p>\n<p>Adem\u00e1s, le comentaron que esperar\u00edan a que Gwen Stacy muriera para luego presentar a Mary Jane, lo cual le pareci\u00f3 l\u00f3gico. Sin embargo, esa pel\u00edcula nunca se realiz\u00f3. En 2014, en el estreno en Nueva York de The Amazing Spider-Man 2, el productor de la pel\u00edcula explic\u00f3 que hab\u00eda eliminado las escenas de Woodley porque se dieron cuenta de que hab\u00eda contado muchas historias y el guion ten\u00eda un l\u00edmite, simplemente se dieron cuenta de que esa historia no iba a estar en la pel\u00edcula. <\/p>\n<p>A pesar de que nunca debut\u00f3 como Mary Jane Watson, la actriz continu\u00f3 fortaleciendo su carrera con \u00e9xitos como Bajo la misma estrella y Divergente. En la entrevista de casi 90 minutos, tambi\u00e9n habl\u00f3 sobre sus papeles en la serie Big Little Lies de HBO y en la segunda temporada de Paradise en Hulu.<\/p>\n","protected":false},"excerpt":{"rendered":"La actriz Shailene Woodley ha hablado tras 12 a\u00f1os sobre la decepci\u00f3n que se llev\u00f3 al descubrir que&hellip;\n","protected":false},"author":2,"featured_media":738799,"comment_status":"","ping_status":"","sticky":false,"template":"","format":"standard","meta":{"footnotes":""},"categories":[174],"tags":[1765,255,146,147,25,24,256,23,14995,1766,35619,35620],"class_list":["post-738798","post","type-post","status-publish","format-standard","has-post-thumbnail","category-famosos","tag-bestof","tag-celebrities","tag-entertainment","tag-entretenimiento","tag-es","tag-espana","tag-famosos","tag-spain","tag-topics","tag-topix","tag-toppics","tag-toppix"],"share_on_mastodon":{"url":"https:\/\/pubeurope.com\/@es\/117185234005665070","error":""},"_links":{"self":[{"href":"https:\/\/www.europesays.com\/es\/wp-json\/wp\/v2\/posts\/738798","targetHints":{"allow":["GET"]}}],"collection":[{"href":"https:\/\/www.europesays.com\/es\/wp-json\/wp\/v2\/posts"}],"about":[{"href":"https:\/\/www.europesays.com\/es\/wp-json\/wp\/v2\/types\/post"}],"author":[{"embeddable":true,"href":"https:\/\/www.europesays.com\/es\/wp-json\/wp\/v2\/users\/2"}],"replies":[{"embeddable":true,"href":"https:\/\/www.europesays.com\/es\/wp-json\/wp\/v2\/comments?post=738798"}],"version-history":[{"count":0,"href":"https:\/\/www.europesays.com\/es\/wp-json\/wp\/v2\/posts\/738798\/revisions"}],"wp:featuredmedia":[{"embeddable":true,"href":"https:\/\/www.europesays.com\/es\/wp-json\/wp\/v2\/media\/738799"}],"wp:attachment":[{"href":"https:\/\/www.europesays.com\/es\/wp-json\/wp\/v2\/media?parent=738798"}],"wp:term":[{"taxonomy":"category","embeddable":true,"href":"https:\/\/www.europesays.com\/es\/wp-json\/wp\/v2\/categories?post=738798"},{"taxonomy":"post_tag","embeddable":true,"href":"https:\/\/www.europesays.com\/es\/wp-json\/wp\/v2\/tags?post=738798"}],"curies":[{"name":"wp","href":"https:\/\/api.w.org\/{rel}","templated":true}]}}