{"id":738808,"date":"2026-08-30T15:50:18","date_gmt":"2026-08-30T15:50:18","guid":{"rendered":"https:\/\/www.europesays.com\/es\/738808\/"},"modified":"2026-08-30T15:50:18","modified_gmt":"2026-08-30T15:50:18","slug":"brutal-victoria-de-marc-marquez-en-su-circuito-para-poner-al-rojo-el-mundial-de-motogp","status":"publish","type":"post","link":"https:\/\/www.europesays.com\/es\/738808\/","title":{"rendered":"Brutal victoria de Marc M\u00e1rquez en su circuito para poner al rojo el Mundial de MotoGP"},"content":{"rendered":"<p>Si es domingo y es <b>Motorland<\/b>, gana <b>Marc M\u00e1rquez.<\/b> No pod\u00eda ser de otra forma y mucho m\u00e1s con lo necesitado que llegaba el \u00ab93\u00bb a uno de sus lugares favoritos. Hab\u00eda tropezado en <b>Silverstone <\/b>y Arag\u00f3n ten\u00eda que servir como impulso para \u00e9l antes de las nueve citas finales de la temporada. No fue f\u00e1cil, pero eso lo \u00fanico que hace es darle m\u00e1s valor a lo que ha conseguido. Un doblete que muchos esperaban, pero que ha tenido que sudar, tanto el s\u00e1bado como el domingo. Especialmente en la carrera larga, en la que a <b>Bezzecchi <\/b>se uni\u00f3 <b>Pedro Acosta<\/b> como rivales respondones. Otra vez Marc lo intent\u00f3 todo en la primera curva, donde se decidi\u00f3 la Sprint, pero se dej\u00f3 puesto el dispositivo de altura trasero y eso le complic\u00f3 durante unos segundos. Suficiente para que \u00abBezz\u00bb se escapara y el \u00abTibur\u00f3n\u00bb se enganchara a su rueda.<\/p>\n<p>Recort\u00f3 la distancia perdida muy pronto Marc y entonces lleg\u00f3 el momento m\u00e1s emocionante del fin de semana. Un adelantamiento a Bezzecchi en una frenada a la que llegaron juntos a 330 kil\u00f3metros por hora. M\u00e1rquez se puso primero y Acosta aprovech\u00f3 para dar el hachazo al italiano. Se fueron los dos espa\u00f1oles, que el a\u00f1o que viene van a estar juntos en Ducati. Fue <b>algo as\u00ed como un viaje al futuro<\/b> sobre lo que puede ser la pr\u00f3xima temporada. Un duelo generacional que puede acabar siendo en un relevo l\u00f3gico en alg\u00fan momento.<\/p>\n<p>Pero el futuro puede esperar, o eso pens\u00f3 Marc, que elev\u00f3 el ritmo para a base de vueltas r\u00e1pidas dejar atr\u00e1s a Acosta, que est\u00e1 haciendo magia con una KTM que no est\u00e1 para muchos trotes. En <b>Motorland <\/b>no hay nadie que pueda con el \u00ab93\u00bb y a falta de diez vueltas se fue solo a por su <b>octava victoria en MotoGP<\/b> en este trazado, la tercera consecutiva, todas las posibles, desde que se subi\u00f3 a una Ducati, y lo mismo sucede con las Sprint.<\/p>\n<p>Por eso ten\u00eda esa presi\u00f3n extra de hacerlo perfecto, de <b>sumar los 37 puntos y devolver el \u00abbreak\u00bb<\/b> que las Aprilia le endosaron en Inglaterra. All\u00ed perdi\u00f3 13 puntos con Bezzecchi, y en Arag\u00f3n le ha metido 14. Y Jorge Mart\u00edn le endos\u00f3 22 y \u00e9l le ha devuelto 21 en su terreno para quedarse a 19 del liderato. Como si nada hubiera sucedido en Silverstone y con nueve citas todav\u00eda por delante hasta Valencia.<\/p>\n<p>Marc se coloca segundo en el campeonato y lanza un mensaje a sus rivales que la grada del \u00ab93\u00bb en Motorland convirti\u00f3 en c\u00e1ntico: <b>\u00abS\u00ed se puede\u00bb.<\/b><\/p>\n<p>GP de Arag\u00f3n: siga la carrera de MotoGP en MotorLand, en vivo online<\/p>\n","protected":false},"excerpt":{"rendered":"Si es domingo y es Motorland, gana Marc M\u00e1rquez. No pod\u00eda ser de otra forma y mucho m\u00e1s&hellip;\n","protected":false},"author":2,"featured_media":738809,"comment_status":"","ping_status":"","sticky":false,"template":"","format":"standard","meta":{"footnotes":""},"categories":[93],"tags":[114673,168,25,24,13638,16628,12143,23,167],"class_list":["post-738808","post","type-post","status-publish","format-standard","has-post-thumbnail","category-deportes","tag-b50m","tag-deportes","tag-es","tag-espana","tag-marc-marquez","tag-motociclismo","tag-motogp","tag-spain","tag-sports"],"share_on_mastodon":{"url":"https:\/\/pubeurope.com\/@es\/117185257591799771","error":""},"_links":{"self":[{"href":"https:\/\/www.europesays.com\/es\/wp-json\/wp\/v2\/posts\/738808","targetHints":{"allow":["GET"]}}],"collection":[{"href":"https:\/\/www.europesays.com\/es\/wp-json\/wp\/v2\/posts"}],"about":[{"href":"https:\/\/www.europesays.com\/es\/wp-json\/wp\/v2\/types\/post"}],"author":[{"embeddable":true,"href":"https:\/\/www.europesays.com\/es\/wp-json\/wp\/v2\/users\/2"}],"replies":[{"embeddable":true,"href":"https:\/\/www.europesays.com\/es\/wp-json\/wp\/v2\/comments?post=738808"}],"version-history":[{"count":0,"href":"https:\/\/www.europesays.com\/es\/wp-json\/wp\/v2\/posts\/738808\/revisions"}],"wp:featuredmedia":[{"embeddable":true,"href":"https:\/\/www.europesays.com\/es\/wp-json\/wp\/v2\/media\/738809"}],"wp:attachment":[{"href":"https:\/\/www.europesays.com\/es\/wp-json\/wp\/v2\/media?parent=738808"}],"wp:term":[{"taxonomy":"category","embeddable":true,"href":"https:\/\/www.europesays.com\/es\/wp-json\/wp\/v2\/categories?post=738808"},{"taxonomy":"post_tag","embeddable":true,"href":"https:\/\/www.europesays.com\/es\/wp-json\/wp\/v2\/tags?post=738808"}],"curies":[{"name":"wp","href":"https:\/\/api.w.org\/{rel}","templated":true}]}}