{"id":738812,"date":"2026-08-30T15:52:13","date_gmt":"2026-08-30T15:52:13","guid":{"rendered":"https:\/\/www.europesays.com\/es\/738812\/"},"modified":"2026-08-30T15:52:13","modified_gmt":"2026-08-30T15:52:13","slug":"mar-flores-una-invitada-de-boda-espectacular-en-un-museo-de-viena-con-un-vestido-salmon-que-realza-el-bronceado-y-collar-escultorico","status":"publish","type":"post","link":"https:\/\/www.europesays.com\/es\/738812\/","title":{"rendered":"Mar Flores, una invitada de boda espectacular en un museo de Viena con un vestido salm\u00f3n que realza el bronceado y collar escult\u00f3rico"},"content":{"rendered":"<p id=\"e4_srEEGZo\" data-wc=\"83\">Hace solo unos d\u00edas, <strong>Mar Flores<\/strong> disfrutaba de unas vacaciones en Ibiza, donde la ve\u00edamos <a class=\"hm-link ho-link\" href=\"https:\/\/www.hola.com\/belleza\/20260811917393\/mar-flores-fotos-bikini-reaccion-fans\/\" data-mrf-recirculation=\"article-body-link\" rel=\"nofollow noopener\" target=\"_blank\">presumir de espectacular figura con un bikini de dos piezas<\/a>. Ahora, ha cambiado el Mediterr\u00e1neo por la elegancia imperial de Viena y los estilismos relajados del verano por un look de invitada que merece ser analizado al detalle. El motivo de su viaje a la capital austriaca ha sido la <strong>boda de Camila Chumaceiro, hija de Eliza Arcaya<\/strong> y fundadora junto a ella de la firma Studio Arcaya.\u00a0<\/p>\n<p>Te recomendamosSeguir leyendo<\/p>\n<p id=\"eNfj_tpYih1\" data-wc=\"57\">La relaci\u00f3n de Mar Flores con la familia viene de lejos. De hecho, <a class=\"hm-link ho-link\" href=\"https:\/\/www.hola.com\/actualidad\/20210718303970\/eliza-arcaya-restaurante-el-velazquez-disenadora-marca-ropa\/\" data-mrf-recirculation=\"article-body-link\" rel=\"nofollow noopener\" target=\"_blank\">Eliza Arcaya, conocida empresaria y durante a\u00f1os gran anfitriona de la jet set\u00a0venezolana en Madrid<\/a>, cuenta a Mar entre sus amigas, al igual que a Carolina Herrera. As\u00ed que no sorprende que haya viajado hasta Viena para acompa\u00f1arlas en una fecha tan se\u00f1alada.<\/p>\n<p> <img src=\"https:\/\/www.europesays.com\/es\/wp-content\/uploads\/2026\/08\/27a5df7ccae7-mar-flores-look-invitada.jpg\"   width=\"1080\" height=\"1800\" loading=\"lazy\" decoding=\"async\" alt=\"Mar Flores en el Museo Albertina de Viene para asistir a la boda de Camila Chumaceiro\" fetchpriority=\"auto\" class=\"image ho-image\"\/>\u00a9 @marflores_marMar Flores en el Museo Albertina de Viene para asistir a la boda de Camila Chumaceiro<\/p>\n<p id=\"epco5NYTIF0\" data-wc=\"77\">El escenario escogido para la celebraci\u00f3n ha sido excepcional: el <strong>Museo Albertina<\/strong>, en pleno centro de Viena. Adem\u00e1s de custodiar una colecci\u00f3n gr\u00e1fica de alrededor de un mill\u00f3n de obras, entre ellas trabajos de Durero o Klimt, el edificio fue durante cerca de un siglo residencia de los Habsburgo. Sus veinte salones de gala, restaurados y decorados con mobiliario original, l\u00e1mparas de ara\u00f1a, chimeneas y delicadas marqueter\u00edas, conservan todav\u00eda buena parte del esplendor de la corte imperial.<\/p>\n<p id=\"eZZpgTf7Gqc\" data-wc=\"37\">Un marco dif\u00edcil de superar para una boda y tambi\u00e9n para <strong>un look que Mar Flores ha construido alrededor de una combinaci\u00f3n especialmente favorecedora<\/strong>: un vestido de l\u00edneas depuradas y una joya capaz de transformarlo por completo.<\/p>\n<p>Un vestido salm\u00f3n que demuestra el poder de un buen drapeado<\/p>\n<p id=\"eMd2qyGTmY\" data-wc=\"57\">Para la ocasi\u00f3n, Mar ha elegido un vestido midi\u00a0de Alexander McQueen <strong>en tono salm\u00f3n, un color c\u00e1lido que realza especialmente su bronceado<\/strong> despu\u00e9s de las vacaciones. Lejos de recurrir a bordados, estampados o aplicaciones, el dise\u00f1o concentra todo su atractivo en el patr\u00f3n y en la manera en la que el tejido satinado dibuja la figura.<\/p>\n<p> <img src=\"https:\/\/www.europesays.com\/es\/wp-content\/uploads\/2026\/08\/b4388e8ecd79-mar-flores-look-invitada-2.jpg\"   width=\"1080\" height=\"1800\" loading=\"lazy\" decoding=\"async\" alt=\"El look de invitada de Mar Flores para una boda en Viena\" fetchpriority=\"auto\" class=\"image ho-image\"\/>\u00a9 @marflores_mar<\/p>\n<p id=\"er-ge7NyHn7\" data-wc=\"61\">El escote palabra de honor deja los hombros completamente al descubierto y da paso a un cuerpo de l\u00edneas rectas que encuentra su punto m\u00e1s especial en la cintura. All\u00ed, un drapeado recogido en uno de los laterales genera una sucesi\u00f3n de pliegues que estilizan visualmente y aportan movimiento al vestido. La falda, fluida, presenta adem\u00e1s un acabado asim\u00e9trico muy favorecedor.<\/p>\n<p id=\"eXWY-q-_tq\" data-wc=\"42\">La modelo ha completado el estilismo con un<strong>\u00a0clutch dorado y sandalias metalizadas a juego<\/strong>, manteniendo los complementos en una misma gama para no introducir m\u00e1s elementos de distracci\u00f3n. Porque el verdadero protagonista, m\u00e1s all\u00e1 del vestido, estaba alrededor de su cuello.<\/p>\n<p> <img src=\"https:\/\/www.europesays.com\/es\/wp-content\/uploads\/2026\/08\/85fd51bddab6-mar-flores-look-invitada-boda.jpg\"   width=\"1080\" height=\"1800\" loading=\"lazy\" decoding=\"async\" alt=\"Mar Flores en una boda en Viena\" fetchpriority=\"auto\" class=\"image ho-image\"\/>\u00a9 @marflores_mar<br \/>\nEl collar escultural de flores que transforma el look<\/p>\n<p id=\"eiDL8K4uew\" data-wc=\"95\">Sobre el escote palabra de honor destaca un llamativo <strong>collar de Teresa de la Pisa<\/strong> compuesto por grandes flores escult\u00f3ricas, de diferente tama\u00f1o y color, que rodean el cuello y descansan sobre las clav\u00edculas. Su creadora es una artista y dise\u00f1adora madrile\u00f1a vinculada tanto al arte como a la moda, cuyas creaciones han conquistado a nombres como M\u00f3nica de Tom\u00e1s, modelo y durante trece a\u00f1os musa de Elio Berhanyer, que <a class=\"hm-link ho-link\" href=\"https:\/\/www.hola.com\/actualidad\/20240525360430\/monica-de-tomas-fiesta-preboda-imagenes\/\" data-mrf-recirculation=\"article-body-link\" rel=\"nofollow noopener\" target=\"_blank\">escogi\u00f3 varias pulseras de la artista para su preboda en Marrakech<\/a>. Las une adem\u00e1s una estrecha amistad: Teresa fue una de sus damas de honor.<\/p>\n<p id=\"eWXysM75M5\" data-wc=\"87\">La elecci\u00f3n del collar cobra todav\u00eda m\u00e1s sentido al observar el vestido. En una conversaci\u00f3n con \u00a1HOLA!, la estilista \u00c1ngela Calder\u00f3n Morata insist\u00eda precisamente en <a class=\"hm-link ho-link\" href=\"https:\/\/www.hola.com\/novias\/20260424897505\/como-combinar-accesorios-vestido-invitada-consejos-expertos\/\" data-mrf-recirculation=\"article-body-link\" rel=\"nofollow noopener\" target=\"_blank\">la importancia de decidir qu\u00e9 queremos resaltar<\/a> y buscar el equilibrio para que vestido y accesorios no compitan entre s\u00ed. Los escotes que dejan despejada la zona superior, como el palabra de honor, ofrecen adem\u00e1s un lienzo especialmente agradecido para introducir una joya con presencia. \u00abEn este caso, un buen collar o una buena gargantilla suma y aporta much\u00edsimo al look\u00bb, apunta.<\/p>\n","protected":false},"excerpt":{"rendered":"Hace solo unos d\u00edas, Mar Flores disfrutaba de unas vacaciones en Ibiza, donde la ve\u00edamos presumir de espectacular&hellip;\n","protected":false},"author":2,"featured_media":738813,"comment_status":"","ping_status":"","sticky":false,"template":"","format":"standard","meta":{"footnotes":""},"categories":[91],"tags":[1024,146,147,25,24,9892,1023,23],"class_list":["post-738812","post","type-post","status-publish","format-standard","has-post-thumbnail","category-entretenimiento","tag-actualidad-moda","tag-entertainment","tag-entretenimiento","tag-es","tag-espana","tag-mar-flores","tag-moda","tag-spain"],"share_on_mastodon":{"url":"https:\/\/pubeurope.com\/@es\/117185266784855708","error":""},"_links":{"self":[{"href":"https:\/\/www.europesays.com\/es\/wp-json\/wp\/v2\/posts\/738812","targetHints":{"allow":["GET"]}}],"collection":[{"href":"https:\/\/www.europesays.com\/es\/wp-json\/wp\/v2\/posts"}],"about":[{"href":"https:\/\/www.europesays.com\/es\/wp-json\/wp\/v2\/types\/post"}],"author":[{"embeddable":true,"href":"https:\/\/www.europesays.com\/es\/wp-json\/wp\/v2\/users\/2"}],"replies":[{"embeddable":true,"href":"https:\/\/www.europesays.com\/es\/wp-json\/wp\/v2\/comments?post=738812"}],"version-history":[{"count":0,"href":"https:\/\/www.europesays.com\/es\/wp-json\/wp\/v2\/posts\/738812\/revisions"}],"wp:featuredmedia":[{"embeddable":true,"href":"https:\/\/www.europesays.com\/es\/wp-json\/wp\/v2\/media\/738813"}],"wp:attachment":[{"href":"https:\/\/www.europesays.com\/es\/wp-json\/wp\/v2\/media?parent=738812"}],"wp:term":[{"taxonomy":"category","embeddable":true,"href":"https:\/\/www.europesays.com\/es\/wp-json\/wp\/v2\/categories?post=738812"},{"taxonomy":"post_tag","embeddable":true,"href":"https:\/\/www.europesays.com\/es\/wp-json\/wp\/v2\/tags?post=738812"}],"curies":[{"name":"wp","href":"https:\/\/api.w.org\/{rel}","templated":true}]}}