{"id":738838,"date":"2026-08-30T16:11:23","date_gmt":"2026-08-30T16:11:23","guid":{"rendered":"https:\/\/www.europesays.com\/es\/738838\/"},"modified":"2026-08-30T16:11:23","modified_gmt":"2026-08-30T16:11:23","slug":"accept-listado-completo-de-canciones-e-invitados-de-teutonic-titans-1976-2026-con-miembros-de-metallica-judas-priest-pantera-ghost-korn-o-the-smashing-pumpkins","status":"publish","type":"post","link":"https:\/\/www.europesays.com\/es\/738838\/","title":{"rendered":"Accept: Listado completo de canciones e invitados de \u00abTeutonic Titans &#8211; 1976-2026\u00bb, con miembros de Metallica, Judas Priest, Pantera, Ghost, Korn o The Smashing Pumpkins"},"content":{"rendered":"<p>Ya no queda nada. <strong><a href=\"https:\/\/www.acceptteutonicterror.com\" target=\"_blank\" rel=\"noopener nofollow\">Accept<\/a><\/strong>, flamante protagonista del \u00faltimo n\u00famero de La Heavy, <a href=\"https:\/\/mariskalrock.com\/actualidad\/la-heavy-484-ya-a-la-venta-con-accept-en-portada-junto-a-airbourne-kabrones-o-judas-priest\/\" target=\"_blank\" rel=\"noopener nofollow\"><strong>La Heavy 484<\/strong><\/a>, lanzar\u00e1 el pr\u00f3ximo <strong>4 de septiembre<\/strong> <a href=\"https:\/\/mariskalrock.com\/actualidad\/accept-se-une-a-tobias-forge-ghost-frank-bello-anthrax-y-ray-luzier-korn-en-save-us-tercer-adelanto-de-teutonic-titans-1976-2026\/\" target=\"_blank\" rel=\"noopener nofollow\"><strong>&#8216;Teutonic Titans 1976 \u2013 2026&#8217;<\/strong><\/a>, una celebraci\u00f3n de sus <strong>50 a\u00f1os<\/strong> de trayectoria en la que grandes amigos del mundo del rock y del metal se unen para reinterpretar cl\u00e1sicos imperecederos de la formaci\u00f3n germana.<\/p>\n<p>Esta recopilaci\u00f3n de cl\u00e1sicos regrabados ser\u00e1 editada por <a href=\"https:\/\/napalmrecords.com\" target=\"_blank\" rel=\"noopener nofollow\"><strong>Napalm Records<\/strong><\/a> en doble vinilo en distintos acabados como los exclusivos \u201cliquid\u201d y \u201cWhite Label Edition\u201d, doble <strong>CD<\/strong> (con ediciones exclusivas Deluxe y Earbook v\u00eda Napalm) y \u00e1lbum digital. Te recordamos el tracklist\u00a0con los colaboradores. \u00a1No tiene desperdicio!<\/p>\n<ol>\n<li><strong>Fast as a Shark<\/strong> (feat. Phil Anselmo, Kirk Hammett, Billy Sheehan, Mikkey Dee, Harmonie Musik Hindelang)<\/li>\n<li><strong>Balls to the Wall<\/strong> (feat. Rob Halford, Matthias Jabs, Rex Brown, Jason Bowld)<\/li>\n<li><strong>Aiming High<\/strong> (feat. Chuck Billy, Gary Holt, David Ellefson, Christopher Williams)<\/li>\n<li><strong>Run If You Can<\/strong> (feat. Todd La Torre, Ola Englund, Chuck Garric, Roy Mayorga)<\/li>\n<li><strong>Hellhammer<\/strong> (feat. Jason McMaster, Zeuss, Phil Shouse, Christopher Williams)<\/li>\n<li><strong>Metal Heart<\/strong> (feat. Dino Jelusick, Joel Hoekstra, Ava Rebekah Rahman, Jason Bowld)<\/li>\n<li><strong>Losers and Winners<\/strong> (feat. Hansi K\u00fcrsch, Paul Gilbert, Chuck Garric, Tommy Aldridge)<\/li>\n<li><strong>Save Us<\/strong> (feat. Tobias Forge, Frank Bello, Ray Luzier)<\/li>\n<li><strong>Up to the Limit<\/strong> (feat. John Bush, Alex Skolnick, Rudy Sarzo, Shannon Larkin)<\/li>\n<li><strong>Wrong is Right<\/strong> (feat. Ralf Scheepers, John Norum, Ken Mary)<\/li>\n<li><strong>Starlight<\/strong> (feat. Joseph Michael, Phil Demmel, Michael Cartellone)<\/li>\n<li><strong>Fight It Back<\/strong> (feat. Mark Lopes, Bumblefoot, Billy Sheehan, Shawn Drover)<\/li>\n<li><strong>Love Child<\/strong> (feat. Billy Corgan, David Ellefson, Tommy Aldridge)<\/li>\n<li><strong>Breaker<\/strong> (feat. Girish Pradhan, Glen Drover, Shawn Drover, Chuck Garric)<\/li>\n<li><strong>Demon&#8217;s Night<\/strong> (feat. Bobby Blitz, Andy Sneap, David Ellefson, Ray Luzier)<\/li>\n<li><strong>T.V. War<\/strong> (feat. Joe Lynn Turner, Fredrik \u00c5kesson, Rudy Sarzo, Ken Mary)<\/li>\n<li><strong>London Leatherboys<\/strong> (feat. Sebastian Bach, Rex Brown, Shawn Drover)<\/li>\n<li><strong>Monsterman<\/strong> (feat. Jeff Scott Soto, Jeff Loomis, Rudy Sarzo, Michael Cartellone)<\/li>\n<li><strong>Restless and Wild<\/strong> (feat. Chris Jericho, K. K. Downing, Billy Sheehan, Ray Luzier)<\/li>\n<\/ol>\n<p>Has le\u00eddo bien. <strong>Tobias Forge<\/strong>, l\u00edder de <strong>Ghost,<\/strong> interpretar\u00e1 \u00abSave Us\u00bb (&#8216;I\u2019m a Rebel&#8217;, <strong>1980<\/strong>) junto a <strong>Ray Luzier<\/strong> de <strong>Korn<\/strong> en la bater\u00eda; <strong>Phil Anselmo<\/strong> de <strong>Pantera, Kirk Hammett<\/strong> de <strong>Metallica<\/strong> y <strong>Mikkey Dee<\/strong> de <strong>Scorpions<\/strong> y <strong>Mot\u00f6rhead<\/strong> lo dan todo en \u00abFast As A Shark\u00bb (&#8216;Restless and Wild&#8217;, <strong>1982<\/strong>); <strong>Rob Halford<\/strong> de <strong>Judas Priest<\/strong> aporta su impronta en \u00abBalls to the Wall\u00bb, acompa\u00f1ado por la guitarra de <strong>Matthias Jabs<\/strong> de Scorpions, mientras que \u00abLove Child\u00bb (del \u00e1lbum &#8216;Balls to the Wall&#8217;, <strong>1983<\/strong>) re\u00fane nada menos que a <strong>Billy Corgan<\/strong> de <strong>The Smashing Pumpkins<\/strong> y al <strong>ex-Megadeth David Ellefson<\/strong>. \u00a1Casi nada!<\/p>\n<p><strong>Ser\u00e1 por amigos<\/strong>\u2026 Phil Anselmo, Kirk Hammett, Billy Sheehan, Mikkey Dee, Harmonie Musik Hindelang, Rob Halford, Matthias Jabs, Rex Brown, Jason Bowld, Chuck Billy, Gary Holt, David Ellefson, Christopher Williams, Todd La Torre, Ola Englund, Chuck Garric, Roy Mayorga, Jason McMaster, Zeuss, Phil Shouse, Dino Jelusick, Joel Hoekstra, Ava Rebekah Rahman, Hansi K\u00fcrsch, Paul Gilbert, Tommy Aldridge, Tobias Forge, Frank Bello, Ray Luzier, John Bush, Alex Skolnick, Rudy Sarzo, Shannon Larkin, Ralf Scheepers, John Norum, Ken Mary, Joseph Michael, Phil Demmel, Michael Cartellone, Mark Lopes, Bumblefoot, Shawn Drover, Billy Corgan, Girish Pradhan, Glen Drover, Bobby Blitz, Andy Sneap, Joe Lynn Turner, Fredrik \u00c5kesson, Sebastian Bach, Jeff Scott Soto, Jeff Loomis, Chris Jericho y K. K. Downing no han querido perderse esta celebraci\u00f3n: \u201cNo hay mejor manera de celebrar este 50\u00ba aniversario que reuniendo a nuestros colegas, amigos e inspiraciones musicales para grabar estos cl\u00e1sicos de Accept que me honra y enorgullece compartir con el mundo. Espero que todos disfruten de este disco tan especial tanto como nosotros disfrutamos cre\u00e1ndolo\u201d, ha comentado <strong>Wolf Hoffmann<\/strong> sobre el \u00e1lbum.<\/p>\n<p><a data-elementor-open-lightbox=\"yes\" href=\"https:\/\/www.europesays.com\/es\/wp-content\/uploads\/2026\/08\/accept-madrid-valencia-26-cartel.webp\"><img fetchpriority=\"high\" decoding=\"async\" class=\"aligncenter size-full wp-image-390676\" src=\"https:\/\/www.europesays.com\/es\/wp-content\/uploads\/2026\/08\/accept-madrid-valencia-26-cartel.webp\" alt=\"\" width=\"600\" height=\"750\"  \/><\/a><\/p>\n<p>Accept presentar\u00e1 el trabajo y celebrar\u00e1 sus cinco d\u00e9cadas en la carretera con la gira &#8216;Half a Century of Metal\u2026&#8217;, que recalar\u00e1 en Valencia y Madrid en noviembre con <a target=\"_blank\" href=\"https:\/\/www.google.com\/search?q=https:\/\/dynazty.com\" rel=\"nofollow noopener\">Dynazty<\/a> y Tailgunner como artistas invitados. Las entradas\u00a0<a target=\"_blank\" href=\"https:\/\/www.getrock.es\/conciertos\/accept-valencia-2026#tickets\" rel=\"nofollow noopener\"><strong>est\u00e1n a la venta en este enlace<\/strong><\/a>\u00a0para\u00a0<strong>Valencia el 27 de noviembre en el Roig Arena<\/strong>\u00a0y\u00a0<strong><a target=\"_blank\" href=\"https:\/\/www.getrock.es\/conciertos\/accept-madrid-2026#tickets\" rel=\"nofollow noopener\">en este para\u00a0<\/a><a target=\"_blank\" href=\"https:\/\/www.getrock.es\/conciertos\/accept-madrid-2026#tickets\" rel=\"nofollow noopener\">Madrid<\/a>\u00a0el 28 de noviembre en La Nueva Cubierta (Legan\u00e9s).<\/strong><\/p>\n<p><a data-elementor-open-lightbox=\"yes\" href=\"https:\/\/www.europesays.com\/es\/wp-content\/uploads\/2026\/08\/la-heavy-484-portada-1.webp\"><img loading=\"lazy\" decoding=\"async\" class=\"aligncenter size-full wp-image-415909\" src=\"https:\/\/www.europesays.com\/es\/wp-content\/uploads\/2026\/08\/la-heavy-484-portada-1.webp\" alt=\"\" width=\"600\" height=\"867\"  \/><\/a><\/p>\n<p>Y s\u00ed, como ya os hemos adelantado, nos hemos querido sumar a la celebraci\u00f3n de tama\u00f1a efem\u00e9ride llevando a Accept a la portada del n\u00famero 484 de La Heavy. Disponible en los kioscos de todo el pa\u00eds por <strong>5 \u20ac<\/strong> o <a target=\"_blank\" href=\"https:\/\/tienda.mariskalrock.com\/producto\/la-heavy-484-ya-a-la-venta-con-accept-en-portada-junto-a-airbourne-kabrones-o-judas-priest-muy-pronto-en-kioscos\/\" rel=\"nofollow noopener\">en nuestra tienda online por <strong>6 \u20ac<\/strong><\/a>, env\u00edo incluido, podr\u00e9is descubrir una charla irrepetible del mism\u00edsimo Hoffmann con <strong>Mariano Muniesa<\/strong>.<\/p>\n<p><a data-elementor-open-lightbox=\"yes\" href=\"https:\/\/www.europesays.com\/es\/wp-content\/uploads\/2026\/08\/la-heavy-484-fb-700.webp\"><img loading=\"lazy\" decoding=\"async\" class=\"aligncenter size-full wp-image-416258\" src=\"https:\/\/www.europesays.com\/es\/wp-content\/uploads\/2026\/08\/la-heavy-484-fb-700.webp\" alt=\"\" width=\"700\" height=\"394\"  \/><\/a><\/p>\n<p>                         <a target=\"_blank\" href=\"http:\/\/\/\/mariskalrock.com\" class=\"url\" title=\"Redacci\u00f3n\" rel=\"nofollow\"> <img loading=\"lazy\" decoding=\"async\" alt=\"Redacci\u00f3n\" src=\"https:\/\/www.europesays.com\/es\/wp-content\/uploads\/2026\/08\/5ee478bf2a98867b9a8d865f0c52fc8e47eb03788ee7ade55d6bc09765f95669.jpeg\"  class=\"avatar avatar-250 photo\" height=\"250\" width=\"250\"\/><\/a>  <a href=\"http:\/\/\/\/mariskalrock.com\" class=\"url\" target=\"_blank\" title=\"Redacci\u00f3n\" rel=\"nofollow\"><img loading=\"lazy\" decoding=\"async\" alt=\"Redacci\u00f3n\" src=\"https:\/\/www.europesays.com\/es\/wp-content\/uploads\/2026\/08\/5ee478bf2a98867b9a8d865f0c52fc8e47eb03788ee7ade55d6bc09765f95669.jpeg\"  class=\"avatar avatar-250 photo\" height=\"250\" width=\"250\"\/><\/a>\u00daltimas entradas de Redacci\u00f3n (<a target=\"_blank\" href=\"https:\/\/mariskalrock.com\/author\/juanpi\/\" rel=\"nofollow noopener\">ver todo<\/a>)  <\/p>\n","protected":false},"excerpt":{"rendered":"Ya no queda nada. Accept, flamante protagonista del \u00faltimo n\u00famero de La Heavy, La Heavy 484, lanzar\u00e1 el&hellip;\n","protected":false},"author":2,"featured_media":738839,"comment_status":"","ping_status":"","sticky":false,"template":"","format":"standard","meta":{"footnotes":""},"categories":[170],"tags":[62055,75241,131146,131147,119530,33039,131148,103820,94057,131149,131150,75242,131151,29080,131152,45125,146,147,25,24,109479,131153,106043,75131,30175,131154,91158,131155,103821,131156,131157,119531,131158,85542,73352,103822,69622,131159,51424,131160,100153,131161,55597,42851,55986,131162,55990,131163,70728,131164,64821,4622,184,185,57275,106044,62675,103824,131165,131166,79893,131167,131168,105205,43200,131169,131170,131171,77095,117595,106045,23,43224,33042,131172,131173,131174,87397,131175],"class_list":["post-738838","post","type-post","status-publish","format-standard","has-post-thumbnail","category-musica","tag-accept","tag-alex-skolnick","tag-andy-sneap","tag-ava-rebekah-rahman","tag-balls-to-the-wall","tag-billy-corgan","tag-billy-sheehan","tag-bobby-blitz","tag-bumblefoot","tag-chris-jericho","tag-christopher-williams","tag-chuck-billy","tag-chuck-garric","tag-david-ellefson","tag-dino-jelusick","tag-dynazty","tag-entertainment","tag-entretenimiento","tag-es","tag-espana","tag-fast-as-a-shark","tag-frank-bello","tag-fredrik-akesson","tag-gary-holt","tag-ghost","tag-girish-pradhan","tag-glen-drover","tag-half-a-century-of-metal","tag-hansi-kursch","tag-harmonie-musik-hindelang","tag-im-a-rebel","tag-jason-bowld","tag-jason-mcmaster","tag-jeff-loomis","tag-jeff-scott-soto","tag-joe-lynn-turner","tag-joel-hoekstra","tag-john-bush","tag-john-norum","tag-joseph-michael","tag-k-k-downing","tag-ken-mary","tag-kirk-hammett","tag-korn","tag-la-heavy","tag-love-child","tag-mariano-muniesa","tag-mark-lopes","tag-matthias-jabs","tag-michael-cartellone","tag-mikkey-dee","tag-mr2022","tag-music","tag-musica","tag-napalm-records","tag-ola-englund","tag-paul-gilbert","tag-phil-anselmo","tag-phil-demmel","tag-phil-shouse","tag-ralf-scheepers","tag-ray-luzier","tag-restless-and-wild","tag-rex-brown","tag-rob-halford","tag-roy-mayorga","tag-rudy-sarzo","tag-save-us","tag-sebastian-bach","tag-shannon-larkin","tag-shawn-drover","tag-spain","tag-tailgunner","tag-the-smashing-pumpkins","tag-tobias-forge","tag-todd-la-torre","tag-tommy-aldridge","tag-wolf-hoffmann","tag-zeuss"],"share_on_mastodon":{"url":"","error":"Validation failed: Text character limit of 500 exceeded"},"_links":{"self":[{"href":"https:\/\/www.europesays.com\/es\/wp-json\/wp\/v2\/posts\/738838","targetHints":{"allow":["GET"]}}],"collection":[{"href":"https:\/\/www.europesays.com\/es\/wp-json\/wp\/v2\/posts"}],"about":[{"href":"https:\/\/www.europesays.com\/es\/wp-json\/wp\/v2\/types\/post"}],"author":[{"embeddable":true,"href":"https:\/\/www.europesays.com\/es\/wp-json\/wp\/v2\/users\/2"}],"replies":[{"embeddable":true,"href":"https:\/\/www.europesays.com\/es\/wp-json\/wp\/v2\/comments?post=738838"}],"version-history":[{"count":0,"href":"https:\/\/www.europesays.com\/es\/wp-json\/wp\/v2\/posts\/738838\/revisions"}],"wp:featuredmedia":[{"embeddable":true,"href":"https:\/\/www.europesays.com\/es\/wp-json\/wp\/v2\/media\/738839"}],"wp:attachment":[{"href":"https:\/\/www.europesays.com\/es\/wp-json\/wp\/v2\/media?parent=738838"}],"wp:term":[{"taxonomy":"category","embeddable":true,"href":"https:\/\/www.europesays.com\/es\/wp-json\/wp\/v2\/categories?post=738838"},{"taxonomy":"post_tag","embeddable":true,"href":"https:\/\/www.europesays.com\/es\/wp-json\/wp\/v2\/tags?post=738838"}],"curies":[{"name":"wp","href":"https:\/\/api.w.org\/{rel}","templated":true}]}}