{"id":738840,"date":"2026-08-30T16:13:12","date_gmt":"2026-08-30T16:13:12","guid":{"rendered":"https:\/\/www.europesays.com\/es\/738840\/"},"modified":"2026-08-30T16:13:12","modified_gmt":"2026-08-30T16:13:12","slug":"real-madrid-malaga-en-directo-mourinho-introduce-cinco-cambios-en-el-once-el-pais","status":"publish","type":"post","link":"https:\/\/www.europesays.com\/es\/738840\/","title":{"rendered":"Real Madrid &#8211; M\u00e1laga en directo | Mourinho introduce cinco cambios en el once &#8211; EL PA\u00cdS"},"content":{"rendered":"<ol>\n<li><a href=\"https:\/\/news.google.com\/rss\/articles\/CBMirwFBVV95cUxON3NFSV9DMEhjTWtlandFVWhETU9NOC1NazdVc0dabEdpV2hwZEM4OGxfeERQZUFQblZqcTBHTm1oUXplYUJSTEVCMmdOWkFMMW5BUTR2LU81R2RMdXRrdXU2S0NtX1hZMFdRTU9HYTh0R3phTC14c2t3Yl8tblBheWhPLW5wUmRBcTQ1anVQQ1dFVlB5WUQxamY1d3lnUDF6UVdxQlQtcjVzbHJVOGxz0gHDAUFVX3lxTE9SelNVM3ByNGpiNGdfME1kYU52RklXZHlDYU5ublFySjJqWTYtTk1rdVFsWm5rck8zbE9jaWRwbXRTdEFPcWlIOXFKaHZhMmlqdHRUNWU2SWxUUHFvZmdWSnVDdW1xWW43MTlqSlMyZXJvVXBfWG5sb2VhZDNXdF9kdm1oQTFHajZXUUVPaTVtZno0b3FMajhJMGExUnJhNjBfaDFYTjBfOS1NRDNGUS0xY2xEaFBBcnhVWURrZXVaa1BnQQ?oc=5\" target=\"_blank\" rel=\"nofollow noopener\">Real Madrid &#8211; M\u00e1laga en directo | Mourinho introduce cinco cambios en el once<\/a>&nbsp;&nbsp;EL PA\u00cdS<\/li>\n<li><a href=\"https:\/\/news.google.com\/rss\/articles\/CBMitAFBVV95cUxPdFRnOXlpZmc0OVlQNFhST2ItQjN2aTBxbnFrVzRMMk51NENaUkZHX0FNVjNXWG9FM1dhV2lyaE55Mzh4azY0dENKWkEzQ2hHQi1EbjVqUWNWbUhSdC12WExPcndtX2hZcFVzZGgwNUUtWGl4T1dhbUpKbVFBNHhuWkF0TFpraWRGRmlGSUhBS1gzczVXVmYteWY1cFBQNkNCcl8yVTNGb3ZvaU0zSFVpeVJlTXbSAcgBQVVfeXFMTkVldDhSazBiaFp2VGdHXzNSMlhONENCWGtDakIxTkRqaDhHMzl5ekp5LXZYX3V3LXZsaW1CY3llMFVtU21BVkNzcnhGOHhhY0UtbkJ1Yzk3MTNUMVZ2MEZkREtqM05SemJlaUdtNjRINEFpV3BCaWY0RFFQUHhxdm5kWWZmRDFLTDBUamRGbFVUZW9kY0JtSm1Bcmg3SkRIUjRYOEhTeHBPa2xjZkk3amlDZ3VEZ1IwQnZMWHAxRmMxRm9MQnY1b2M?oc=5\" target=\"_blank\" rel=\"nofollow noopener\">Real Madrid &#8211; M\u00e1laga, en directo: partido de LaLiga EA Sports hoy, \u00faltima hora en vivo<\/a>&nbsp;&nbsp;Diario AS<\/li>\n<li><a href=\"https:\/\/news.google.com\/rss\/articles\/CBMilgFBVV95cUxQNVk2WlQ2d0hpNF9GcUZVVl9JZ3pHMXVtOXZBR1dldTNKX2ZiWTM0OGMtd2V4endncmEyclkzcXBJMWxBaTFTcW9YajlfX2cxQURIaDZGNmg0RUpfUDBBdURyMjdieDNicWI4NmIyUmJ4UzVTSEpuWklZZkhPeDVrQmpYdGZ6RFNTRVp0bHVBRGViMW53SUE?oc=5\" target=\"_blank\" rel=\"nofollow noopener\">Las mejores im\u00e1genes del Real Madrid-M\u00e1laga<\/a>&nbsp;&nbsp;Diario Sur<\/li>\n<li><a href=\"https:\/\/news.google.com\/rss\/articles\/CBMiqgFBVV95cUxQSGhGUWpmWW9sbE9RNUxYT0M3U2xJTW8ycEpyN2ZKbkIxel9iTmRXVWVEOU4wOUdTUlZKZW5ER19UNHd1ckd4NWxSdmlaVklBbHlWVEJxQVhnVnFRb3JKTVVfVFFOUGF5REpUbHFSOTZLX25rOE1mYzhUV1BKd3hUVzZjZUhHQVpmRFJBSWJlLXRudFZqb0NxTVBXNFd6U210WlJ5NmQxYUdOdw?oc=5\" target=\"_blank\" rel=\"nofollow noopener\">Real Madrid &#8211; M\u00e1laga, en directo hoy el partido de la jornada 3 de Liga<\/a>&nbsp;&nbsp;RTVE.es<\/li>\n<li><a href=\"https:\/\/news.google.com\/rss\/articles\/CBMirwFBVV95cUxNT2ExXzd3RnVvajNOZm1RUWFwMVR4RnYwOXFDQVpyek5CaXpkZ2FkVC1hR0lzdExIdEdTUXVzLWcxdUNTb2RlSlp3T3pFTlJvZ2NQWWdIVGhRREZGcWI0alQ2VENIVmNaRzVDeXBjaDVPM0M4TEVkV01TV3dvWXRMQzl5cHNuUjYyLWpITGhQVHZlMjFUN0lTN0VnWTBLdGpZOXlseU9ab1IwaVZ3VUhJ0gGvAUFVX3lxTE1QU1lHT3B3Nm5fQ2NXWHJvd29rNTU0alRQV3FJM3U1blhWeFg0OGJKb3NxTjdoYVlPWk1pS3k5TTZNOWV0a25Hb2RKeWF6SUV4TklFUW5MaFI0cWFxbzZxV0JPWTFxR251aWl0aXhHVDc3TEdMX1RSaENpZWkyZDJ1R1gzYkZUeFdQcml5U1BRdHozcHQwN0dEUmFZcmkzU21iQk84VFdVTi1NWjhUeG8?oc=5\" target=\"_blank\" rel=\"nofollow noopener\">Real Madrid &#8211; M\u00e1laga en directo: tercero de Mbapp\u00e9 | \u00daltima hora de LALIGA EA Sports hoy en vivo<\/a>&nbsp;&nbsp;MARCA<\/li>\n<\/ol>\n","protected":false},"excerpt":{"rendered":"Real Madrid &#8211; M\u00e1laga en directo | Mourinho introduce cinco cambios en el once&nbsp;&nbsp;EL PA\u00cdS Real Madrid &#8211;&hellip;\n","protected":false},"author":2,"featured_media":738841,"comment_status":"","ping_status":"","sticky":false,"template":"","format":"standard","meta":{"footnotes":""},"categories":[93],"tags":[1540,168,927,1539,25,24,24865,282,1538,30526,131176,1210,1963,1945,3048,23,167],"class_list":["post-738840","post","type-post","status-publish","format-standard","has-post-thumbnail","category-deportes","tag-competiciones","tag-deportes","tag-deportistas","tag-entrenadores","tag-es","tag-espana","tag-estadio-santiago-bernabeu","tag-futbol","tag-futbolistas","tag-jose-mourinho","tag-juan-funes","tag-laliga-ea-sports","tag-malaga-cf","tag-primera-division","tag-real-madrid","tag-spain","tag-sports"],"share_on_mastodon":{"url":"","error":""},"_links":{"self":[{"href":"https:\/\/www.europesays.com\/es\/wp-json\/wp\/v2\/posts\/738840","targetHints":{"allow":["GET"]}}],"collection":[{"href":"https:\/\/www.europesays.com\/es\/wp-json\/wp\/v2\/posts"}],"about":[{"href":"https:\/\/www.europesays.com\/es\/wp-json\/wp\/v2\/types\/post"}],"author":[{"embeddable":true,"href":"https:\/\/www.europesays.com\/es\/wp-json\/wp\/v2\/users\/2"}],"replies":[{"embeddable":true,"href":"https:\/\/www.europesays.com\/es\/wp-json\/wp\/v2\/comments?post=738840"}],"version-history":[{"count":0,"href":"https:\/\/www.europesays.com\/es\/wp-json\/wp\/v2\/posts\/738840\/revisions"}],"wp:featuredmedia":[{"embeddable":true,"href":"https:\/\/www.europesays.com\/es\/wp-json\/wp\/v2\/media\/738841"}],"wp:attachment":[{"href":"https:\/\/www.europesays.com\/es\/wp-json\/wp\/v2\/media?parent=738840"}],"wp:term":[{"taxonomy":"category","embeddable":true,"href":"https:\/\/www.europesays.com\/es\/wp-json\/wp\/v2\/categories?post=738840"},{"taxonomy":"post_tag","embeddable":true,"href":"https:\/\/www.europesays.com\/es\/wp-json\/wp\/v2\/tags?post=738840"}],"curies":[{"name":"wp","href":"https:\/\/api.w.org\/{rel}","templated":true}]}}