{"id":738854,"date":"2026-08-30T16:20:35","date_gmt":"2026-08-30T16:20:35","guid":{"rendered":"https:\/\/www.europesays.com\/es\/738854\/"},"modified":"2026-08-30T16:20:35","modified_gmt":"2026-08-30T16:20:35","slug":"gabriel-jesus-fichaje-sorpresa-del-barca-para-el-9","status":"publish","type":"post","link":"https:\/\/www.europesays.com\/es\/738854\/","title":{"rendered":"\u00a1Gabriel Jesus, fichaje sorpresa del Bar\u00e7a para el &#8216;9&#8217;!"},"content":{"rendered":"<p class=\"ft-text\"><strong>El Bar\u00e7a ya tiene \u20189\u2019<\/strong>. El<strong> <\/strong><a class=\"ft-link ft-link--decoration\" href=\"https:\/\/www.sport.es\/es\/noticias\/barca\/arsenal-piensa-rashford-alternativa-julian-133755106\" rel=\"nofollow noopener\" target=\"_blank\">club blaugrana, seg\u00fan pudo confirmar SPORT, ha alcanzado un acuerdo con el Arsenal para el fichaje de Gabriel Jesus (29 a\u00f1os). <\/a>El traspaso est\u00e1 cerrado y el delantero brasile\u00f1o se convertir\u00e1 en nuevo jugador del Bar\u00e7a a falta de superar el reconocimiento m\u00e9dico. Firmar\u00e1 por dos a\u00f1os, hasta 2028, m\u00e1s uno opcional.<\/p>\n<p class=\"ft-text\">El examen est\u00e1 programado para este lunes por la tarde en la Ciutat Esportiva y el futbolista viajar\u00e1 a Barcelona despu\u00e9s de recibir la autorizaci\u00f3n del Arsenal para desplazarse y completar los tr\u00e1mites de la operaci\u00f3n. <strong>El Arsenal recibir\u00e1 un paquete de 10 millones de euros m\u00e1s variables por el traspaso definitivo del atacante brasile\u00f1o.<\/strong> Una operaci\u00f3n que el Bar\u00e7a, que ha visto en \u00e9l una oportunidad \u00fanica de mercado, ha acelerado en las \u00faltimas horas para resolver la necesidad de incorporar un delantero centro antes del cierre de la ventana de fichajes, en una noticia adelantada por MD y Fabrizio Romano.<\/p>\n<p class=\"ft-text\">Gabriel Jesus llega despu\u00e9s de que <strong>el club blaugrana haya tenido a Juli\u00e1n \u00c1lvarez como gran objetivo para reforzar la posici\u00f3n. <\/strong>La negativa del Atl\u00e9tico de Madrid a negociar la salida del argentino oblig\u00f3 al Bar\u00e7a a explorar alternativas y las conversaciones con el Arsenal han terminado fructificando a contrarreloj, aunque fuentes del club blaugrana apuntan que se trata de dos operaciones independientes y que la llegada del brasile\u00f1o no cierra la puerta del todo al posible fichaje del delantero colchonero.<\/p>\n<p>Un &#8216;9&#8217; para el proyecto 3.0 de Flick<\/p>\n<p class=\"ft-text\">El<strong> brasile\u00f1o aterriza en el proyecto de Hansi Flick para aportar experiencia, movilidad y capacidad goleadora en la posici\u00f3n de \u20189\u2019.<\/strong> Raphinha hab\u00eda ejercido como delantero centro en los dos primeros partidos de Liga, pero el Bar\u00e7a ya tiene una soluci\u00f3n espec\u00edfica para la punta de ataque.<\/p>\n<p class=\"ft-text\">Si supera el reconocimiento m\u00e9dico de este lunes, Gabriel Jesus podr\u00e1 completar su llegada al club blaugrana en las \u00faltimas horas de <strong>un mercado marcado por la b\u00fasqueda de los sustitutos de Lewandowski y Ferran Torres<\/strong>, autores entre los dos de 40 goles la temporada pasada en el Bar\u00e7a.<\/p>\n<p><img decoding=\"async\" src=\"https:\/\/www.europesays.com\/es\/wp-content\/uploads\/2026\/08\/dd7f3eaf-6d75-4954-9f3d-355373b174b2_alta-libre-aspect-ratio_default_0.jpg\" width=\"1200\" height=\"675\" alt=\"Gabriel Jes\u00fas, en su llegada al Arsenal\" class=\"ft-helper-img-rd\" loading=\"lazy\" fetchpriority=\"auto\"\/><\/p>\n<p class=\"ft-helper-fontColor-quaternary ft-helper-fontSize-body-S ft-helper-spacer-t-xxs\">Gabriel Jesus cierra una etapa de 4 a\u00f1os en el Arsenal  \/ Neil Hall<\/p>\n<p>Delantero contrastado marcado por las lesiones<\/p>\n<p class=\"ft-text\">Gabriel Jesus <strong>lleg\u00f3 a la Premier League procedente del Palmeiras en enero de 2017 de la mano del Manchester City<\/strong> y se convirti\u00f3 en uno de los delanteros de confianza de Pep Guardiola. En sus cinco temporadas y media en el Etihad disput\u00f3 <strong>236 partidos, marc\u00f3 95 goles y conquist\u00f3 cuatro Premier League, adem\u00e1s de cuatro Copas de la Liga, dos Community Shiels y una FA Cup.<\/strong> Su versatilidad para jugar como delantero centro o caer a cualquiera de las bandas fue una de sus principales virtudes. Con el City, <strong>su temporada m\u00e1s goleadora fue la 19\/20 con 23 tantos en todas las comepticiones. <\/strong><\/p>\n<p class=\"ft-text\">En 2022 dio el salto <strong>al Arsenal, que pag\u00f3 45 millones de libras por su fichaje. <\/strong>Su etapa en Londres, sin embargo, ha estado condicionada por las lesiones. Ya en sus primeros a\u00f1os en Inglaterra sufri\u00f3 problemas importantes, pero en enero de 2025 se rompi\u00f3 el ligamento cruzado anterior de la rodilla izquierda, su lesi\u00f3n m\u00e1s importante. En total, seg\u00fan datos de Transfermarkt, el brasile\u00f1o se ha perdido en cuatro a\u00f1os un total de 75 partidos por distintos percances f\u00edsicos. No obstante, <strong>cierra su etapa en el Emirates con 32 goles en 123 partidos oficiales, para un total de 3 t\u00edtulos (una Premier y dos Community).<\/strong><\/p>\n<p class=\"ft-text\">La competencia en la posici\u00f3n de delantero centro en el Arsenal tambi\u00e9n ha sido un factor clave. Tras<strong> la llegada de Viktor Gy\u00f6keres la temporada pasada y con Kai Havertz como otra alternativa para la posici\u00f3n de delantero, el protagonismo de Jesus se ha reducido<\/strong>. De hecho, Arteta reconoci\u00f3 recientemente que su futuro estaba entre las decisiones que el Arsenal deb\u00eda tomar para ajustar una plantilla sobredimensionada. Una situaci\u00f3n \u00fanica de mercado que, teniendo en cuenta el precio de salida del jugador y las necesidades del Bar\u00e7a, Deco no pod\u00eda dejar escapar.<\/p>\n","protected":false},"excerpt":{"rendered":"El Bar\u00e7a ya tiene \u20189\u2019. El club blaugrana, seg\u00fan pudo confirmar SPORT, ha alcanzado un acuerdo con el&hellip;\n","protected":false},"author":2,"featured_media":738855,"comment_status":"","ping_status":"","sticky":false,"template":"","format":"standard","meta":{"footnotes":""},"categories":[5],"tags":[2296,17,18,25,24,13,14,557,70034,35871,11,5782,19,20,9,10,15,16,5785,23,12,21,22],"class_list":["post-738854","post","type-post","status-publish","format-standard","has-post-thumbnail","category-titulares","tag-barca","tag-breaking-news","tag-breakingnews","tag-es","tag-espana","tag-featured-news","tag-featurednews","tag-fichaje","tag-fichajes-fc-barcelona","tag-gabriel","tag-headlines","tag-jesus","tag-latest-news","tag-latestnews","tag-news","tag-noticias","tag-noticias-destacadas","tag-noticiasdestacadas","tag-sorpresa","tag-spain","tag-titulares","tag-ultimas-noticias","tag-ultimasnoticias"],"share_on_mastodon":{"url":"https:\/\/pubeurope.com\/@es\/117185376343084204","error":""},"_links":{"self":[{"href":"https:\/\/www.europesays.com\/es\/wp-json\/wp\/v2\/posts\/738854","targetHints":{"allow":["GET"]}}],"collection":[{"href":"https:\/\/www.europesays.com\/es\/wp-json\/wp\/v2\/posts"}],"about":[{"href":"https:\/\/www.europesays.com\/es\/wp-json\/wp\/v2\/types\/post"}],"author":[{"embeddable":true,"href":"https:\/\/www.europesays.com\/es\/wp-json\/wp\/v2\/users\/2"}],"replies":[{"embeddable":true,"href":"https:\/\/www.europesays.com\/es\/wp-json\/wp\/v2\/comments?post=738854"}],"version-history":[{"count":0,"href":"https:\/\/www.europesays.com\/es\/wp-json\/wp\/v2\/posts\/738854\/revisions"}],"wp:featuredmedia":[{"embeddable":true,"href":"https:\/\/www.europesays.com\/es\/wp-json\/wp\/v2\/media\/738855"}],"wp:attachment":[{"href":"https:\/\/www.europesays.com\/es\/wp-json\/wp\/v2\/media?parent=738854"}],"wp:term":[{"taxonomy":"category","embeddable":true,"href":"https:\/\/www.europesays.com\/es\/wp-json\/wp\/v2\/categories?post=738854"},{"taxonomy":"post_tag","embeddable":true,"href":"https:\/\/www.europesays.com\/es\/wp-json\/wp\/v2\/tags?post=738854"}],"curies":[{"name":"wp","href":"https:\/\/api.w.org\/{rel}","templated":true}]}}