{"id":738870,"date":"2026-08-30T16:36:18","date_gmt":"2026-08-30T16:36:18","guid":{"rendered":"https:\/\/www.europesays.com\/es\/738870\/"},"modified":"2026-08-30T16:36:18","modified_gmt":"2026-08-30T16:36:18","slug":"jon-favreau-ya-ha-interpretado-tres-personajes-en-star-wars-pero-solo-dara-la-cara-cuando-llegue-el-adecuado","status":"publish","type":"post","link":"https:\/\/www.europesays.com\/es\/738870\/","title":{"rendered":"Jon Favreau ya ha interpretado tres personajes en Star Wars, pero \u00absolo dar\u00e1 la cara\u00bb cuando llegue el adecuado"},"content":{"rendered":"<p class=\"c-paragraph\">No cabe duda de que ser director en una pel\u00edcula de <a href=\"https:\/\/www.hobbyconsolas.com\/reportajes\/star-wars-peliculas-series-saga-george-lucas-orden-cronologico-hitos-futuro-1398432\" rel=\"nofollow noopener\" target=\"_blank\">Star Wars<\/a> es como un ticket para hacer un cameo, \u00bfno? Ni siquiera el propio <b>George Lucas<\/b> se resisti\u00f3 a aparecer en sus pel\u00edculas. <b>Dave Filoni y Jon Favreau<\/b> tampoco, aunque este \u00faltimo se ha decantado hasta el momento por los papeles de voz.<\/p>\n<p class=\"c-paragraph\">Ahora que <a href=\"https:\/\/www.hobbyconsolas.com\/hobbycine\/critica-the-mandalorian-and-grogu-una-pequena-historia-star-wars-contada-un-modo-muy-grande_6970824_0.html\" rel=\"nofollow noopener\" target=\"_blank\">The Mandalorian and Grogu<\/a> est\u00e1 a punto de aterrizar en <a href=\"https:\/\/www.hobbyconsolas.com\/reportajes\/disney-plus-espana-planes-precio-compartir-cuenta-catalogo-1163416\" rel=\"nofollow noopener\" target=\"_blank\">Disney+<\/a>, recuperamos una de las preguntas que pudimos hacerle al director y creador de <a href=\"https:\/\/www.hobbyconsolas.com\/reviews\/critica-mandalorian-temporada-1-serie-disney-star-wars-596525\" rel=\"nofollow noopener\" target=\"_blank\">The Mandalorian<\/a> cuando visit\u00f3 Madrid la pasada primavera.\u00a0<\/p>\n<p>Disney Plus desde 6,99\u20ac al mes<\/p>\n<p><img decoding=\"async\" loading=\"lazy\" alt=\"Disney Plus+\" width=\"640\" height=\"989\" src=\"https:\/\/www.europesays.com\/es\/wp-content\/uploads\/2026\/08\/1788107778_904_691acc4e9a446.png\"\/><\/p>\n<p class=\"c-passport__description\">Esta plataforma cuenta con uno de los mayores y m\u00e1s variados cat\u00e1logos del mundo del streaming, con cl\u00e1sicos y estrenos constantes.<\/p>\n<p class=\"c-paragraph\">Hasta la fecha, Jon Favreau tiene tres personajes en Star Wars con su voz. Primero fue <b>Pre Vizsla<\/b>, el villano mandaloriano que tanta guerra dio en <a href=\"https:\/\/www.hobbyconsolas.com\/reviews\/critica-clone-wars-temporada-7-final-serie-star-wars-633473\" rel=\"nofollow noopener\" target=\"_blank\">The Clone Wars<\/a>. Luego fue\u00a0<b>Rio Durant<\/b>, el piloto\u00a0ardenniano de la banda de\u00a0Tobias Beckett en <a href=\"https:\/\/www.hobbyconsolas.com\/reviews\/critica-han-solo-historia-star-wars-segundo-spin-250548\" rel=\"nofollow noopener\" target=\"_blank\">Han Solo: Una historia de Star Wars<\/a>. Finalmente, volvi\u00f3 a ponerse el apellido Vizsla en The Mandalorian, como <b>Paz Vizsla<\/b>.<\/p>\n<p class=\"c-paragraph\">Eso s\u00ed, aunque la serie de Disney+ es en acci\u00f3n real, bajo la pesada armadura de beskar estaba\u00a0<b>Tait Fletcher<\/b>. Jon Favreau se limit\u00f3 a prestar voz al personaje.<\/p>\n<p>Jon Favreau tiene muy claro qu\u00e9 tipo de personaje de Star Wars quiere interpretar en pantalla<\/p>\n<p class=\"c-paragraph\">Cuando Favreau visit\u00f3 Madrid, le preguntamos si no estar\u00eda interesado en unirse al \u00abEscuadr\u00f3n de Directores\u00bb, los pilotos de Ala-X cuyo grupo incluye a\u00a0<b>Trapper Wolf<\/b> (Dave Filoni),\u00a0<b>Jib Dodger<\/b> (Rick Famuyiwa) o\u00a0<b>Sash Ketter<\/b> (Deborah Chow). Filoni y\u00a0Famuyiwa aparecen de nuevo en The Mandalorian and Grogu en sus respectivos papeles.<\/p>\n<p class=\"c-paragraph\">Sin embargo, Jon Favreau no est\u00e1 interesado en ponerse a los mandos de un caza estelar Ala-X y dejar que su rostro se asocie con un piloto. En realidad, su plan para \u00abdar la cara\u00bb en Star Wars pasa por otro tipo de personaje:<\/p>\n<p class=\"c-paragraph\">\u00abNo me planteo unirme a ellos, no. Estoy reservando mi cara para interpretar a un personaje que mole m\u00e1s: un jedi, y poder llevar sable de luz. Todos quieren llevar sable de luz\u00bb.<\/p>\n<p class=\"c-paragraph\">Teniendo en cuenta el bagaje como actor de Jon Favreau, tiene ocasi\u00f3n de interpretar a un personaje con mucha m\u00e1s presencia en cualquier pel\u00edcula y serie de Star Wars. Solo con sus muchos a\u00f1os interpretando a <b>Happy Hogan<\/b> en el <a href=\"https:\/\/www.hobbyconsolas.com\/reportajes\/universo-cinematografico-marvel-origen-fases-futuro-orden-ver-series-peliculas-ucm-2025-1208290\" rel=\"nofollow noopener\" target=\"_blank\">Universo Cinematogr\u00e1fico de Marvel<\/a> ha demostrado que puede dar juego.<\/p>\n<p class=\"c-paragraph\">Pero no queda m\u00e1s remedio que esperar a que el bueno de Jon decida vestir la t\u00fanica jedi y blandir el sable de luz para proteger la galaxia del lado oscuro. Mientras, recuerda que <b>The Mandalorian and Grogu llega a Disney+ este mi\u00e9rcoles 2 de septiembre<\/b>, para que la vuelta al cole o al curro sea m\u00e1s llevadera gracias al peque\u00f1o Baby Yoda y sus caranto\u00f1as.<\/p>\n","protected":false},"excerpt":{"rendered":"No cabe duda de que ser director en una pel\u00edcula de Star Wars es como un ticket para&hellip;\n","protected":false},"author":2,"featured_media":738871,"comment_status":"","ping_status":"","sticky":false,"template":"","format":"standard","meta":{"footnotes":""},"categories":[169],"tags":[177,146,147,25,24,103665,176,1080,87233,2650,175,23,3352],"class_list":["post-738870","post","type-post","status-publish","format-standard","has-post-thumbnail","category-cine","tag-cine","tag-entertainment","tag-entretenimiento","tag-es","tag-espana","tag-favreau","tag-film","tag-ha","tag-interpretado","tag-jon","tag-movies","tag-spain","tag-ya"],"share_on_mastodon":{"url":"https:\/\/pubeurope.com\/@es\/117185439441086921","error":""},"_links":{"self":[{"href":"https:\/\/www.europesays.com\/es\/wp-json\/wp\/v2\/posts\/738870","targetHints":{"allow":["GET"]}}],"collection":[{"href":"https:\/\/www.europesays.com\/es\/wp-json\/wp\/v2\/posts"}],"about":[{"href":"https:\/\/www.europesays.com\/es\/wp-json\/wp\/v2\/types\/post"}],"author":[{"embeddable":true,"href":"https:\/\/www.europesays.com\/es\/wp-json\/wp\/v2\/users\/2"}],"replies":[{"embeddable":true,"href":"https:\/\/www.europesays.com\/es\/wp-json\/wp\/v2\/comments?post=738870"}],"version-history":[{"count":0,"href":"https:\/\/www.europesays.com\/es\/wp-json\/wp\/v2\/posts\/738870\/revisions"}],"wp:featuredmedia":[{"embeddable":true,"href":"https:\/\/www.europesays.com\/es\/wp-json\/wp\/v2\/media\/738871"}],"wp:attachment":[{"href":"https:\/\/www.europesays.com\/es\/wp-json\/wp\/v2\/media?parent=738870"}],"wp:term":[{"taxonomy":"category","embeddable":true,"href":"https:\/\/www.europesays.com\/es\/wp-json\/wp\/v2\/categories?post=738870"},{"taxonomy":"post_tag","embeddable":true,"href":"https:\/\/www.europesays.com\/es\/wp-json\/wp\/v2\/tags?post=738870"}],"curies":[{"name":"wp","href":"https:\/\/api.w.org\/{rel}","templated":true}]}}