{"id":738890,"date":"2026-08-30T16:52:15","date_gmt":"2026-08-30T16:52:15","guid":{"rendered":"https:\/\/www.europesays.com\/es\/738890\/"},"modified":"2026-08-30T16:52:15","modified_gmt":"2026-08-30T16:52:15","slug":"valencia-basket-lalqueria-suma-14-medallas-con-las-selecciones-espanolas","status":"publish","type":"post","link":"https:\/\/www.europesays.com\/es\/738890\/","title":{"rendered":"Valencia Basket: L&#8217;Alqueria suma 14 medallas con las selecciones espa\u00f1olas"},"content":{"rendered":"<p class=\"ft-text\">L\u2019Alqueria del Basket ha cerrado un verano de ensue\u00f1o con la participaci\u00f3n de sus jugadores con la selecci\u00f3n espa\u00f1ola en competiciones oficiales. <a class=\"ft-link ft-link--decoration\" href=\"https:\/\/www.superdeporte.es\/baloncesto\/2026\/08\/23\/oro-europeo-casa-cuatro-perlas-valencia-basket-femenino-eurobasket-133591674.html\" rel=\"nofollow noopener\" target=\"_blank\">Un total de 14 medallas conseguidas entre Eurobasket y Mundial<\/a>, que se distribuyen en <strong>seis oros, cuatro platas y cuatro bronces<\/strong>. Un reflejo del gran trabajo que se est\u00e1 realizando desde la base en Valencia Basket, llevando el sello de L\u2019Alqueria a lo m\u00e1s alto. Adem\u00e1s, algunas medallas han llegado tambi\u00e9n con reconocimientos individuales.<\/p>\n<p class=\"ft-text\"><strong>El verano arrancaba con la celebraci\u00f3n del Eurobasket U20F con Rub\u00e9n Burgos como seleccionador, que se colgaba la medalla de bronce<\/strong> y daba el pistoletazo de salida a lo que vendr\u00eda. Al t\u00e9cnico taronja le segu\u00eda Alex Blanco en el Eurobasket U20M, que tambi\u00e9n tocaba metal con otro bronce.<\/p>\n<p>Plata hist\u00f3rica y quinteto ideal<\/p>\n<p class=\"ft-text\">A continuaci\u00f3n, llegaba el <a class=\"ft-link ft-link--decoration\" href=\"https:\/\/www.superdeporte.es\/valencia-basket\/2026\/07\/17\/brutal-exhibicion-taronja-isa-hernandez-amelia-alonso-valencia-basket-132563560.html\" rel=\"nofollow noopener\" target=\"_blank\">Mundial U17F con Isabel Hern\u00e1ndez, Amelia Alonso, Sandra D\u00e1vila y Sarai Teijeira<\/a>. Espa\u00f1a complet\u00f3 un gran torneo con un tercio de las jugadoras del Valencia Basket y realiz\u00f3 una excelsa final ante Estados Unidos, aunque en el \u00faltimo minuto se escap\u00f3. Cuatro medallas de plata con el sello de L\u2019Alqueria y, adem\u00e1s, Hern\u00e1ndez fue incluida en el quinteto ideal.<\/p>\n<p><img decoding=\"async\" src=\"https:\/\/www.europesays.com\/es\/wp-content\/uploads\/2026\/08\/f0c6df55-0d5a-433b-a152-380d0bd9313b_alta-libre-aspect-ratio_default_0_x349y290.jpg\" width=\"1200\" height=\"1496\" alt=\"Las 14 medallas con sello taronja en el verano de las selecciones espa\u00f1olas.\" class=\"ft-helper-img-rd\" loading=\"lazy\" fetchpriority=\"auto\"\/><\/p>\n<p class=\"ft-helper-fontColor-quaternary ft-helper-fontSize-body-S ft-helper-spacer-t-xxs\">Las 14 medallas con sello taronja en el verano de las selecciones espa\u00f1olas.  \/ VBC<\/p>\n<p class=\"ft-text\"><strong>Las siguientes alegr\u00edas las trajeron Gabriela Lerma y Sarai Teijeira en el Eurobasket U18F<\/strong>, junto con la extaronja Marta Llompart. Un torneo impecable sellado con una victoria ante Francia en la final que proclamaba campe\u00f3n de Europa a Espa\u00f1a y sumaba los primeros oros del verano. Teijeira sumaba su segunda medalla tras la obtenida en el Mundial U17F.<\/p>\n<p class=\"ft-text\">Posteriormente, fue el <strong>turno de Carlos Elordi y Sergio Palau en el Eurobasket U16M<\/strong>. El camino no fue f\u00e1cil y el partido por el tercer puesto tampoco, pero lo pudieron superar en un <a class=\"ft-link ft-link--decoration\" href=\"https:\/\/www.superdeporte.es\/valencia-basket\/2026\/08\/15\/canteranos-valencia-basket-logran-bronce-eurobasket-u16-133394437.html\" rel=\"nofollow noopener\" target=\"_blank\">ajustado encuentro contra Lituania para conseguir una meritoria medalla de bronce<\/a>.<\/p>\n<p>La guinda, con cuatro oros<\/p>\n<p class=\"ft-text\"><strong>El verano lo cerraba el Eurobasket U16F con la participaci\u00f3n de Paula Reynal, Amelia Alonso, Uki Owie y Anastasia Lishchuk<\/strong>. De nuevo, una tercera parte de la selecci\u00f3n espa\u00f1ola era taronja. Estas dos \u00faltimas de una generaci\u00f3n menos, pero siendo importantes. La selecci\u00f3n espa\u00f1ola no dio opci\u00f3n a ninguno de sus rivales durante todo el torneo y se proclam\u00f3 campe\u00f3n de Europa de una forma m\u00e1s que merecida ante Eslovenia. <a class=\"ft-link ft-link--decoration\" href=\"https:\/\/www.superdeporte.es\/baloncesto\/2026\/08\/22\/paula-reynal-lidera-oro-historico-valencia-basket-133575154.html\" rel=\"nofollow noopener\" target=\"_blank\">Amelia Alonso, que se colgaba su segunda medalla tras la plata del Mundial U17F, fue nombrada MVP<\/a> del torneo e incluida en el quinteto ideal junto a Paula Reynal.<\/p>\n","protected":false},"excerpt":{"rendered":"L\u2019Alqueria del Basket ha cerrado un verano de ensue\u00f1o con la participaci\u00f3n de sus jugadores con la selecci\u00f3n&hellip;\n","protected":false},"author":2,"featured_media":738891,"comment_status":"","ping_status":"","sticky":false,"template":"","format":"standard","meta":{"footnotes":""},"categories":[269],"tags":[10606,299,1918,298,168,25,24,2501,301,23832,18429,16814,1988,3714,23,167,4991,2916],"class_list":["post-738890","post","type-post","status-publish","format-standard","has-post-thumbnail","category-baloncesto","tag-10606","tag-baloncesto","tag-basket","tag-basketball","tag-deportes","tag-es","tag-espana","tag-espanola","tag-eurobasket","tag-l","tag-lalqueria","tag-medallas","tag-seleccion","tag-seleccion-espanola","tag-spain","tag-sports","tag-suma","tag-valencia-basket"],"share_on_mastodon":{"url":"https:\/\/pubeurope.com\/@es\/117185502366386981","error":""},"_links":{"self":[{"href":"https:\/\/www.europesays.com\/es\/wp-json\/wp\/v2\/posts\/738890","targetHints":{"allow":["GET"]}}],"collection":[{"href":"https:\/\/www.europesays.com\/es\/wp-json\/wp\/v2\/posts"}],"about":[{"href":"https:\/\/www.europesays.com\/es\/wp-json\/wp\/v2\/types\/post"}],"author":[{"embeddable":true,"href":"https:\/\/www.europesays.com\/es\/wp-json\/wp\/v2\/users\/2"}],"replies":[{"embeddable":true,"href":"https:\/\/www.europesays.com\/es\/wp-json\/wp\/v2\/comments?post=738890"}],"version-history":[{"count":0,"href":"https:\/\/www.europesays.com\/es\/wp-json\/wp\/v2\/posts\/738890\/revisions"}],"wp:featuredmedia":[{"embeddable":true,"href":"https:\/\/www.europesays.com\/es\/wp-json\/wp\/v2\/media\/738891"}],"wp:attachment":[{"href":"https:\/\/www.europesays.com\/es\/wp-json\/wp\/v2\/media?parent=738890"}],"wp:term":[{"taxonomy":"category","embeddable":true,"href":"https:\/\/www.europesays.com\/es\/wp-json\/wp\/v2\/categories?post=738890"},{"taxonomy":"post_tag","embeddable":true,"href":"https:\/\/www.europesays.com\/es\/wp-json\/wp\/v2\/tags?post=738890"}],"curies":[{"name":"wp","href":"https:\/\/api.w.org\/{rel}","templated":true}]}}