{"id":738896,"date":"2026-08-30T16:57:13","date_gmt":"2026-08-30T16:57:13","guid":{"rendered":"https:\/\/www.europesays.com\/es\/738896\/"},"modified":"2026-08-30T16:57:13","modified_gmt":"2026-08-30T16:57:13","slug":"paz-padilla-cierra-con-orgullo-y-esperanza-su-show-en-telecinco-ojala-el-viento-algun-dia-sople-a-favor","status":"publish","type":"post","link":"https:\/\/www.europesays.com\/es\/738896\/","title":{"rendered":"Paz Padilla cierra con orgullo y esperanza su show en Telecinco: \u00abOjal\u00e1 el viento alg\u00fan d\u00eda sople a favor\u00bb"},"content":{"rendered":"<p class=\"ft-text ft-helper-closenews\">Telecinco ha cerrado esta tarde la ef\u00edmera etapa de <strong>&#8216;El show de Paz&#8217;<\/strong>, el formato producido en colaboraci\u00f3n con Secuoya que ha ocupado la franja estival de la cadena, tras sus bajos datos de audiencia en la tarde del fin de semana. En su \u00faltima entrega, la presentadora ha querido tomarse unos minutos antes de finalizar la emisi\u00f3n para pronunciar una emotiva y reflexiva despedida ante los espectadores, haciendo balance de la experiencia y agradeciendo el trabajo de todo el equipo.<\/p>\n<p class=\"ft-text\">\u00abQuiero decir algo antes de cerrar el programa, algo que aprend\u00ed de Buda. Buda dec\u00eda que basta con tener algo bueno que decir, sino que hay que saber c\u00f3mo decirlo, cuando decirlo y encontrar el lugar adecuado para que pueda ser escuchado\u00bb. <\/p>\n<p class=\"ft-text\">Con estas palabras, la comunicadora reflexionaba sobre el final del formato, detallando el objetivo que se marc\u00f3 el equipo durante los meses estivales: \u00abHoy termina &#8216;El show de Paz&#8217; y he pensado mucho en eso. Durante este verano <strong>hemos intentado hacer algo diferente: <\/strong>entretener, hacer re\u00edr, pero tambi\u00e9n dar visibilidad a las injusticias. Recordar que la televisi\u00f3n tambi\u00e9n est\u00e1 para hacer el bien\u00bb.<\/p>\n<p class=\"ft-text\">Durante su intervenci\u00f3n, la presentadora tampoco ha evitado la autocr\u00edtica sobre el desarrollo del espacio televisivo: \u00ab<strong>\u00bfLo he hecho todo bien? Seguramente, no<\/strong>, pero de lo que no me cabe duda es de que todos hemos puesto lo mejor de nosotros. Un equipo maravilloso, horas de trabajo e ilusi\u00f3n y much\u00edsimo coraz\u00f3n. Quiz\u00e1s, acertamos en el qu\u00e9. El aprendizaje estar\u00e1 en el c\u00f3mo, en el d\u00f3nde y en el cu\u00e1ndo, y <strong>la intenci\u00f3n no siempre garantiza el resultado<\/strong>\u00ab.<\/p>\n<p class=\"ft-text\">A pesar de los retos del formato, la presentadora ha querido poner en valor el motor principal del proyecto: \u00abPero hay algo de lo que estoy segura, <strong>lo intentamos desde el amor y de eso yo s\u00ed me siento profundamente orgullosa<\/strong>. Este programa nos ha hecho pensar que antes de juzgar a una persona, debemos caminar una milla con sus zapatos\u00bb.<\/p>\n<p class=\"ft-text\">El cierre del programa ha servido tambi\u00e9n para los agradecimientos institucionales y personales a todos los pilares que han sostenido el espacio durante el verano: \u00abQuiero dar las gracias a Mediaset, a este equipo, a Secuoya y en especial a todos los que hab\u00e9is venido a contar vuestra historia. Dicen que Dios nos cr\u00eda y el viento nos amontona. <strong>Espero que el viento alg\u00fan d\u00eda sople a favor y nos vuelva a unir.<\/strong> Y como dec\u00eda mi abuela: &#8216;\u00a1si ma\u00f1ana no estoy, que contin\u00fae la fiesta!'\u00bb, ha conluido saltando de alegr\u00eda en el plat\u00f3 mientras sonaba la m\u00fasica para cerrrar el programa. <\/p>\n<p data-close=\"closedContent\" class=\"subscribeHideForDisplay\">Suscr\u00edbete para seguir leyendo<\/p>\n","protected":false},"excerpt":{"rendered":"Telecinco ha cerrado esta tarde la ef\u00edmera etapa de &#8216;El show de Paz&#8217;, el formato producido en colaboraci\u00f3n&hellip;\n","protected":false},"author":2,"featured_media":738897,"comment_status":"","ping_status":"","sticky":false,"template":"","format":"standard","meta":{"footnotes":""},"categories":[171],"tags":[10605,500,146,147,25,24,9572,14269,5602,14744,11506,526,23,692,214,6641],"class_list":["post-738896","post","type-post","status-publish","format-standard","has-post-thumbnail","category-tv","tag-a","tag-cierra","tag-entertainment","tag-entretenimiento","tag-es","tag-espana","tag-esperanza","tag-favor","tag-orgullo","tag-padilla","tag-paz","tag-show","tag-spain","tag-telecinco","tag-tv","tag-viento"],"share_on_mastodon":{"url":"https:\/\/pubeurope.com\/@es\/117185520993768218","error":""},"_links":{"self":[{"href":"https:\/\/www.europesays.com\/es\/wp-json\/wp\/v2\/posts\/738896","targetHints":{"allow":["GET"]}}],"collection":[{"href":"https:\/\/www.europesays.com\/es\/wp-json\/wp\/v2\/posts"}],"about":[{"href":"https:\/\/www.europesays.com\/es\/wp-json\/wp\/v2\/types\/post"}],"author":[{"embeddable":true,"href":"https:\/\/www.europesays.com\/es\/wp-json\/wp\/v2\/users\/2"}],"replies":[{"embeddable":true,"href":"https:\/\/www.europesays.com\/es\/wp-json\/wp\/v2\/comments?post=738896"}],"version-history":[{"count":0,"href":"https:\/\/www.europesays.com\/es\/wp-json\/wp\/v2\/posts\/738896\/revisions"}],"wp:featuredmedia":[{"embeddable":true,"href":"https:\/\/www.europesays.com\/es\/wp-json\/wp\/v2\/media\/738897"}],"wp:attachment":[{"href":"https:\/\/www.europesays.com\/es\/wp-json\/wp\/v2\/media?parent=738896"}],"wp:term":[{"taxonomy":"category","embeddable":true,"href":"https:\/\/www.europesays.com\/es\/wp-json\/wp\/v2\/categories?post=738896"},{"taxonomy":"post_tag","embeddable":true,"href":"https:\/\/www.europesays.com\/es\/wp-json\/wp\/v2\/tags?post=738896"}],"curies":[{"name":"wp","href":"https:\/\/api.w.org\/{rel}","templated":true}]}}